{"id":29268,"date":"2021-01-26T08:46:18","date_gmt":"2021-01-26T07:46:18","guid":{"rendered":"http:\/\/blogs.diariosur.es\/tormentas-y-rayos\/?p=29268"},"modified":"2021-01-27T06:45:03","modified_gmt":"2021-01-27T05:45:03","slug":"andalucia-registra-temperaturas-minimas-muy-altas-malaga-la-que-mas","status":"publish","type":"post","link":"https:\/\/blogs.diariosur.es\/tormentas-y-rayos\/2021\/01\/26\/andalucia-registra-temperaturas-minimas-muy-altas-malaga-la-que-mas\/","title":{"rendered":"Andaluc\u00eda registra temperaturas m\u00ednimas muy altas."},"content":{"rendered":"<p><a href=\"https:\/\/static-blogs.diariosur.es\/wp-content\/uploads\/sites\/12\/2020\/11\/72999690_10217709542349272_7908844429161529344_o.jpg\"><img loading=\"lazy\" class=\"aligncenter size-thumbnail wp-image-28642\" src=\"https:\/\/static-blogs.diariosur.es\/wp-content\/uploads\/sites\/12\/2020\/11\/72999690_10217709542349272_7908844429161529344_o-150x150.jpg\" alt=\"\" width=\"150\" height=\"150\" \/><\/a><\/p>\n<p>Muy buenos d\u00edas, amigos de la meteo. En estos momentos cuando son las siete y media de la ma\u00f1ana, toda Andaluc\u00eda registra temperaturas m\u00ednimas muy por encima de la media. M\u00e1laga capital la m\u00e1s alta. Hace unos 4 d\u00edas no pasabamos de 4 y 6 grados en nuestra comunidad.<\/p>\n<p>&nbsp;<\/p>\n<p><a href=\"https:\/\/static-blogs.diariosur.es\/wp-content\/uploads\/sites\/12\/2021\/01\/Captura-23.jpg\"><img loading=\"lazy\" class=\"aligncenter size-full wp-image-29269\" src=\"https:\/\/static-blogs.diariosur.es\/wp-content\/uploads\/sites\/12\/2021\/01\/Captura-23.jpg\" alt=\"\" width=\"1024\" height=\"778\" srcset=\"https:\/\/static-blogs.diariosur.es\/wp-content\/uploads\/sites\/12\/2021\/01\/Captura-23.jpg 1024w, https:\/\/static-blogs.diariosur.es\/wp-content\/uploads\/sites\/12\/2021\/01\/Captura-23-526x400.jpg 526w, https:\/\/static-blogs.diariosur.es\/wp-content\/uploads\/sites\/12\/2021\/01\/Captura-23-768x584.jpg 768w\" sizes=\"(max-width: 1024px) 100vw, 1024px\" \/><\/a><\/p>\n<p>&nbsp;<\/p>\n<p>Destacando Granada Aeropuerto con 11.3 grados, Baza con 10.8 grados, Ja\u00e9n con 11.7 grados, C\u00f3rdoba Aeropuerto con 13.1 grados, M\u00e1laga 16 grados, Sevilla Aeropuerto 14,7 grados, Huelva 13.4 grados y C\u00e1diz con 15.6 grados. De todas formas en M\u00e1laga capital se han dado en otras ocasiones m\u00ednimas m\u00e1s altas.<\/p>\n<p>Os dejo un momento que voy a fotografiar el amanecer. Tenemos altoc\u00famulus lenticularis.<\/p>\n<p>Ya de vuelta, ha estado precioso.<\/p>\n<p>&nbsp;<\/p>\n<p><a href=\"https:\/\/static-blogs.diariosur.es\/wp-content\/uploads\/sites\/12\/2021\/01\/z-2-e1611646961326.jpg\"><img loading=\"lazy\" class=\"aligncenter size-full wp-image-29270\" src=\"https:\/\/static-blogs.diariosur.es\/wp-content\/uploads\/sites\/12\/2021\/01\/z-2-e1611646961326.jpg\" alt=\"\" width=\"1200\" height=\"800\" \/><\/a><\/p>\n<p>&nbsp;<\/p>\n<p><a href=\"https:\/\/static-blogs.diariosur.es\/wp-content\/uploads\/sites\/12\/2021\/01\/z1-e1611647104874.jpg\"><img loading=\"lazy\" class=\"aligncenter size-full wp-image-29271\" src=\"https:\/\/static-blogs.diariosur.es\/wp-content\/uploads\/sites\/12\/2021\/01\/z1-e1611647104874.jpg\" alt=\"\" width=\"1200\" height=\"532\" \/><\/a><\/p>\n","protected":false},"excerpt":{"rendered":"<p>Muy buenos d\u00edas, amigos de la meteo. En estos momentos cuando son las siete y media de la ma\u00f1ana, toda Andaluc\u00eda registra temperaturas m\u00ednimas muy por encima de la media. M\u00e1laga capital la m\u00e1s alta. Hace unos 4 d\u00edas no pasabamos de 4 y 6 grados en nuestra comunidad. &nbsp; &nbsp; Destacando Granada Aeropuerto con [&hellip;]<\/p>\n","protected":false},"author":16,"featured_media":29271,"comment_status":"open","ping_status":"open","sticky":false,"template":"","format":"standard","meta":[],"categories":[1],"tags":[81,100,212,358,587,660,800,962],"_links":{"self":[{"href":"https:\/\/blogs.diariosur.es\/tormentas-y-rayos\/wp-json\/wp\/v2\/posts\/29268"}],"collection":[{"href":"https:\/\/blogs.diariosur.es\/tormentas-y-rayos\/wp-json\/wp\/v2\/posts"}],"about":[{"href":"https:\/\/blogs.diariosur.es\/tormentas-y-rayos\/wp-json\/wp\/v2\/types\/post"}],"author":[{"embeddable":true,"href":"https:\/\/blogs.diariosur.es\/tormentas-y-rayos\/wp-json\/wp\/v2\/users\/16"}],"replies":[{"embeddable":true,"href":"https:\/\/blogs.diariosur.es\/tormentas-y-rayos\/wp-json\/wp\/v2\/comments?post=29268"}],"version-history":[{"count":3,"href":"https:\/\/blogs.diariosur.es\/tormentas-y-rayos\/wp-json\/wp\/v2\/posts\/29268\/revisions"}],"predecessor-version":[{"id":29282,"href":"https:\/\/blogs.diariosur.es\/tormentas-y-rayos\/wp-json\/wp\/v2\/posts\/29268\/revisions\/29282"}],"wp:featuredmedia":[{"embeddable":true,"href":"https:\/\/blogs.diariosur.es\/tormentas-y-rayos\/wp-json\/wp\/v2\/media\/29271"}],"wp:attachment":[{"href":"https:\/\/blogs.diariosur.es\/tormentas-y-rayos\/wp-json\/wp\/v2\/media?parent=29268"}],"wp:term":[{"taxonomy":"category","embeddable":true,"href":"https:\/\/blogs.diariosur.es\/tormentas-y-rayos\/wp-json\/wp\/v2\/categories?post=29268"},{"taxonomy":"post_tag","embeddable":true,"href":"https:\/\/blogs.diariosur.es\/tormentas-y-rayos\/wp-json\/wp\/v2\/tags?post=29268"}],"curies":[{"name":"wp","href":"https:\/\/api.w.org\/{rel}","templated":true}]}}