{"id":29288,"date":"2021-01-27T09:35:58","date_gmt":"2021-01-27T08:35:58","guid":{"rendered":"http:\/\/blogs.diariosur.es\/tormentas-y-rayos\/?p=29288"},"modified":"2021-01-27T09:35:58","modified_gmt":"2021-01-27T08:35:58","slug":"ultima-hora-el-tiempo-en-espana-el-viernes-llega-la-borrasca-justine","status":"publish","type":"post","link":"https:\/\/blogs.diariosur.es\/tormentas-y-rayos\/2021\/01\/27\/ultima-hora-el-tiempo-en-espana-el-viernes-llega-la-borrasca-justine\/","title":{"rendered":"\u00daltima hora: El tiempo en Espa\u00f1a. El viernes llega la borrasca Justine."},"content":{"rendered":"<p><a href=\"https:\/\/static-blogs.diariosur.es\/wp-content\/uploads\/sites\/12\/2021\/01\/12994479_10207552114859933_1346500259674331485_n.jpg\"><img loading=\"lazy\" class=\"aligncenter size-thumbnail wp-image-29165\" src=\"https:\/\/static-blogs.diariosur.es\/wp-content\/uploads\/sites\/12\/2021\/01\/12994479_10207552114859933_1346500259674331485_n-150x150.jpg\" alt=\"\" width=\"150\" height=\"150\" srcset=\"https:\/\/static-blogs.diariosur.es\/wp-content\/uploads\/sites\/12\/2021\/01\/12994479_10207552114859933_1346500259674331485_n-150x150.jpg 150w, https:\/\/static-blogs.diariosur.es\/wp-content\/uploads\/sites\/12\/2021\/01\/12994479_10207552114859933_1346500259674331485_n-399x400.jpg 399w, https:\/\/static-blogs.diariosur.es\/wp-content\/uploads\/sites\/12\/2021\/01\/12994479_10207552114859933_1346500259674331485_n.jpg 749w\" sizes=\"(max-width: 150px) 100vw, 150px\" \/><\/a><\/p>\n<p>Muy buenos d\u00edas de nuevo, amigos de la meteo. El grupo del suroeste\u00a0formado por los Servicios Meteorol\u00f3gicos Nacionales de Portugal (IPMA), Francia (M\u00e9t\u00e9o-France), B\u00e9lgica (RMI) y Espa\u00f1a (AEMET) acaba de nombrar la d\u00e9cima borrasca que afectar\u00e1 a muchas zonas de Europa, pen\u00ednsula y las Islas Baleares. Se llama Justine y traer\u00e1 consigo a partir del viernes rachas de viento muy fuertes. En cuanto a la lluvia, la m\u00e1s beneficiada ser\u00e1 el noroeste y norte peninsular.<\/p>\n<p>Ma\u00f1ana veremos como afectar\u00e1 a partir del s\u00e1bado a Andaluc\u00eda, pero lo m\u00e1s seguro que lluvia poca pero viento mucho.<\/p>\n<p>Os dejo con el enlace de la nevada de Nerja.<\/p>\n<p><a href=\"https:\/\/blogs.diariosur.es\/tormentas-y-rayos\/2021\/01\/27\/tal-dia-como-hoy-del-ano-2005-nevo-en-nerja-motril-calahonda-almunecar-y-melilla\/\"><strong>TAL D\u00cdA COMO HOY DEL A\u00d1O 2005 NEV\u00d3 EN NERJA<\/strong><\/a><\/p>\n<p>&nbsp;<\/p>\n<p><a href=\"https:\/\/static-blogs.diariosur.es\/wp-content\/uploads\/sites\/12\/2021\/01\/1-13.jpg\"><img loading=\"lazy\" class=\"aligncenter size-full wp-image-29289\" src=\"https:\/\/static-blogs.diariosur.es\/wp-content\/uploads\/sites\/12\/2021\/01\/1-13.jpg\" alt=\"\" width=\"946\" height=\"651\" srcset=\"https:\/\/static-blogs.diariosur.es\/wp-content\/uploads\/sites\/12\/2021\/01\/1-13.jpg 946w, https:\/\/static-blogs.diariosur.es\/wp-content\/uploads\/sites\/12\/2021\/01\/1-13-581x400.jpg 581w, https:\/\/static-blogs.diariosur.es\/wp-content\/uploads\/sites\/12\/2021\/01\/1-13-768x529.jpg 768w\" sizes=\"(max-width: 946px) 100vw, 946px\" \/><\/a> <a href=\"https:\/\/static-blogs.diariosur.es\/wp-content\/uploads\/sites\/12\/2021\/01\/Captura-24.jpg\"><img loading=\"lazy\" class=\"aligncenter size-full wp-image-29290\" src=\"https:\/\/static-blogs.diariosur.es\/wp-content\/uploads\/sites\/12\/2021\/01\/Captura-24.jpg\" alt=\"\" width=\"702\" height=\"594\" srcset=\"https:\/\/static-blogs.diariosur.es\/wp-content\/uploads\/sites\/12\/2021\/01\/Captura-24.jpg 702w, https:\/\/static-blogs.diariosur.es\/wp-content\/uploads\/sites\/12\/2021\/01\/Captura-24-473x400.jpg 473w\" sizes=\"(max-width: 702px) 100vw, 702px\" \/><\/a><\/p>\n","protected":false},"excerpt":{"rendered":"<p>Muy buenos d\u00edas de nuevo, amigos de la meteo. El grupo del suroeste\u00a0formado por los Servicios Meteorol\u00f3gicos Nacionales de Portugal (IPMA), Francia (M\u00e9t\u00e9o-France), B\u00e9lgica (RMI) y Espa\u00f1a (AEMET) acaba de nombrar la d\u00e9cima borrasca que afectar\u00e1 a muchas zonas de Europa, pen\u00ednsula y las Islas Baleares. Se llama Justine y traer\u00e1 consigo a partir del [&hellip;]<\/p>\n","protected":false},"author":16,"featured_media":29289,"comment_status":"open","ping_status":"open","sticky":false,"template":"","format":"standard","meta":[],"categories":[1],"tags":[100,151,167,188,375,485,1557,676,800,1028,1059],"_links":{"self":[{"href":"https:\/\/blogs.diariosur.es\/tormentas-y-rayos\/wp-json\/wp\/v2\/posts\/29288"}],"collection":[{"href":"https:\/\/blogs.diariosur.es\/tormentas-y-rayos\/wp-json\/wp\/v2\/posts"}],"about":[{"href":"https:\/\/blogs.diariosur.es\/tormentas-y-rayos\/wp-json\/wp\/v2\/types\/post"}],"author":[{"embeddable":true,"href":"https:\/\/blogs.diariosur.es\/tormentas-y-rayos\/wp-json\/wp\/v2\/users\/16"}],"replies":[{"embeddable":true,"href":"https:\/\/blogs.diariosur.es\/tormentas-y-rayos\/wp-json\/wp\/v2\/comments?post=29288"}],"version-history":[{"count":1,"href":"https:\/\/blogs.diariosur.es\/tormentas-y-rayos\/wp-json\/wp\/v2\/posts\/29288\/revisions"}],"predecessor-version":[{"id":29291,"href":"https:\/\/blogs.diariosur.es\/tormentas-y-rayos\/wp-json\/wp\/v2\/posts\/29288\/revisions\/29291"}],"wp:featuredmedia":[{"embeddable":true,"href":"https:\/\/blogs.diariosur.es\/tormentas-y-rayos\/wp-json\/wp\/v2\/media\/29289"}],"wp:attachment":[{"href":"https:\/\/blogs.diariosur.es\/tormentas-y-rayos\/wp-json\/wp\/v2\/media?parent=29288"}],"wp:term":[{"taxonomy":"category","embeddable":true,"href":"https:\/\/blogs.diariosur.es\/tormentas-y-rayos\/wp-json\/wp\/v2\/categories?post=29288"},{"taxonomy":"post_tag","embeddable":true,"href":"https:\/\/blogs.diariosur.es\/tormentas-y-rayos\/wp-json\/wp\/v2\/tags?post=29288"}],"curies":[{"name":"wp","href":"https:\/\/api.w.org\/{rel}","templated":true}]}}