{"id":29292,"date":"2021-01-28T08:24:09","date_gmt":"2021-01-28T07:24:09","guid":{"rendered":"http:\/\/blogs.diariosur.es\/tormentas-y-rayos\/?p=29292"},"modified":"2021-01-29T13:55:02","modified_gmt":"2021-01-29T12:55:02","slug":"el-tiempo-en-andalucia-prediccion-viernes-y-fin-de-semana-borrasca-justine-avisos-por-viento","status":"publish","type":"post","link":"https:\/\/blogs.diariosur.es\/tormentas-y-rayos\/2021\/01\/28\/el-tiempo-en-andalucia-prediccion-viernes-y-fin-de-semana-borrasca-justine-avisos-por-viento\/","title":{"rendered":"El tiempo en Andaluc\u00eda. Predicci\u00f3n viernes y fin de semana. Borrasca Justine. Avisos por viento."},"content":{"rendered":"<p><a href=\"https:\/\/static-blogs.diariosur.es\/wp-content\/uploads\/sites\/12\/2021\/01\/12994479_10207552114859933_1346500259674331485_n.jpg\"><img loading=\"lazy\" class=\"aligncenter size-thumbnail wp-image-29165\" src=\"https:\/\/static-blogs.diariosur.es\/wp-content\/uploads\/sites\/12\/2021\/01\/12994479_10207552114859933_1346500259674331485_n-150x150.jpg\" alt=\"\" width=\"150\" height=\"150\" srcset=\"https:\/\/static-blogs.diariosur.es\/wp-content\/uploads\/sites\/12\/2021\/01\/12994479_10207552114859933_1346500259674331485_n-150x150.jpg 150w, https:\/\/static-blogs.diariosur.es\/wp-content\/uploads\/sites\/12\/2021\/01\/12994479_10207552114859933_1346500259674331485_n-399x400.jpg 399w, https:\/\/static-blogs.diariosur.es\/wp-content\/uploads\/sites\/12\/2021\/01\/12994479_10207552114859933_1346500259674331485_n.jpg 749w\" sizes=\"(max-width: 150px) 100vw, 150px\" \/><\/a><\/p>\n<p>Muy buenos d\u00edas, amigos de la meteo. Antes de daros la predicci\u00f3n del fin de semana, os comento que ma\u00f1ana viernes hay probabilidad de terral de invierno en las zonas habituales de nuestra comunidad, que como muchos sab\u00e9is son Estepona, Valle del Guadalhorce, M\u00e1laga capital, V\u00e9lez M\u00e1laga e interior de la provincia de Almer\u00eda. Ma\u00f1ana ampliar\u00e9 esta informaci\u00f3n del terral y os dir\u00e9 cuantas veces desde a\u00f1o 1945 el Aeropuerto de M\u00e1laga ha sobrepasado los 22 grados en Enero. El r\u00e9cord de m\u00e1xima absoluta en M\u00e1laga Aeropuerto esta en 26.8 grados, se dio en el a\u00f1o 1981.<\/p>\n<p>Tambi\u00e9n hay probabilidad que esta pr\u00f3xima madrugada y primeras horas de la ma\u00f1ana tengamos<strong> tar\u00f3<\/strong> en algunos puntos de las costas de Granada y M\u00e1laga, antes de que entre el terral. Ya veremos si el terral llega al aeropuerto o se queda m\u00e1s atr\u00e1s.<\/p>\n<h3><a href=\"https:\/\/blogs.diariosur.es\/tormentas-y-rayos\/2021\/01\/27\/tal-dia-como-hoy-del-ano-2005-nevo-en-nerja-motril-calahonda-almunecar-y-melilla\/\"><strong>Os paso nuevamente el enlace de la nevada en Nerja en el a\u00f1o 2005.<\/strong><\/a><\/h3>\n<h3><span style=\"color: #0000ff;\"><strong>Predicci\u00f3n fin de semana.<\/strong><\/span><\/h3>\n<p>Fot\u00f3n de mi amigo Crist\u00f3bal Gambero. Esta foto servir\u00eda para dar la predicci\u00f3n del s\u00e1bado en muchos puntos de Andaluc\u00eda.<\/p>\n<p>&nbsp;<\/p>\n<p><a href=\"https:\/\/static-blogs.diariosur.es\/wp-content\/uploads\/sites\/12\/2021\/01\/140742745_3604394552942846_8993070702061640468_n.jpg\"><img loading=\"lazy\" class=\"aligncenter size-full wp-image-29294\" src=\"https:\/\/static-blogs.diariosur.es\/wp-content\/uploads\/sites\/12\/2021\/01\/140742745_3604394552942846_8993070702061640468_n.jpg\" alt=\"\" width=\"960\" height=\"642\" srcset=\"https:\/\/static-blogs.diariosur.es\/wp-content\/uploads\/sites\/12\/2021\/01\/140742745_3604394552942846_8993070702061640468_n.jpg 960w, https:\/\/static-blogs.diariosur.es\/wp-content\/uploads\/sites\/12\/2021\/01\/140742745_3604394552942846_8993070702061640468_n-598x400.jpg 598w, https:\/\/static-blogs.diariosur.es\/wp-content\/uploads\/sites\/12\/2021\/01\/140742745_3604394552942846_8993070702061640468_n-768x514.jpg 768w\" sizes=\"(max-width: 960px) 100vw, 960px\" \/><\/a><\/p>\n<h3><\/h3>\n<h3><span style=\"color: #ff0000;\"><strong>Predicci\u00f3n s\u00e1bado de 30 de Enero.<\/strong><\/span><\/h3>\n<p>La borrasca Justine se situar\u00e1 al noroeste de Galicia con una presi\u00f3n de 980 mb. Lleva un frente fr\u00edo asociado, que puede dejar algunas precipitaciones, siendo m\u00e1s probables en la zona de Grazalema, Estrecho, Ceuta, Sierras B\u00e9ticas y zona m\u00e1s occidental de la provincia de M\u00e1laga. Situaci\u00f3n parecida a cuando paso Ignacio.<\/p>\n<p>El principal protagonista ser\u00e1 el viento,\u00a0 soplar\u00e1 con rachas fuertes en Andaluc\u00eda oriental, costa mediterr\u00e1nea y zonas altas monta\u00f1osas. La aemet ya ha sacado avisos por viento y olas en las provincias de Almer\u00eda, Granada y Ja\u00e9n. Lo m\u00e1s seguro es que tambi\u00e9n se activen para el s\u00e1bado y el domingo en algunos puntos de la provincia de M\u00e1laga.<\/p>\n<p>Mucha precauci\u00f3n si sal\u00eds a faenar por el Mar de Albor\u00e1n.<\/p>\n<p>En cuanto a las temperaturas m\u00e1ximas y m\u00ednimas seguir\u00e1n estando por encima de la media.<\/p>\n<p>Os paso las temperaturas m\u00e1ximas y m\u00ednimas que prev\u00e9 la aemet.<\/p>\n<p>&nbsp;<\/p>\n<p><a href=\"https:\/\/static-blogs.diariosur.es\/wp-content\/uploads\/sites\/12\/2021\/01\/1-14.jpg\"><img loading=\"lazy\" class=\"aligncenter size-full wp-image-29295\" src=\"https:\/\/static-blogs.diariosur.es\/wp-content\/uploads\/sites\/12\/2021\/01\/1-14.jpg\" alt=\"\" width=\"701\" height=\"547\" srcset=\"https:\/\/static-blogs.diariosur.es\/wp-content\/uploads\/sites\/12\/2021\/01\/1-14.jpg 701w, https:\/\/static-blogs.diariosur.es\/wp-content\/uploads\/sites\/12\/2021\/01\/1-14-513x400.jpg 513w\" sizes=\"(max-width: 701px) 100vw, 701px\" \/><\/a><\/p>\n<h3><\/h3>\n<h3><span style=\"color: #ff0000;\"><strong>Predicci\u00f3n 31 de Enero.<\/strong><\/span><\/h3>\n<p>Las rachas muy fuertes de viento seguir\u00e1n de protagonistas, siendo m\u00e1s probables en el litoral mediterr\u00e1neo, y zonas altas de las provincias de Almer\u00eda, Ja\u00e9n, y Granada.<\/p>\n<p>En cuanto a la probabilidad de precipitaciones es muy baja en toda la comunidad.<\/p>\n<p>Estas son las temperaturas m\u00e1ximas y m\u00ednimas que prev\u00e9 la aemet. Como pod\u00e9is apreciar por encima de la media.<\/p>\n<p>&nbsp;<\/p>\n<p><a href=\"https:\/\/static-blogs.diariosur.es\/wp-content\/uploads\/sites\/12\/2021\/01\/ttttt.jpg\"><img loading=\"lazy\" class=\"aligncenter size-full wp-image-29296\" src=\"https:\/\/static-blogs.diariosur.es\/wp-content\/uploads\/sites\/12\/2021\/01\/ttttt.jpg\" alt=\"\" width=\"697\" height=\"544\" srcset=\"https:\/\/static-blogs.diariosur.es\/wp-content\/uploads\/sites\/12\/2021\/01\/ttttt.jpg 697w, https:\/\/static-blogs.diariosur.es\/wp-content\/uploads\/sites\/12\/2021\/01\/ttttt-513x400.jpg 513w\" sizes=\"(max-width: 697px) 100vw, 697px\" \/><\/a><\/p>\n<p>&nbsp;<\/p>\n<p>Nos vemos ma\u00f1ana amigos de la meteo.<\/p>\n","protected":false},"excerpt":{"rendered":"<p>Muy buenos d\u00edas, amigos de la meteo. Antes de daros la predicci\u00f3n del fin de semana, os comento que ma\u00f1ana viernes hay probabilidad de terral de invierno en las zonas habituales de nuestra comunidad, que como muchos sab\u00e9is son Estepona, Valle del Guadalhorce, M\u00e1laga capital, V\u00e9lez M\u00e1laga e interior de la provincia de Almer\u00eda. Ma\u00f1ana [&hellip;]<\/p>\n","protected":false},"author":16,"featured_media":29294,"comment_status":"open","ping_status":"open","sticky":false,"template":"","format":"standard","meta":[],"categories":[1],"tags":[100,151,188,309,1525,410,1557,587,676,800,902,945,1059],"_links":{"self":[{"href":"https:\/\/blogs.diariosur.es\/tormentas-y-rayos\/wp-json\/wp\/v2\/posts\/29292"}],"collection":[{"href":"https:\/\/blogs.diariosur.es\/tormentas-y-rayos\/wp-json\/wp\/v2\/posts"}],"about":[{"href":"https:\/\/blogs.diariosur.es\/tormentas-y-rayos\/wp-json\/wp\/v2\/types\/post"}],"author":[{"embeddable":true,"href":"https:\/\/blogs.diariosur.es\/tormentas-y-rayos\/wp-json\/wp\/v2\/users\/16"}],"replies":[{"embeddable":true,"href":"https:\/\/blogs.diariosur.es\/tormentas-y-rayos\/wp-json\/wp\/v2\/comments?post=29292"}],"version-history":[{"count":5,"href":"https:\/\/blogs.diariosur.es\/tormentas-y-rayos\/wp-json\/wp\/v2\/posts\/29292\/revisions"}],"predecessor-version":[{"id":29300,"href":"https:\/\/blogs.diariosur.es\/tormentas-y-rayos\/wp-json\/wp\/v2\/posts\/29292\/revisions\/29300"}],"wp:featuredmedia":[{"embeddable":true,"href":"https:\/\/blogs.diariosur.es\/tormentas-y-rayos\/wp-json\/wp\/v2\/media\/29294"}],"wp:attachment":[{"href":"https:\/\/blogs.diariosur.es\/tormentas-y-rayos\/wp-json\/wp\/v2\/media?parent=29292"}],"wp:term":[{"taxonomy":"category","embeddable":true,"href":"https:\/\/blogs.diariosur.es\/tormentas-y-rayos\/wp-json\/wp\/v2\/categories?post=29292"},{"taxonomy":"post_tag","embeddable":true,"href":"https:\/\/blogs.diariosur.es\/tormentas-y-rayos\/wp-json\/wp\/v2\/tags?post=29292"}],"curies":[{"name":"wp","href":"https:\/\/api.w.org\/{rel}","templated":true}]}}