{"id":29301,"date":"2021-01-29T19:55:09","date_gmt":"2021-01-29T18:55:09","guid":{"rendered":"http:\/\/blogs.diariosur.es\/tormentas-y-rayos\/?p=29301"},"modified":"2021-01-29T19:56:02","modified_gmt":"2021-01-29T18:56:02","slug":"borrasca-justine-aviso-rojo-y-naranja-por-olas-y-viento-prediccion-del-tiempo-en-espana","status":"publish","type":"post","link":"https:\/\/blogs.diariosur.es\/tormentas-y-rayos\/2021\/01\/29\/borrasca-justine-aviso-rojo-y-naranja-por-olas-y-viento-prediccion-del-tiempo-en-espana\/","title":{"rendered":"Borrasca Justine. Aviso rojo y naranja por olas y viento. Predicci\u00f3n del tiempo en Espa\u00f1a."},"content":{"rendered":"<p><a href=\"https:\/\/static-blogs.diariosur.es\/wp-content\/uploads\/sites\/12\/2020\/11\/72999690_10217709542349272_7908844429161529344_o.jpg\"><img loading=\"lazy\" class=\"aligncenter size-thumbnail wp-image-28642\" src=\"https:\/\/static-blogs.diariosur.es\/wp-content\/uploads\/sites\/12\/2020\/11\/72999690_10217709542349272_7908844429161529344_o-150x150.jpg\" alt=\"\" width=\"150\" height=\"150\" \/><\/a><\/p>\n<p>Muy buenas noches, amigos de la meteo. Con el blog arreglado, os doy la \u00faltima hora de la borrasca Justine.<\/p>\n<p>Empezaremos con una imagen en infrarrojo del sat\u00e9lite eumetsat donde se ve Justine en pleno apogeo. Fuente meteogalicia<\/p>\n<p>&nbsp;<\/p>\n<p><a href=\"https:\/\/static-blogs.diariosur.es\/wp-content\/uploads\/sites\/12\/2021\/01\/webexterna_ColorIR87_18-00.jpg\"><img loading=\"lazy\" class=\"aligncenter size-full wp-image-29302\" src=\"https:\/\/static-blogs.diariosur.es\/wp-content\/uploads\/sites\/12\/2021\/01\/webexterna_ColorIR87_18-00.jpg\" alt=\"\" width=\"750\" height=\"518\" srcset=\"https:\/\/static-blogs.diariosur.es\/wp-content\/uploads\/sites\/12\/2021\/01\/webexterna_ColorIR87_18-00.jpg 750w, https:\/\/static-blogs.diariosur.es\/wp-content\/uploads\/sites\/12\/2021\/01\/webexterna_ColorIR87_18-00-579x400.jpg 579w\" sizes=\"(max-width: 750px) 100vw, 750px\" \/><\/a><\/p>\n<p>&nbsp;<\/p>\n<p>O\u00a0esta otra imagen de vapor de agua de hace unas horas que tambi\u00e9n impresiona por el ojito.<\/p>\n<p>&nbsp;<\/p>\n<p><a href=\"https:\/\/static-blogs.diariosur.es\/wp-content\/uploads\/sites\/12\/2021\/01\/144211726_10221771583657766_7258177190417887413_n.jpg\"><img loading=\"lazy\" class=\"aligncenter size-full wp-image-29303\" src=\"https:\/\/static-blogs.diariosur.es\/wp-content\/uploads\/sites\/12\/2021\/01\/144211726_10221771583657766_7258177190417887413_n.jpg\" alt=\"\" width=\"750\" height=\"518\" srcset=\"https:\/\/static-blogs.diariosur.es\/wp-content\/uploads\/sites\/12\/2021\/01\/144211726_10221771583657766_7258177190417887413_n.jpg 750w, https:\/\/static-blogs.diariosur.es\/wp-content\/uploads\/sites\/12\/2021\/01\/144211726_10221771583657766_7258177190417887413_n-579x400.jpg 579w\" sizes=\"(max-width: 750px) 100vw, 750px\" \/><\/a><\/p>\n<p>&nbsp;<\/p>\n<h3><span style=\"color: #0000ff;\"><strong>La aemet ha sacado esta nota informativa.<\/strong><\/span><\/h3>\n<p><strong>Temporal mar\u00edtimo y de viento<\/strong><\/p>\n<p>Se est\u00e1 profundizando en el Atl\u00e1ntico la borrasca Justine, nombrada por el Instituto Portugu\u00eas do Mar e da Atmosfera (IPMA), al mismo tiempo que se dirige hacia el \u00e1rea mar\u00edtima del Cant\u00e1brico<br \/>\ny del oeste de Francia. Se espera que esta borrasca provoque un fuerte temporal de mar y viento en el Cant\u00e1brico, que ir\u00e1 traslad\u00e1ndose r\u00e1pidamente de oeste a este, inici\u00e1ndose en las costas<br \/>\noeste y noroeste de A Coru\u00f1a en la ma\u00f1ana del s\u00e1bado y continuando en el Pa\u00eds Vasco durante el domingo, con oleajes que superar\u00e1n los 8 metros.<\/p>\n<p>Los mayores oleajes en A Coru\u00f1a y Asturias se esperan en las horas de pleamar de la tarde del s\u00e1bado; y en Cantabria y Pa\u00eds Vasco se esperan en las horas de pleamar de la madrugada del domingo. A partir de las \u00faltimas horas de hoy, comenzar\u00e1 a penetrar por el noroeste de la Pen\u00ednsula un frente fr\u00edo asociado a la borrasca Justine, produciendo precipitaciones que podr\u00edan ser<br \/>\nlocalmente fuertes y persistentes al oeste de Galicia. Lo m\u00e1s significativo ser\u00e1 el viento, con rachas muy fuertes, entre 70 y 90km\/h, que hoy afectar\u00e1n a Galicia y sur de Asturias.<br \/>\nEl progresivo desplazamiento de la borrasca a lo largo de ma\u00f1ana s\u00e1bado, producir\u00e1 un fuerte gradiente de presi\u00f3n sobre el Cant\u00e1brico, lo que provocar\u00e1 vientos muy fuertes de componente<br \/>\noeste por la ma\u00f1ana en puntos del litoral cant\u00e1brico, especialmente en cabos y promontorios donde el viento podr\u00e1 superar los 100 km\/h. Posteriormente los intensos vientos se ir\u00e1n<br \/>\ndesplazando a zonas monta\u00f1osas del interior y este peninsular, litoral mediterr\u00e1neo y Baleares.<br \/>\nLo m\u00e1s significativo ser\u00e1 el fuerte temporal mar\u00edtimo en el Cant\u00e1brico, donde a partir del mediod\u00eda los vientos podr\u00edan alcanzar fuerza 9, con oleaje que es probable que supere los 8-9<br \/>\nmetros de altura. Estas condiciones ir\u00e1n traslad\u00e1ndose r\u00e1pidamente de oeste a este por el Cant\u00e1brico coincidiendo durante la tarde del s\u00e1bado con la pleamar, por lo que se ver\u00e1n<br \/>\nreforzadas. Se espera tambi\u00e9n temporal de mar en el litoral oriental andaluz, Melilla y en Baleares, con vientos del oeste fuerza 8 y olas de 3 a 4 metros. Adem\u00e1s, est\u00e1 prevista una<br \/>\nbajada de la cota de nieve desde primeras horas del d\u00eda, por lo que el paso del frente dejar\u00e1 nevadas en zonas de monta\u00f1a, especialmente intensas en Pirineos, donde se podr\u00edan acumular<br \/>\nm\u00e1s de 20 cm en 24 horas en el Pirineo oscense por encima de los 1100-1200 metros.<br \/>\nEl domingo, el viento ir\u00e1 amainando igualmente de oeste a este, aunque todav\u00eda se esperan para este d\u00eda vientos muy fuertes en el Cant\u00e1brico, el interior este y en el norte del \u00e1rea mediterr\u00e1nea.<br \/>\nEl temporal mar\u00edtimo persistir\u00e1 en el Cant\u00e1brico y mar de Albor\u00e1n durante todo el d\u00eda, siendo especialmente fuerte en los litorales de Cantabria y Pa\u00eds Vasco durante la primera parte del d\u00eda.<br \/>\nSe siguen esperando acumulaciones importantes de nieve en el Pirineo oscense durante la primera mitad de la jornada.<br \/>\nSe espera que el temporal de mar en el Cant\u00e1brico empiece a remitir en la segunda mitad del lunes.<\/p>\n<p>Fot\u00f3n de mi amigo Jose. A. Gallego en Santander. Impresionante la ola chocando en la Isla de Mouro.<\/p>\n<p>&nbsp;<\/p>\n<p><a href=\"https:\/\/static-blogs.diariosur.es\/wp-content\/uploads\/sites\/12\/2021\/01\/143766129_10221775026423833_2476032205194610226_o.jpg\"><img loading=\"lazy\" class=\"aligncenter size-full wp-image-29306\" src=\"https:\/\/static-blogs.diariosur.es\/wp-content\/uploads\/sites\/12\/2021\/01\/143766129_10221775026423833_2476032205194610226_o.jpg\" alt=\"\" width=\"1000\" height=\"700\" srcset=\"https:\/\/static-blogs.diariosur.es\/wp-content\/uploads\/sites\/12\/2021\/01\/143766129_10221775026423833_2476032205194610226_o.jpg 1000w, https:\/\/static-blogs.diariosur.es\/wp-content\/uploads\/sites\/12\/2021\/01\/143766129_10221775026423833_2476032205194610226_o-571x400.jpg 571w, https:\/\/static-blogs.diariosur.es\/wp-content\/uploads\/sites\/12\/2021\/01\/143766129_10221775026423833_2476032205194610226_o-768x538.jpg 768w\" sizes=\"(max-width: 1000px) 100vw, 1000px\" \/><\/a><\/p>\n<p>&nbsp;<\/p>\n<p>Os paso los avisos por olas y viento para ma\u00f1ana s\u00e1bado y domingo. Destacar el aviso por fen\u00f3menos costeros en el norte, las olas pueden alcanzar los 9 y 10 metros.<\/p>\n<p>En Andaluc\u00eda el viento y las olas tambi\u00e9n ser\u00e1n protagonistas. En la costa de M\u00e1laga viento del oeste fuerza 7.<\/p>\n<p>Fuente Aemet<\/p>\n<p>&nbsp;<\/p>\n<p><a href=\"https:\/\/static-blogs.diariosur.es\/wp-content\/uploads\/sites\/12\/2021\/01\/sabado-1.jpg\"><img loading=\"lazy\" class=\"aligncenter size-full wp-image-29305\" src=\"https:\/\/static-blogs.diariosur.es\/wp-content\/uploads\/sites\/12\/2021\/01\/sabado-1.jpg\" alt=\"\" width=\"696\" height=\"546\" srcset=\"https:\/\/static-blogs.diariosur.es\/wp-content\/uploads\/sites\/12\/2021\/01\/sabado-1.jpg 696w, https:\/\/static-blogs.diariosur.es\/wp-content\/uploads\/sites\/12\/2021\/01\/sabado-1-510x400.jpg 510w\" sizes=\"(max-width: 696px) 100vw, 696px\" \/><\/a><\/p>\n<p>&nbsp;<\/p>\n<p><a href=\"https:\/\/static-blogs.diariosur.es\/wp-content\/uploads\/sites\/12\/2021\/01\/domingo-2.jpg\"><img loading=\"lazy\" class=\"aligncenter size-full wp-image-29307\" src=\"https:\/\/static-blogs.diariosur.es\/wp-content\/uploads\/sites\/12\/2021\/01\/domingo-2.jpg\" alt=\"\" width=\"702\" height=\"547\" srcset=\"https:\/\/static-blogs.diariosur.es\/wp-content\/uploads\/sites\/12\/2021\/01\/domingo-2.jpg 702w, https:\/\/static-blogs.diariosur.es\/wp-content\/uploads\/sites\/12\/2021\/01\/domingo-2-513x400.jpg 513w\" sizes=\"(max-width: 702px) 100vw, 702px\" \/><\/a><\/p>\n<p>&nbsp;<\/p>\n<p>Y poco m\u00e1s que contar, ma\u00f1ana hablaremos del terral de hoy viernes y si al final hemos batido el r\u00e9cord absoluto de temperatura m\u00e1xima, en una estaci\u00f3n si y en otra no.<\/p>\n<p>Os pongo unas fotos de una garceta que he fotografiado pescando en la piedra de la playa de la misericordia. Al final en pleno vuelo el pez se escapo.<\/p>\n<p>&nbsp;<\/p>\n<p><a href=\"https:\/\/static-blogs.diariosur.es\/wp-content\/uploads\/sites\/12\/2021\/01\/G1-e1611946162404.jpg\"><img loading=\"lazy\" class=\"aligncenter size-full wp-image-29308\" src=\"https:\/\/static-blogs.diariosur.es\/wp-content\/uploads\/sites\/12\/2021\/01\/G1-e1611946162404.jpg\" alt=\"\" width=\"1200\" height=\"800\" \/><\/a><\/p>\n<p>&nbsp;<\/p>\n<p><a href=\"https:\/\/static-blogs.diariosur.es\/wp-content\/uploads\/sites\/12\/2021\/01\/G22-e1611946269871.jpg\"><img loading=\"lazy\" class=\"aligncenter size-full wp-image-29309\" src=\"https:\/\/static-blogs.diariosur.es\/wp-content\/uploads\/sites\/12\/2021\/01\/G22-e1611946269871.jpg\" alt=\"\" width=\"1200\" height=\"800\" \/><\/a><\/p>\n<p>&nbsp;<\/p>\n<p><a href=\"https:\/\/static-blogs.diariosur.es\/wp-content\/uploads\/sites\/12\/2021\/01\/G5-e1611946350794.jpg\"><img loading=\"lazy\" class=\"aligncenter size-full wp-image-29310\" src=\"https:\/\/static-blogs.diariosur.es\/wp-content\/uploads\/sites\/12\/2021\/01\/G5-e1611946350794.jpg\" alt=\"\" width=\"1200\" height=\"800\" \/><\/a><\/p>\n","protected":false},"excerpt":{"rendered":"<p>Muy buenas noches, amigos de la meteo. Con el blog arreglado, os doy la \u00faltima hora de la borrasca Justine. Empezaremos con una imagen en infrarrojo del sat\u00e9lite eumetsat donde se ve Justine en pleno apogeo. Fuente meteogalicia &nbsp; &nbsp; O\u00a0esta otra imagen de vapor de agua de hace unas horas que tambi\u00e9n impresiona por [&hellip;]<\/p>\n","protected":false},"author":16,"featured_media":29306,"comment_status":"open","ping_status":"open","sticky":false,"template":"","format":"standard","meta":[],"categories":[1],"tags":[100,151,188,1525,358,375,1557,676,736,800,872,945,1059],"_links":{"self":[{"href":"https:\/\/blogs.diariosur.es\/tormentas-y-rayos\/wp-json\/wp\/v2\/posts\/29301"}],"collection":[{"href":"https:\/\/blogs.diariosur.es\/tormentas-y-rayos\/wp-json\/wp\/v2\/posts"}],"about":[{"href":"https:\/\/blogs.diariosur.es\/tormentas-y-rayos\/wp-json\/wp\/v2\/types\/post"}],"author":[{"embeddable":true,"href":"https:\/\/blogs.diariosur.es\/tormentas-y-rayos\/wp-json\/wp\/v2\/users\/16"}],"replies":[{"embeddable":true,"href":"https:\/\/blogs.diariosur.es\/tormentas-y-rayos\/wp-json\/wp\/v2\/comments?post=29301"}],"version-history":[{"count":2,"href":"https:\/\/blogs.diariosur.es\/tormentas-y-rayos\/wp-json\/wp\/v2\/posts\/29301\/revisions"}],"predecessor-version":[{"id":29311,"href":"https:\/\/blogs.diariosur.es\/tormentas-y-rayos\/wp-json\/wp\/v2\/posts\/29301\/revisions\/29311"}],"wp:featuredmedia":[{"embeddable":true,"href":"https:\/\/blogs.diariosur.es\/tormentas-y-rayos\/wp-json\/wp\/v2\/media\/29306"}],"wp:attachment":[{"href":"https:\/\/blogs.diariosur.es\/tormentas-y-rayos\/wp-json\/wp\/v2\/media?parent=29301"}],"wp:term":[{"taxonomy":"category","embeddable":true,"href":"https:\/\/blogs.diariosur.es\/tormentas-y-rayos\/wp-json\/wp\/v2\/categories?post=29301"},{"taxonomy":"post_tag","embeddable":true,"href":"https:\/\/blogs.diariosur.es\/tormentas-y-rayos\/wp-json\/wp\/v2\/tags?post=29301"}],"curies":[{"name":"wp","href":"https:\/\/api.w.org\/{rel}","templated":true}]}}