{"id":29312,"date":"2021-01-30T09:39:34","date_gmt":"2021-01-30T08:39:34","guid":{"rendered":"http:\/\/blogs.diariosur.es\/tormentas-y-rayos\/?p=29312"},"modified":"2021-01-30T09:39:34","modified_gmt":"2021-01-30T08:39:34","slug":"el-tiempo-en-malaga-se-batio-el-extremo-absoluto-de-temperatura-maxima-no-y-si","status":"publish","type":"post","link":"https:\/\/blogs.diariosur.es\/tormentas-y-rayos\/2021\/01\/30\/el-tiempo-en-malaga-se-batio-el-extremo-absoluto-de-temperatura-maxima-no-y-si\/","title":{"rendered":"El tiempo en M\u00e1laga. \u00bf Se bati\u00f3 el extremo absoluto de temperatura m\u00e1xima ? No y si."},"content":{"rendered":"<p><a href=\"https:\/\/static-blogs.diariosur.es\/wp-content\/uploads\/sites\/12\/2020\/11\/72999690_10217709542349272_7908844429161529344_o.jpg\"><img loading=\"lazy\" class=\"aligncenter size-thumbnail wp-image-28642\" src=\"https:\/\/static-blogs.diariosur.es\/wp-content\/uploads\/sites\/12\/2020\/11\/72999690_10217709542349272_7908844429161529344_o-150x150.jpg\" alt=\"\" width=\"150\" height=\"150\" \/><\/a><\/p>\n<p>Muy buenos d\u00edas ventosos, amigos de la meteo. No os com\u00e1is mucho el coco con la pregunta y las respuestas, tiene su explicaci\u00f3n.<\/p>\n<p>Ayer viernes no batimos el valor <strong>extremo absoluto<\/strong> de temperatura m\u00e1xima en el periodo 1943-2020 del Aeropuerto de M\u00e1laga, que son 26.8 grados un 21 de Enero del 1981. Esta estaci\u00f3n es la que se toma como referencia por tener datos m\u00e1s antiguos. El aeropuerto registro ayer viernes 26 grados.<\/p>\n<p>En cambio, en el Centro Meteorol\u00f3gico Territorial de M\u00e1laga, que esta cerca del\u00a0 Hospital Universitario Virgen de la Victoria, registraron la temperatura m\u00e1s alta desde que tienen registros desde el 1985 con 27.4 grados. En esta estaci\u00f3n si supero los 26.8 grados del 1981.\u00a0 La estaci\u00f3n del Puerto llego a ayer a 26.7 grados, temperatura m\u00e1s alta desde que esta en funcionamiento.<\/p>\n<p>Os voy a pasar una serie de datos de temperaturas m\u00e1ximas que hemos tenido en el Aeropuerto de M\u00e1laga en un mes de Enero. En muchas ocasiones se han pasado de 22 grados, hasta llegar a 26.8. Y en muchas otras ocasiones temperaturas de 20 , 21, y 22 grados. Vivimos en el para\u00edso.<\/p>\n<p><strong>Os paso las m\u00e1s significativas<\/strong>.<\/p>\n<p><strong>1948 Enero <span style=\"color: #0000ff;\">22.6 grados<\/span><\/strong><\/p>\n<p><strong>1951 Enero <span style=\"color: #0000ff;\">22.4 grados<\/span><\/strong><\/p>\n<p><strong>1953 Enero <span style=\"color: #0000ff;\">23.8 grados<\/span><\/strong><\/p>\n<p><strong>1955 Enero <span style=\"color: #0000ff;\">22.4 grados<\/span><\/strong><\/p>\n<p><strong>1958 Enero\u00a0 <span style=\"color: #0000ff;\">22.2 grados<\/span><\/strong><\/p>\n<p><strong>1961 Enero <span style=\"color: #ff0000;\">25 grados<\/span><\/strong><\/p>\n<p><strong>1960 Enero <span style=\"color: #0000ff;\">23 grados<\/span><\/strong><\/p>\n<p><strong>1966 Enero <span style=\"color: #ff0000;\">25 grados<\/span><\/strong><\/p>\n<p><strong>1967 Enero 22 grados<\/strong><\/p>\n<p><strong>1968 Enero<span style=\"color: #ff0000;\"> 26 grados<\/span><\/strong><\/p>\n<p><strong>1981 Enero\u00a0 <span style=\"color: #ff00ff;\">26.8 grados<\/span><\/strong><\/p>\n<p><strong>1982 Enero\u00a0 <span style=\"color: #ff0000;\">24.6 grados<\/span><\/strong><\/p>\n<p><strong>1983 Enero\u00a0 <span style=\"color: #ff0000;\">25.6 grados<\/span><\/strong><\/p>\n<p><strong>1999 Enero <span style=\"color: #ff0000;\">24.2 grados<\/span><\/strong><\/p>\n<p><strong>2004 Enero <span style=\"color: #0000ff;\">22.8 grados<\/span><\/strong><\/p>\n<p><strong>2005 Enero <span style=\"color: #0000ff;\">23 grados<\/span><\/strong><\/p>\n<p><strong>2009 Enero <span style=\"color: #0000ff;\">22.2 grados<\/span><\/strong><\/p>\n<p><strong>2012 Enero <span style=\"color: #ff0000;\">25.8 grados<\/span><\/strong><\/p>\n<p>Os comento tambi\u00e9n, que\u00a0mi\u00e9rcoles 27 de enero la estaci\u00f3n de M\u00e1laga Aeropuerto supero el valor extremo de m\u00ednima m\u00e1s alta del periodo 1981-2010 con una temperatura m\u00ednima de 15.9 grados, el anterior r\u00e9cord estaba en 15 grados como pod\u00e9is ver en la captura de pantalla. Fuente aemet.<br \/>\nEl valor extremo absoluto a\u00fan no se ha batido desde que se tienen registros en el aeropuerto, en a\u00f1o 1955 se lleg\u00f3 a 16.4 grados.<\/p>\n<p>En esa tabla se pueden ver otros valores que se han batido en Espa\u00f1a.<\/p>\n<p><a href=\"https:\/\/static-blogs.diariosur.es\/wp-content\/uploads\/sites\/12\/2021\/01\/1-15.jpg\"><img loading=\"lazy\" class=\"aligncenter size-full wp-image-29314\" src=\"https:\/\/static-blogs.diariosur.es\/wp-content\/uploads\/sites\/12\/2021\/01\/1-15.jpg\" alt=\"\" width=\"986\" height=\"523\" srcset=\"https:\/\/static-blogs.diariosur.es\/wp-content\/uploads\/sites\/12\/2021\/01\/1-15.jpg 986w, https:\/\/static-blogs.diariosur.es\/wp-content\/uploads\/sites\/12\/2021\/01\/1-15-640x339.jpg 640w, https:\/\/static-blogs.diariosur.es\/wp-content\/uploads\/sites\/12\/2021\/01\/1-15-768x407.jpg 768w\" sizes=\"(max-width: 986px) 100vw, 986px\" \/><\/a><\/p>\n<p>El jueves Y EL VIERNES tambi\u00e9n se han batido r\u00e9cords de temperaturas m\u00e1ximas y m\u00ednimas m\u00e1s altas, parece mentira que hace 10 d\u00edas muchas zonas de la pen\u00ednsula estaban bajo cero y se bat\u00edan r\u00e9cords por bajas temperaturas.<\/p>\n<p><a href=\"https:\/\/static-blogs.diariosur.es\/wp-content\/uploads\/sites\/12\/2021\/01\/2-9.jpg\"><img loading=\"lazy\" class=\"aligncenter size-full wp-image-29315\" src=\"https:\/\/static-blogs.diariosur.es\/wp-content\/uploads\/sites\/12\/2021\/01\/2-9.jpg\" alt=\"\" width=\"977\" height=\"892\" srcset=\"https:\/\/static-blogs.diariosur.es\/wp-content\/uploads\/sites\/12\/2021\/01\/2-9.jpg 977w, https:\/\/static-blogs.diariosur.es\/wp-content\/uploads\/sites\/12\/2021\/01\/2-9-438x400.jpg 438w, https:\/\/static-blogs.diariosur.es\/wp-content\/uploads\/sites\/12\/2021\/01\/2-9-768x701.jpg 768w\" sizes=\"(max-width: 977px) 100vw, 977px\" \/><\/a> <a href=\"https:\/\/static-blogs.diariosur.es\/wp-content\/uploads\/sites\/12\/2021\/01\/t1.jpg\"><img loading=\"lazy\" class=\"aligncenter size-full wp-image-29316\" src=\"https:\/\/static-blogs.diariosur.es\/wp-content\/uploads\/sites\/12\/2021\/01\/t1.jpg\" alt=\"\" width=\"966\" height=\"351\" srcset=\"https:\/\/static-blogs.diariosur.es\/wp-content\/uploads\/sites\/12\/2021\/01\/t1.jpg 966w, https:\/\/static-blogs.diariosur.es\/wp-content\/uploads\/sites\/12\/2021\/01\/t1-640x233.jpg 640w, https:\/\/static-blogs.diariosur.es\/wp-content\/uploads\/sites\/12\/2021\/01\/t1-768x279.jpg 768w\" sizes=\"(max-width: 966px) 100vw, 966px\" \/><\/a><\/p>\n<p>Destacar Ja\u00e9n que bati\u00f3 el valor extremo absoluto de temperatura m\u00e1xima.<\/p>\n<p><a href=\"https:\/\/static-blogs.diariosur.es\/wp-content\/uploads\/sites\/12\/2021\/01\/T.jpg\"><img loading=\"lazy\" class=\"aligncenter size-full wp-image-29318\" src=\"https:\/\/static-blogs.diariosur.es\/wp-content\/uploads\/sites\/12\/2021\/01\/T.jpg\" alt=\"\" width=\"974\" height=\"862\" srcset=\"https:\/\/static-blogs.diariosur.es\/wp-content\/uploads\/sites\/12\/2021\/01\/T.jpg 974w, https:\/\/static-blogs.diariosur.es\/wp-content\/uploads\/sites\/12\/2021\/01\/T-452x400.jpg 452w, https:\/\/static-blogs.diariosur.es\/wp-content\/uploads\/sites\/12\/2021\/01\/T-768x680.jpg 768w\" sizes=\"(max-width: 974px) 100vw, 974px\" \/><\/a> <a href=\"https:\/\/static-blogs.diariosur.es\/wp-content\/uploads\/sites\/12\/2021\/01\/t1-1.jpg\"><img loading=\"lazy\" class=\"aligncenter size-full wp-image-29319\" src=\"https:\/\/static-blogs.diariosur.es\/wp-content\/uploads\/sites\/12\/2021\/01\/t1-1.jpg\" alt=\"\" width=\"966\" height=\"351\" srcset=\"https:\/\/static-blogs.diariosur.es\/wp-content\/uploads\/sites\/12\/2021\/01\/t1-1.jpg 966w, https:\/\/static-blogs.diariosur.es\/wp-content\/uploads\/sites\/12\/2021\/01\/t1-1-640x233.jpg 640w, https:\/\/static-blogs.diariosur.es\/wp-content\/uploads\/sites\/12\/2021\/01\/t1-1-768x279.jpg 768w\" sizes=\"(max-width: 966px) 100vw, 966px\" \/><\/a><\/p>\n<p><a href=\"https:\/\/blogs.diariosur.es\/tormentas-y-rayos\/2021\/01\/29\/borrasca-justine-aviso-rojo-y-naranja-por-olas-y-viento-prediccion-del-tiempo-en-espana\/\"><strong>AVISOS ACTUALIZADOS, BORRASCA JUSTINE.<\/strong><\/a><\/p>\n<p>Foto de archivo.<\/p>\n<p>&nbsp;<\/p>\n<div id=\"attachment_29317\" style=\"width: 1210px\" class=\"wp-caption aligncenter\"><a href=\"https:\/\/static-blogs.diariosur.es\/wp-content\/uploads\/sites\/12\/2021\/01\/046-1.jpg\"><img aria-describedby=\"caption-attachment-29317\" loading=\"lazy\" class=\"size-full wp-image-29317\" src=\"https:\/\/static-blogs.diariosur.es\/wp-content\/uploads\/sites\/12\/2021\/01\/046-1.jpg\" alt=\"\" width=\"1200\" height=\"900\" srcset=\"https:\/\/static-blogs.diariosur.es\/wp-content\/uploads\/sites\/12\/2021\/01\/046-1.jpg 1200w, https:\/\/static-blogs.diariosur.es\/wp-content\/uploads\/sites\/12\/2021\/01\/046-1-533x400.jpg 533w, https:\/\/static-blogs.diariosur.es\/wp-content\/uploads\/sites\/12\/2021\/01\/046-1-768x576.jpg 768w\" sizes=\"(max-width: 1200px) 100vw, 1200px\" \/><\/a><p id=\"caption-attachment-29317\" class=\"wp-caption-text\">OLYMPUS DIGITAL CAMERA<\/p><\/div>\n","protected":false},"excerpt":{"rendered":"<p>Muy buenos d\u00edas ventosos, amigos de la meteo. No os com\u00e1is mucho el coco con la pregunta y las respuestas, tiene su explicaci\u00f3n. Ayer viernes no batimos el valor extremo absoluto de temperatura m\u00e1xima en el periodo 1943-2020 del Aeropuerto de M\u00e1laga, que son 26.8 grados un 21 de Enero del 1981. Esta estaci\u00f3n es [&hellip;]<\/p>\n","protected":false},"author":16,"featured_media":29317,"comment_status":"open","ping_status":"open","sticky":false,"template":"","format":"standard","meta":[],"categories":[1],"tags":[81,151,188,1525,358,1557,587,676,800,945,962,1059],"_links":{"self":[{"href":"https:\/\/blogs.diariosur.es\/tormentas-y-rayos\/wp-json\/wp\/v2\/posts\/29312"}],"collection":[{"href":"https:\/\/blogs.diariosur.es\/tormentas-y-rayos\/wp-json\/wp\/v2\/posts"}],"about":[{"href":"https:\/\/blogs.diariosur.es\/tormentas-y-rayos\/wp-json\/wp\/v2\/types\/post"}],"author":[{"embeddable":true,"href":"https:\/\/blogs.diariosur.es\/tormentas-y-rayos\/wp-json\/wp\/v2\/users\/16"}],"replies":[{"embeddable":true,"href":"https:\/\/blogs.diariosur.es\/tormentas-y-rayos\/wp-json\/wp\/v2\/comments?post=29312"}],"version-history":[{"count":2,"href":"https:\/\/blogs.diariosur.es\/tormentas-y-rayos\/wp-json\/wp\/v2\/posts\/29312\/revisions"}],"predecessor-version":[{"id":29320,"href":"https:\/\/blogs.diariosur.es\/tormentas-y-rayos\/wp-json\/wp\/v2\/posts\/29312\/revisions\/29320"}],"wp:featuredmedia":[{"embeddable":true,"href":"https:\/\/blogs.diariosur.es\/tormentas-y-rayos\/wp-json\/wp\/v2\/media\/29317"}],"wp:attachment":[{"href":"https:\/\/blogs.diariosur.es\/tormentas-y-rayos\/wp-json\/wp\/v2\/media?parent=29312"}],"wp:term":[{"taxonomy":"category","embeddable":true,"href":"https:\/\/blogs.diariosur.es\/tormentas-y-rayos\/wp-json\/wp\/v2\/categories?post=29312"},{"taxonomy":"post_tag","embeddable":true,"href":"https:\/\/blogs.diariosur.es\/tormentas-y-rayos\/wp-json\/wp\/v2\/tags?post=29312"}],"curies":[{"name":"wp","href":"https:\/\/api.w.org\/{rel}","templated":true}]}}