{"id":29444,"date":"2021-02-17T08:08:53","date_gmt":"2021-02-17T07:08:53","guid":{"rendered":"http:\/\/blogs.diariosur.es\/tormentas-y-rayos\/?p=29444"},"modified":"2021-02-17T08:20:46","modified_gmt":"2021-02-17T07:20:46","slug":"el-tiempo-en-andalucia-se-congela-antes-el-agua-caliente-o-el-agua-fria","status":"publish","type":"post","link":"https:\/\/blogs.diariosur.es\/tormentas-y-rayos\/2021\/02\/17\/el-tiempo-en-andalucia-se-congela-antes-el-agua-caliente-o-el-agua-fria\/","title":{"rendered":"El tiempo en Andaluc\u00eda. \u00bfSe congela antes el agua caliente o el agua fr\u00eda?"},"content":{"rendered":"<p><a href=\"https:\/\/static-blogs.diariosur.es\/wp-content\/uploads\/sites\/12\/2021\/02\/59999602_10216541055137822_8294285136585818112_o.jpg\"><img loading=\"lazy\" class=\"aligncenter size-thumbnail wp-image-29446\" src=\"https:\/\/static-blogs.diariosur.es\/wp-content\/uploads\/sites\/12\/2021\/02\/59999602_10216541055137822_8294285136585818112_o-150x150.jpg\" alt=\"\" width=\"150\" height=\"150\" \/><\/a><\/p>\n<p>Muy buenos d\u00edas, amigos de la meteo. Que fresquito m\u00e1s bueno hace, mi term\u00f3metro marca 7.8 grados, los cielos est\u00e1n despejados pero por la zona del Valle del Guadalhorce y zonas de la costa occidental se registran nieblas en estos momentos cuando son las ocho de la ma\u00f1ana. Mi amigo <strong>Francisco Luis M\u00e1rquez Soto<\/strong>\u00a0me manda esta foto desde Alhaur\u00edn de la Torre. Gracias por compartirla, un abrazo familia.<\/p>\n<p>&nbsp;<\/p>\n<p><a href=\"https:\/\/static-blogs.diariosur.es\/wp-content\/uploads\/sites\/12\/2021\/02\/151241017_10221918312365892_5084516599726226100_o-1.jpg\"><img loading=\"lazy\" class=\"aligncenter size-full wp-image-29448\" src=\"https:\/\/static-blogs.diariosur.es\/wp-content\/uploads\/sites\/12\/2021\/02\/151241017_10221918312365892_5084516599726226100_o-1.jpg\" alt=\"\" width=\"600\" height=\"1067\" srcset=\"https:\/\/static-blogs.diariosur.es\/wp-content\/uploads\/sites\/12\/2021\/02\/151241017_10221918312365892_5084516599726226100_o-1.jpg 600w, https:\/\/static-blogs.diariosur.es\/wp-content\/uploads\/sites\/12\/2021\/02\/151241017_10221918312365892_5084516599726226100_o-1-225x400.jpg 225w\" sizes=\"(max-width: 600px) 100vw, 600px\" \/><\/a><\/p>\n<p>&nbsp;<\/p>\n<p>Desde la zona del Tiro de Pich\u00f3n en M\u00e1laga capital, mi amiga Beatriz Pe\u00f1a me manda esta foto del Tar\u00f3 entrando por el Guadalhorce.<\/p>\n<p>&nbsp;<\/p>\n<p><a href=\"https:\/\/static-blogs.diariosur.es\/wp-content\/uploads\/sites\/12\/2021\/02\/151628695_4163205457044482_7846857931825041329_o-e1613546429439.jpg\"><img loading=\"lazy\" class=\"aligncenter size-full wp-image-29450\" src=\"https:\/\/static-blogs.diariosur.es\/wp-content\/uploads\/sites\/12\/2021\/02\/151628695_4163205457044482_7846857931825041329_o-e1613546429439.jpg\" alt=\"\" width=\"1200\" height=\"675\" \/><\/a><\/p>\n<p>Antes de que mis amigos de cazatormentas os resuelvan esta pregunta, os adelanto que estamos pendientes de la probabilidad que nos afecte una vaguada para el pr\u00f3ximo domingo. Esta vaguada es probable que se estrangule y forme una dana ( depresi\u00f3n aislada en niveles altos), lo que no esta a\u00fan muy claro por la mayor\u00eda de los modelos, si afectar\u00e1 en mayor o menor medida a nuestra comunidad. Todo depender\u00e1 de como se posiciones. Ma\u00f1ana jueves, con los modelos actualizados os dar\u00e9 un adelanto de la previsi\u00f3n del fin de semana.<\/p>\n<p>Si quer\u00e9is saber que se congela antes, leer a mis amigos de cazatormentas.<\/p>\n<p>Pinchar en el enlace.<\/p>\n<h3 class=\"entry-title\"><a href=\"https:\/\/www.cazatormentas.com\/se-congela-antes-el-agua-caliente-o-el-agua-fria\/\" rel=\"external nofollow\">\u00bfSe congela antes el agua caliente o el agua fr\u00eda?<\/a><\/h3>\n<p>&nbsp;<\/p>\n<p><a href=\"https:\/\/static-blogs.diariosur.es\/wp-content\/uploads\/sites\/12\/2021\/02\/efecto-Mpemba.jpg\"><img loading=\"lazy\" class=\"aligncenter size-full wp-image-29445\" src=\"https:\/\/static-blogs.diariosur.es\/wp-content\/uploads\/sites\/12\/2021\/02\/efecto-Mpemba.jpg\" alt=\"\" width=\"962\" height=\"655\" srcset=\"https:\/\/static-blogs.diariosur.es\/wp-content\/uploads\/sites\/12\/2021\/02\/efecto-Mpemba.jpg 962w, https:\/\/static-blogs.diariosur.es\/wp-content\/uploads\/sites\/12\/2021\/02\/efecto-Mpemba-587x400.jpg 587w, https:\/\/static-blogs.diariosur.es\/wp-content\/uploads\/sites\/12\/2021\/02\/efecto-Mpemba-768x523.jpg 768w\" sizes=\"(max-width: 962px) 100vw, 962px\" \/><\/a><\/p>\n","protected":false},"excerpt":{"rendered":"<p>Muy buenos d\u00edas, amigos de la meteo. Que fresquito m\u00e1s bueno hace, mi term\u00f3metro marca 7.8 grados, los cielos est\u00e1n despejados pero por la zona del Valle del Guadalhorce y zonas de la costa occidental se registran nieblas en estos momentos cuando son las ocho de la ma\u00f1ana. Mi amigo Francisco Luis M\u00e1rquez Soto\u00a0me manda [&hellip;]<\/p>\n","protected":false},"author":16,"featured_media":29445,"comment_status":"open","ping_status":"open","sticky":false,"template":"","format":"standard","meta":[],"categories":[1],"tags":[51,100,208,1562,307,358,431,587,800],"_links":{"self":[{"href":"https:\/\/blogs.diariosur.es\/tormentas-y-rayos\/wp-json\/wp\/v2\/posts\/29444"}],"collection":[{"href":"https:\/\/blogs.diariosur.es\/tormentas-y-rayos\/wp-json\/wp\/v2\/posts"}],"about":[{"href":"https:\/\/blogs.diariosur.es\/tormentas-y-rayos\/wp-json\/wp\/v2\/types\/post"}],"author":[{"embeddable":true,"href":"https:\/\/blogs.diariosur.es\/tormentas-y-rayos\/wp-json\/wp\/v2\/users\/16"}],"replies":[{"embeddable":true,"href":"https:\/\/blogs.diariosur.es\/tormentas-y-rayos\/wp-json\/wp\/v2\/comments?post=29444"}],"version-history":[{"count":3,"href":"https:\/\/blogs.diariosur.es\/tormentas-y-rayos\/wp-json\/wp\/v2\/posts\/29444\/revisions"}],"predecessor-version":[{"id":29452,"href":"https:\/\/blogs.diariosur.es\/tormentas-y-rayos\/wp-json\/wp\/v2\/posts\/29444\/revisions\/29452"}],"wp:featuredmedia":[{"embeddable":true,"href":"https:\/\/blogs.diariosur.es\/tormentas-y-rayos\/wp-json\/wp\/v2\/media\/29445"}],"wp:attachment":[{"href":"https:\/\/blogs.diariosur.es\/tormentas-y-rayos\/wp-json\/wp\/v2\/media?parent=29444"}],"wp:term":[{"taxonomy":"category","embeddable":true,"href":"https:\/\/blogs.diariosur.es\/tormentas-y-rayos\/wp-json\/wp\/v2\/categories?post=29444"},{"taxonomy":"post_tag","embeddable":true,"href":"https:\/\/blogs.diariosur.es\/tormentas-y-rayos\/wp-json\/wp\/v2\/tags?post=29444"}],"curies":[{"name":"wp","href":"https:\/\/api.w.org\/{rel}","templated":true}]}}