{"id":29499,"date":"2021-02-24T08:13:03","date_gmt":"2021-02-24T07:13:03","guid":{"rendered":"http:\/\/blogs.diariosur.es\/tormentas-y-rayos\/?p=29499"},"modified":"2021-02-24T08:15:23","modified_gmt":"2021-02-24T07:15:23","slug":"el-tiempo-en-andalucia-se-confirma-la-dana-estado-de-los-embalses-en-malaga","status":"publish","type":"post","link":"https:\/\/blogs.diariosur.es\/tormentas-y-rayos\/2021\/02\/24\/el-tiempo-en-andalucia-se-confirma-la-dana-estado-de-los-embalses-en-malaga\/","title":{"rendered":"El tiempo en Andaluc\u00eda. Se confirma la dana. Estado de los embalses en M\u00e1laga"},"content":{"rendered":"<p><a href=\"https:\/\/static-blogs.diariosur.es\/wp-content\/uploads\/sites\/12\/2021\/01\/12994479_10207552114859933_1346500259674331485_n.jpg\"><img loading=\"lazy\" class=\"aligncenter size-thumbnail wp-image-29165\" src=\"https:\/\/static-blogs.diariosur.es\/wp-content\/uploads\/sites\/12\/2021\/01\/12994479_10207552114859933_1346500259674331485_n-150x150.jpg\" alt=\"\" width=\"150\" height=\"150\" srcset=\"https:\/\/static-blogs.diariosur.es\/wp-content\/uploads\/sites\/12\/2021\/01\/12994479_10207552114859933_1346500259674331485_n-150x150.jpg 150w, https:\/\/static-blogs.diariosur.es\/wp-content\/uploads\/sites\/12\/2021\/01\/12994479_10207552114859933_1346500259674331485_n-399x400.jpg 399w, https:\/\/static-blogs.diariosur.es\/wp-content\/uploads\/sites\/12\/2021\/01\/12994479_10207552114859933_1346500259674331485_n.jpg 749w\" sizes=\"(max-width: 150px) 100vw, 150px\" \/><\/a><\/p>\n<p>Muy buenos d\u00edas, amigos de la meteo. Como os comento en el t\u00edtulo del post, todos los modelos confirman la dana, se formara ma\u00f1ana a \u00faltima hora de la noche al sur del Cabo de San Vicente.<\/p>\n<p>En este mapa a 500 hpa del modelo americano se ve perfectamente. Fuente meteociel.<\/p>\n<p>&nbsp;<\/p>\n<p><a href=\"https:\/\/static-blogs.diariosur.es\/wp-content\/uploads\/sites\/12\/2021\/02\/gfs-0-48.png\"><img loading=\"lazy\" class=\"aligncenter size-full wp-image-29502\" src=\"https:\/\/static-blogs.diariosur.es\/wp-content\/uploads\/sites\/12\/2021\/02\/gfs-0-48.png\" alt=\"\" width=\"768\" height=\"512\" srcset=\"https:\/\/static-blogs.diariosur.es\/wp-content\/uploads\/sites\/12\/2021\/02\/gfs-0-48.png 768w, https:\/\/static-blogs.diariosur.es\/wp-content\/uploads\/sites\/12\/2021\/02\/gfs-0-48-600x400.png 600w\" sizes=\"(max-width: 768px) 100vw, 768px\" \/><\/a><\/p>\n<p>De confirmarse esa posici\u00f3n, las zonas m\u00e1s afectadas por las lluvias y posibles tormentas durante la madrugada del viernes y primeras horas de la ma\u00f1ana, ser\u00eda el Estrecho, Ceuta y litorales de C\u00e1diz y Huelva. Tambi\u00e9n hay probabilidad que\u00a0la costa m\u00e1s occidental de M\u00e1laga cercana al Estrecho puedan tener algunos chubascos durante la madrugada del viernes.<\/p>\n<p>Lo que no esta muy claro que hara la dana el s\u00e1bado y el domingo, cada modelo la ubica en una posici\u00f3n distinta. Ma\u00f1ana por la tarde e incluso el viernes sabremos donde se ubicar\u00e1.<\/p>\n<p>Estado de los embalses de M\u00e1laga. Fuente Red Hidrosur.<\/p>\n<p>&nbsp;<\/p>\n<p><strong>EMBALSE DE LA CONCEPCI\u00d3N \u00a0\u00a084%<\/strong><\/p>\n<p><strong>EMBALSE DE CASASOLA \u00a0\u00a0\u00a0\u00a0\u00a0\u00a0\u00a0\u00a0\u00a0\u00a0\u00a0\u00a0\u00a060%<\/strong><\/p>\n<p><strong>EMBALSE DEL LIMONERO\u00a0\u00a0\u00a0\u00a0\u00a0\u00a0\u00a0\u00a0\u00a0\u00a0\u00a0 59%<\/strong><\/p>\n<p><strong>EMBALSE DEL GUADALTEBA\u00a0\u00a0\u00a0\u00a0\u00a0 79%<\/strong><\/p>\n<p><strong>EMBALSE DEL GUADALHORCE\u00a0\u00a0\u00a0 59%<\/strong><\/p>\n<p><strong>EMBALSE CONDE DE GUADALHORCE\u00a0 64% <\/strong><\/p>\n<p><strong>EMBALSE DE LA VI\u00d1UELA\u00a0 <\/strong><strong>\u00a032%<\/strong><\/p>\n<p><strong>TOTAL ALAMACENADO AL 60%<\/strong><\/p>\n<p>Os dejo con esta bonita foto del Embalse del Limosnero, esta bien dicho.<\/p>\n<p>&nbsp;<\/p>\n<p><a href=\"https:\/\/static-blogs.diariosur.es\/wp-content\/uploads\/sites\/12\/2021\/02\/152691939_10221962206103208_8228385706114756033_o.jpg\"><img loading=\"lazy\" class=\"aligncenter size-full wp-image-29501\" src=\"https:\/\/static-blogs.diariosur.es\/wp-content\/uploads\/sites\/12\/2021\/02\/152691939_10221962206103208_8228385706114756033_o-e1614145856466.jpg\" alt=\"\" width=\"1200\" height=\"676\" \/><\/a><\/p>\n","protected":false},"excerpt":{"rendered":"<p>Muy buenos d\u00edas, amigos de la meteo. Como os comento en el t\u00edtulo del post, todos los modelos confirman la dana, se formara ma\u00f1ana a \u00faltima hora de la noche al sur del Cabo de San Vicente. En este mapa a 500 hpa del modelo americano se ve perfectamente. Fuente meteociel. &nbsp; De confirmarse esa [&hellip;]<\/p>\n","protected":false},"author":16,"featured_media":29501,"comment_status":"open","ping_status":"open","sticky":false,"template":"","format":"standard","meta":[],"categories":[1],"tags":[100,307,1525,358,360,389,587,800,945],"_links":{"self":[{"href":"https:\/\/blogs.diariosur.es\/tormentas-y-rayos\/wp-json\/wp\/v2\/posts\/29499"}],"collection":[{"href":"https:\/\/blogs.diariosur.es\/tormentas-y-rayos\/wp-json\/wp\/v2\/posts"}],"about":[{"href":"https:\/\/blogs.diariosur.es\/tormentas-y-rayos\/wp-json\/wp\/v2\/types\/post"}],"author":[{"embeddable":true,"href":"https:\/\/blogs.diariosur.es\/tormentas-y-rayos\/wp-json\/wp\/v2\/users\/16"}],"replies":[{"embeddable":true,"href":"https:\/\/blogs.diariosur.es\/tormentas-y-rayos\/wp-json\/wp\/v2\/comments?post=29499"}],"version-history":[{"count":4,"href":"https:\/\/blogs.diariosur.es\/tormentas-y-rayos\/wp-json\/wp\/v2\/posts\/29499\/revisions"}],"predecessor-version":[{"id":29505,"href":"https:\/\/blogs.diariosur.es\/tormentas-y-rayos\/wp-json\/wp\/v2\/posts\/29499\/revisions\/29505"}],"wp:featuredmedia":[{"embeddable":true,"href":"https:\/\/blogs.diariosur.es\/tormentas-y-rayos\/wp-json\/wp\/v2\/media\/29501"}],"wp:attachment":[{"href":"https:\/\/blogs.diariosur.es\/tormentas-y-rayos\/wp-json\/wp\/v2\/media?parent=29499"}],"wp:term":[{"taxonomy":"category","embeddable":true,"href":"https:\/\/blogs.diariosur.es\/tormentas-y-rayos\/wp-json\/wp\/v2\/categories?post=29499"},{"taxonomy":"post_tag","embeddable":true,"href":"https:\/\/blogs.diariosur.es\/tormentas-y-rayos\/wp-json\/wp\/v2\/tags?post=29499"}],"curies":[{"name":"wp","href":"https:\/\/api.w.org\/{rel}","templated":true}]}}