{"id":29520,"date":"2021-03-01T08:09:27","date_gmt":"2021-03-01T07:09:27","guid":{"rendered":"http:\/\/blogs.diariosur.es\/tormentas-y-rayos\/?p=29520"},"modified":"2021-03-01T08:09:27","modified_gmt":"2021-03-01T07:09:27","slug":"el-tiempo-en-malaga-comienza-la-primavera-meteorologica-polvo-en-suspension-y-probables-tormentas","status":"publish","type":"post","link":"https:\/\/blogs.diariosur.es\/tormentas-y-rayos\/2021\/03\/01\/el-tiempo-en-malaga-comienza-la-primavera-meteorologica-polvo-en-suspension-y-probables-tormentas\/","title":{"rendered":"El tiempo en M\u00e1laga, comienza la primavera meteorol\u00f3gica. Polvo en suspensi\u00f3n y probables tormentas."},"content":{"rendered":"<p><a href=\"https:\/\/static-blogs.diariosur.es\/wp-content\/uploads\/sites\/12\/2021\/02\/59999602_10216541055137822_8294285136585818112_o.jpg\"><img loading=\"lazy\" class=\"aligncenter size-thumbnail wp-image-29446\" src=\"https:\/\/static-blogs.diariosur.es\/wp-content\/uploads\/sites\/12\/2021\/02\/59999602_10216541055137822_8294285136585818112_o-150x150.jpg\" alt=\"\" width=\"150\" height=\"150\" \/><\/a><\/p>\n<p>Muy buenos d\u00edas, amigos de la meteo. Hoy comienza la primavera meteorol\u00f3gica, y como siempre os digo, esta estaci\u00f3n es la transici\u00f3n del invierno al verano. Seguro que a\u00fan quedan algunos d\u00edas de invierno. Se cumplieron las previsiones y los chubascos fueron protagonistas ayer y esta pasada madrugada.\u00a0Mi pluvi\u00f3metro ha recogido 1.5 litros, con barro.<\/p>\n<p>Como hoy tengo muy poco tiempo para el blog, os comento que el polvo en suspensi\u00f3n seguir\u00e1 de protagonista unos d\u00edas, adem\u00e1s, a partir de hoy lunes o ma\u00f1ana martes con m\u00e1s probabilidad, se pueden dar tormentas primaverales por la tarde en las comarcas de Antequera y Ronda.<\/p>\n<p>Os dejo con esta foto de archivo de Febrero del 2016, el polvo en suspensi\u00f3n tambi\u00e9n fue protagonista.<\/p>\n<p>&nbsp;<\/p>\n<p><a href=\"https:\/\/static-blogs.diariosur.es\/wp-content\/uploads\/sites\/12\/2021\/03\/24563703663_d91c2c7917_b.jpg\"><img loading=\"lazy\" class=\"aligncenter size-full wp-image-29521\" src=\"https:\/\/static-blogs.diariosur.es\/wp-content\/uploads\/sites\/12\/2021\/03\/24563703663_d91c2c7917_b.jpg\" alt=\"\" width=\"1023\" height=\"683\" srcset=\"https:\/\/static-blogs.diariosur.es\/wp-content\/uploads\/sites\/12\/2021\/03\/24563703663_d91c2c7917_b.jpg 1023w, https:\/\/static-blogs.diariosur.es\/wp-content\/uploads\/sites\/12\/2021\/03\/24563703663_d91c2c7917_b-599x400.jpg 599w, https:\/\/static-blogs.diariosur.es\/wp-content\/uploads\/sites\/12\/2021\/03\/24563703663_d91c2c7917_b-768x513.jpg 768w\" sizes=\"(max-width: 1023px) 100vw, 1023px\" \/><\/a><\/p>\n<p>&nbsp;<\/p>\n<p>&nbsp;<\/p>\n","protected":false},"excerpt":{"rendered":"<p>Muy buenos d\u00edas, amigos de la meteo. Hoy comienza la primavera meteorol\u00f3gica, y como siempre os digo, esta estaci\u00f3n es la transici\u00f3n del invierno al verano. Seguro que a\u00fan quedan algunos d\u00edas de invierno. Se cumplieron las previsiones y los chubascos fueron protagonistas ayer y esta pasada madrugada.\u00a0Mi pluvi\u00f3metro ha recogido 1.5 litros, con barro. [&hellip;]<\/p>\n","protected":false},"author":16,"featured_media":29521,"comment_status":"open","ping_status":"open","sticky":false,"template":"","format":"standard","meta":[],"categories":[1],"tags":[100,209,269,358,587,644,789,800,815,947,996],"_links":{"self":[{"href":"https:\/\/blogs.diariosur.es\/tormentas-y-rayos\/wp-json\/wp\/v2\/posts\/29520"}],"collection":[{"href":"https:\/\/blogs.diariosur.es\/tormentas-y-rayos\/wp-json\/wp\/v2\/posts"}],"about":[{"href":"https:\/\/blogs.diariosur.es\/tormentas-y-rayos\/wp-json\/wp\/v2\/types\/post"}],"author":[{"embeddable":true,"href":"https:\/\/blogs.diariosur.es\/tormentas-y-rayos\/wp-json\/wp\/v2\/users\/16"}],"replies":[{"embeddable":true,"href":"https:\/\/blogs.diariosur.es\/tormentas-y-rayos\/wp-json\/wp\/v2\/comments?post=29520"}],"version-history":[{"count":1,"href":"https:\/\/blogs.diariosur.es\/tormentas-y-rayos\/wp-json\/wp\/v2\/posts\/29520\/revisions"}],"predecessor-version":[{"id":29522,"href":"https:\/\/blogs.diariosur.es\/tormentas-y-rayos\/wp-json\/wp\/v2\/posts\/29520\/revisions\/29522"}],"wp:featuredmedia":[{"embeddable":true,"href":"https:\/\/blogs.diariosur.es\/tormentas-y-rayos\/wp-json\/wp\/v2\/media\/29521"}],"wp:attachment":[{"href":"https:\/\/blogs.diariosur.es\/tormentas-y-rayos\/wp-json\/wp\/v2\/media?parent=29520"}],"wp:term":[{"taxonomy":"category","embeddable":true,"href":"https:\/\/blogs.diariosur.es\/tormentas-y-rayos\/wp-json\/wp\/v2\/categories?post=29520"},{"taxonomy":"post_tag","embeddable":true,"href":"https:\/\/blogs.diariosur.es\/tormentas-y-rayos\/wp-json\/wp\/v2\/tags?post=29520"}],"curies":[{"name":"wp","href":"https:\/\/api.w.org\/{rel}","templated":true}]}}