{"id":29523,"date":"2021-03-04T09:03:33","date_gmt":"2021-03-04T08:03:33","guid":{"rendered":"http:\/\/blogs.diariosur.es\/tormentas-y-rayos\/?p=29523"},"modified":"2021-03-04T12:33:49","modified_gmt":"2021-03-04T11:33:49","slug":"el-tiempo-en-malaga-andalucia-prevision-viernes-dana-seguira-la-calima","status":"publish","type":"post","link":"https:\/\/blogs.diariosur.es\/tormentas-y-rayos\/2021\/03\/04\/el-tiempo-en-malaga-andalucia-prevision-viernes-dana-seguira-la-calima\/","title":{"rendered":"El tiempo en M\u00e1laga, Andaluc\u00eda. Previsi\u00f3n viernes. Dana. Aviso amarillo. \u00bf Seguir\u00e1 la calima ?"},"content":{"rendered":"<blockquote><p><a href=\"https:\/\/static-blogs.diariosur.es\/wp-content\/uploads\/sites\/12\/2021\/01\/12994479_10207552114859933_1346500259674331485_n.jpg\"><img loading=\"lazy\" class=\"aligncenter size-thumbnail wp-image-29165\" src=\"https:\/\/static-blogs.diariosur.es\/wp-content\/uploads\/sites\/12\/2021\/01\/12994479_10207552114859933_1346500259674331485_n-150x150.jpg\" alt=\"\" width=\"150\" height=\"150\" srcset=\"https:\/\/static-blogs.diariosur.es\/wp-content\/uploads\/sites\/12\/2021\/01\/12994479_10207552114859933_1346500259674331485_n-150x150.jpg 150w, https:\/\/static-blogs.diariosur.es\/wp-content\/uploads\/sites\/12\/2021\/01\/12994479_10207552114859933_1346500259674331485_n-399x400.jpg 399w, https:\/\/static-blogs.diariosur.es\/wp-content\/uploads\/sites\/12\/2021\/01\/12994479_10207552114859933_1346500259674331485_n.jpg 749w\" sizes=\"(max-width: 150px) 100vw, 150px\" \/><\/a><\/p><\/blockquote>\n<p><strong>\u00daLTIMA HORA, SE ACTIVA EL AVISO AMARILLO POR LLUVIAS EN ESTAS ZONAS DE ANDALUC\u00cdA PARA MA\u00d1ANA VIERNES.\u00a0<\/strong><\/p>\n<p><strong><span class=\"la-zona-zona\" data-zona-id=\"612903\">Sol y Guadalhorce<\/span>&#8211;<span class=\"la-zona-provincia\" data-zona-id=\"6129\">M\u00e1laga<\/span><\/strong><\/p>\n<p>Precipitaci\u00f3n acumulada en una hora: 15 mm. Las precipitaciones intensas se esperan <strong>en la parte m\u00e1s occidental de la comarca<\/strong>. Fuente aemet.<\/p>\n<p>&nbsp;<\/p>\n<p><a href=\"https:\/\/static-blogs.diariosur.es\/wp-content\/uploads\/sites\/12\/2021\/03\/Captura.jpg\"><img loading=\"lazy\" class=\"aligncenter size-full wp-image-29537\" src=\"https:\/\/static-blogs.diariosur.es\/wp-content\/uploads\/sites\/12\/2021\/03\/Captura.jpg\" alt=\"\" width=\"698\" height=\"550\" srcset=\"https:\/\/static-blogs.diariosur.es\/wp-content\/uploads\/sites\/12\/2021\/03\/Captura.jpg 698w, https:\/\/static-blogs.diariosur.es\/wp-content\/uploads\/sites\/12\/2021\/03\/Captura-508x400.jpg 508w\" sizes=\"(max-width: 698px) 100vw, 698px\" \/><\/a><\/p>\n<p>Buenos d\u00edas, amigos de la meteo. Mucha incertidumbre con las probables precipitaciones en la provincia de M\u00e1laga. Curiosamente, la gran mayor\u00eda de los modelos, coinciden para ma\u00f1ana viernes en la ubicaci\u00f3n de la dana en el Cabo de San Vicente, pero, en lo que no se ponen de acuerdo es en las precipitaciones que pueden darse ma\u00f1ana, madrugada del s\u00e1bado y fin de semana.<\/p>\n<p>Os paso los mapas a 500 hpa del modelo americano y europeo previstos para ma\u00f1ana. Fuente meteociel.<\/p>\n<p>&nbsp;<\/p>\n<p><a href=\"https:\/\/static-blogs.diariosur.es\/wp-content\/uploads\/sites\/12\/2021\/03\/1.gif\"><img loading=\"lazy\" class=\"aligncenter size-full wp-image-29530\" src=\"https:\/\/static-blogs.diariosur.es\/wp-content\/uploads\/sites\/12\/2021\/03\/1.gif\" alt=\"\" width=\"768\" height=\"768\" \/><\/a><\/p>\n<p>&nbsp;<\/p>\n<p><a href=\"https:\/\/static-blogs.diariosur.es\/wp-content\/uploads\/sites\/12\/2021\/03\/2.gif\"><img loading=\"lazy\" class=\"aligncenter size-full wp-image-29531\" src=\"https:\/\/static-blogs.diariosur.es\/wp-content\/uploads\/sites\/12\/2021\/03\/2.gif\" alt=\"\" width=\"768\" height=\"768\" \/><\/a><\/p>\n<p>&nbsp;<\/p>\n<p>Prefiero daros la predicci\u00f3n para ma\u00f1ana viernes y primeras horas de la madrugada del s\u00e1bado. Cuando nuevamente actualice el blog ma\u00f1ana, os dar\u00e9 la del fin de semana.<\/p>\n<p><strong>El americano<\/strong> da m\u00e1s precipitaciones ma\u00f1ana viernes en la zona occidental de la provincia de M\u00e1laga, incluida la capital, siendo m\u00e1s abundantes cuanto m\u00e1s al oeste de la provincia. En la zona oriental son menos probables.<\/p>\n<p><strong>El modelo europeo tambi\u00e9n da precipitaciones en la zona m\u00e1s occidental, pero con menor probabilidad en la <span style=\"color: #ff0000;\">capital malague\u00f1a<\/span> y costa oriental.<\/strong><\/p>\n<p>Ma\u00f1ana donde se dar\u00e1n m\u00e1s acumulados en Andaluc\u00eda ser\u00e1 en la zona del Estrecho, Ceuta y costas de C\u00e1diz y Huelva.<\/p>\n<p>A vuestra pregunta si se quitara el polvo en suspensi\u00f3n, todo hace indicar que ser\u00e1 el lunes, cuando el viento sople de componente oeste, mientras seguiremos con calima, pero no tan espesa como estos d\u00edas atras.<\/p>\n<p>Os paso unas fotos del martes por la tarde.<\/p>\n<p>&nbsp;<\/p>\n<p><a href=\"https:\/\/static-blogs.diariosur.es\/wp-content\/uploads\/sites\/12\/2021\/03\/DSC1928.jpg\"><img loading=\"lazy\" class=\"aligncenter size-full wp-image-29524\" src=\"https:\/\/static-blogs.diariosur.es\/wp-content\/uploads\/sites\/12\/2021\/03\/DSC1928-e1614789260737.jpg\" alt=\"\" width=\"1200\" height=\"800\" \/><\/a><\/p>\n<p>&nbsp;<\/p>\n<p><a href=\"https:\/\/static-blogs.diariosur.es\/wp-content\/uploads\/sites\/12\/2021\/03\/DSC1929.jpg\"><img loading=\"lazy\" class=\"aligncenter size-full wp-image-29525\" src=\"https:\/\/static-blogs.diariosur.es\/wp-content\/uploads\/sites\/12\/2021\/03\/DSC1929-e1614789300291.jpg\" alt=\"\" width=\"1200\" height=\"800\" \/><\/a><\/p>\n<p>&nbsp;<\/p>\n<p><a href=\"https:\/\/static-blogs.diariosur.es\/wp-content\/uploads\/sites\/12\/2021\/03\/DSC1930-e1614789334336.jpg\"><img loading=\"lazy\" class=\"aligncenter size-full wp-image-29526\" src=\"https:\/\/static-blogs.diariosur.es\/wp-content\/uploads\/sites\/12\/2021\/03\/DSC1930-e1614789334336.jpg\" alt=\"\" width=\"1200\" height=\"800\" \/><\/a><\/p>\n<p>&nbsp;<\/p>\n<p>Despu\u00e9s de cinco d\u00edas sin poder ver el sol al amanecer, hoy jueves lo he podido fotografiar. Ha estado precioso.<\/p>\n<p>&nbsp;<\/p>\n<p><a href=\"https:\/\/static-blogs.diariosur.es\/wp-content\/uploads\/sites\/12\/2021\/03\/DSC1944-e1614844757463.jpg\"><img loading=\"lazy\" class=\"aligncenter size-full wp-image-29533\" src=\"https:\/\/static-blogs.diariosur.es\/wp-content\/uploads\/sites\/12\/2021\/03\/DSC1944-e1614844757463.jpg\" alt=\"\" width=\"1200\" height=\"800\" \/><\/a><\/p>\n<p>&nbsp;<\/p>\n<p><a href=\"https:\/\/static-blogs.diariosur.es\/wp-content\/uploads\/sites\/12\/2021\/03\/DSC1954-e1614844817617.jpg\"><img loading=\"lazy\" class=\"aligncenter size-full wp-image-29534\" src=\"https:\/\/static-blogs.diariosur.es\/wp-content\/uploads\/sites\/12\/2021\/03\/DSC1954-e1614844817617.jpg\" alt=\"\" width=\"1200\" height=\"800\" \/><\/a><\/p>\n","protected":false},"excerpt":{"rendered":"<p>\u00daLTIMA HORA, SE ACTIVA EL AVISO AMARILLO POR LLUVIAS EN ESTAS ZONAS DE ANDALUC\u00cdA PARA MA\u00d1ANA VIERNES.\u00a0 Sol y Guadalhorce&#8211;M\u00e1laga Precipitaci\u00f3n acumulada en una hora: 15 mm. Las precipitaciones intensas se esperan en la parte m\u00e1s occidental de la comarca. Fuente aemet. &nbsp; Buenos d\u00edas, amigos de la meteo. Mucha incertidumbre con las probables precipitaciones [&hellip;]<\/p>\n","protected":false},"author":16,"featured_media":29525,"comment_status":"open","ping_status":"open","sticky":false,"template":"","format":"standard","meta":[],"categories":[1],"tags":[100,209,307,1525,358,587,789,800,945,947],"_links":{"self":[{"href":"https:\/\/blogs.diariosur.es\/tormentas-y-rayos\/wp-json\/wp\/v2\/posts\/29523"}],"collection":[{"href":"https:\/\/blogs.diariosur.es\/tormentas-y-rayos\/wp-json\/wp\/v2\/posts"}],"about":[{"href":"https:\/\/blogs.diariosur.es\/tormentas-y-rayos\/wp-json\/wp\/v2\/types\/post"}],"author":[{"embeddable":true,"href":"https:\/\/blogs.diariosur.es\/tormentas-y-rayos\/wp-json\/wp\/v2\/users\/16"}],"replies":[{"embeddable":true,"href":"https:\/\/blogs.diariosur.es\/tormentas-y-rayos\/wp-json\/wp\/v2\/comments?post=29523"}],"version-history":[{"count":9,"href":"https:\/\/blogs.diariosur.es\/tormentas-y-rayos\/wp-json\/wp\/v2\/posts\/29523\/revisions"}],"predecessor-version":[{"id":29541,"href":"https:\/\/blogs.diariosur.es\/tormentas-y-rayos\/wp-json\/wp\/v2\/posts\/29523\/revisions\/29541"}],"wp:featuredmedia":[{"embeddable":true,"href":"https:\/\/blogs.diariosur.es\/tormentas-y-rayos\/wp-json\/wp\/v2\/media\/29525"}],"wp:attachment":[{"href":"https:\/\/blogs.diariosur.es\/tormentas-y-rayos\/wp-json\/wp\/v2\/media?parent=29523"}],"wp:term":[{"taxonomy":"category","embeddable":true,"href":"https:\/\/blogs.diariosur.es\/tormentas-y-rayos\/wp-json\/wp\/v2\/categories?post=29523"},{"taxonomy":"post_tag","embeddable":true,"href":"https:\/\/blogs.diariosur.es\/tormentas-y-rayos\/wp-json\/wp\/v2\/tags?post=29523"}],"curies":[{"name":"wp","href":"https:\/\/api.w.org\/{rel}","templated":true}]}}