{"id":29546,"date":"2021-03-06T08:27:13","date_gmt":"2021-03-06T07:27:13","guid":{"rendered":"http:\/\/blogs.diariosur.es\/tormentas-y-rayos\/?p=29546"},"modified":"2021-03-06T11:18:39","modified_gmt":"2021-03-06T10:18:39","slug":"el-tiempo-en-malaga-andalucia-aviso-rojo-en-ceuta-acumulados-de-lluvias","status":"publish","type":"post","link":"https:\/\/blogs.diariosur.es\/tormentas-y-rayos\/2021\/03\/06\/el-tiempo-en-malaga-andalucia-aviso-rojo-en-ceuta-acumulados-de-lluvias\/","title":{"rendered":"El tiempo en M\u00e1laga, Andaluc\u00eda. Aviso rojo en Ceuta. Acumulados de lluvias."},"content":{"rendered":"<p><a href=\"https:\/\/static-blogs.diariosur.es\/wp-content\/uploads\/sites\/12\/2021\/01\/12994479_10207552114859933_1346500259674331485_n.jpg\"><img loading=\"lazy\" class=\"aligncenter size-thumbnail wp-image-29165\" src=\"https:\/\/static-blogs.diariosur.es\/wp-content\/uploads\/sites\/12\/2021\/01\/12994479_10207552114859933_1346500259674331485_n-150x150.jpg\" alt=\"\" width=\"150\" height=\"150\" srcset=\"https:\/\/static-blogs.diariosur.es\/wp-content\/uploads\/sites\/12\/2021\/01\/12994479_10207552114859933_1346500259674331485_n-150x150.jpg 150w, https:\/\/static-blogs.diariosur.es\/wp-content\/uploads\/sites\/12\/2021\/01\/12994479_10207552114859933_1346500259674331485_n-399x400.jpg 399w, https:\/\/static-blogs.diariosur.es\/wp-content\/uploads\/sites\/12\/2021\/01\/12994479_10207552114859933_1346500259674331485_n.jpg 749w\" sizes=\"(max-width: 150px) 100vw, 150px\" \/><\/a><\/p>\n<p>Muy buenos d\u00edas, amigos de la meteo. Precauci\u00f3n en Ceuta, esta activado el aviso rojo hasta las doce de la ma\u00f1ana. Ayer se produjeron inundaciones.<\/p>\n<p>Nuevamente hoy s\u00e1bado la probabilidad de precipitaciones m\u00e1s fuertes en nuestra comunidad se dar\u00e1n en zonas cercanas al Estrecho, litoral de C\u00e1diz y Ceuta. En las dem\u00e1s zonas pueden caer chubascos d\u00e9biles<\/p>\n<p>Ma\u00f1ana domingo las precipitaciones m\u00e1s abundantes se registrar\u00e1n en las provincias de Almer\u00eda y Granada, en esta \u00faltima, la mayor probabilidad se dar\u00e1 a partir de primeras horas de la tarde.<\/p>\n<p>En la provincia de M\u00e1laga tambi\u00e9n hay probabilidad\u00a0 de chubascos ocasionales, siendo m\u00e1s probables por la tarde.<\/p>\n<p><strong>Os paso los acumulados<\/strong> m\u00e1s importantes de ayer y hoy s\u00e1bado hasta las ocho de ma\u00f1ana. En algunos puntos de la provincia no ha llovido. Destacar fuera de la provincia de M\u00e1laga a <span style=\"color: #ff0000;\"><strong>Ceuta con 129 litros.<\/strong><\/span><\/p>\n<h3><span style=\"color: #0000ff;\"><strong>AEMET.<\/strong><\/span><\/h3>\n<p><strong>ESTEPONA\u00a0 <span style=\"color: #ff0000;\">129 LITROS<\/span><\/strong><\/p>\n<p><strong>BENAHAVIS\u00a0 <span style=\"color: #ff0000;\">59 LITROS<\/span><\/strong><\/p>\n<p><strong>GAUCIN\u00a0 <span style=\"color: #ff0000;\">37 LITROS<\/span><\/strong><\/p>\n<p><strong>MANILVA\u00a0 <span style=\"color: #ff0000;\">71 LITROS<\/span><\/strong><\/p>\n<p><strong>MARBELLA\u00a0 <span style=\"color: #ff0000;\">12 LITROS<\/span><\/strong><\/p>\n<p><strong>RONDA\u00a0 <span style=\"color: #ff0000;\">17 LITROS<\/span><\/strong><\/p>\n<p><strong>\u00c1LOTA <span style=\"color: #ff0000;\">10 LITROS<\/span><\/strong><\/p>\n<p><strong>M\u00c1LAGA PUERTO <span style=\"color: #ff0000;\">0.3 DECIMAS DE LITROS<\/span>. NO OS RIAIS<\/strong><\/p>\n<h3><span style=\"color: #0000ff;\">RED HIDROSUR<\/span><\/h3>\n<p><strong>CA\u00d1ETE LA REAL (MA)\u00a0 <span style=\"color: #ff0000;\">30 LITROS<\/span><\/strong><\/p>\n<p><strong>LAS GOLONDRINAS (MA)\u00a0 <span style=\"color: #ff0000;\">69 LITROS<\/span><\/strong><\/p>\n<p><strong>LOS REALES\u00a0 <span style=\"color: #ff0000;\">85 LITROS<\/span><\/strong><\/p>\n<p><strong>MAJADA DE LAS LOMAS (MA)\u00a0 <span style=\"color: #ff0000;\">33 LITROS<\/span><\/strong><\/p>\n<p><strong>R\u00cdO GENAL (JUBRIQUE) (MA)\u00a0 \u00a0<span style=\"color: #ff0000;\">34 LITROS<\/span><\/strong><\/p>\n<p><strong>PUJERRA\u00a0 \u00a0<span style=\"color: #ff0000;\">40 LITROS<\/span><\/strong><\/p>\n<p><strong>CUEVAS DEL BECERRO (MA)\u00a0<span style=\"color: #ff0000;\"> 20 LITROS<\/span><\/strong><\/p>\n<p><strong>EMBALSE DE LA CONCEPCI\u00d3N\u00a0 \u00a0 <span style=\"color: #ff0000;\">36 LITROS<\/span><\/strong><\/p>\n<p><strong>R\u00cdO GRANDE (LAS MILLANAS) (MA)\u00a0<span style=\"color: #ff0000;\"> 79 LITROS<\/span><\/strong><\/p>\n<p><strong>R\u00cdO GUADIARO (TR. MAJACEITE) (MA)\u00a0 <span style=\"color: #ff0000;\">45 LITROS\u00a0<\/span><\/strong><\/p>\n<p><strong>R\u00cdO GUADALHORCE (ALJAIMA) (MA)\u00a0 \u00a0<span style=\"color: #ff0000;\"> 39 LITROS<\/span><\/strong><\/p>\n<h3><span style=\"color: #0000ff;\">METEOCLIMATIC<\/span><\/h3>\n<p><strong>ALGATOC\u00cdN\u00a0<span style=\"color: #ff0000;\"> 37 LITROS<\/span><\/strong><\/p>\n<p><strong>ALHAUR\u00cdN EL GRANDE\u00a0 <span style=\"color: #ff0000;\">13 LITROS<\/span><\/strong><\/p>\n<p><strong>C\u00c1RTAMA SIERRA LLANA\u00a0 <span style=\"color: #ff0000;\">33 LITROS<\/span><\/strong><\/p>\n<p><strong>CO\u00cdN PEREILA ALTA\u00a0 \u00a0<span style=\"color: #ff0000;\">29 LITROS<\/span><\/strong><\/p>\n<p><strong>EL COLMENAR-LAS BUITRERAS\u00a0 \u00a0<span style=\"color: #ff0000;\">46 LITROS<\/span><\/strong><\/p>\n<p><strong>IST\u00c1N <span style=\"color: #ff0000;\">45 LITROS<\/span><\/strong><\/p>\n<p><strong>TOLOX\u00a0 \u00a0<span style=\"color: #ff0000;\">48 LITROS<\/span><\/strong><\/p>\n<p>Mi amigo Antonio Manuel Iglesias que es cazatormentas, fotografi\u00f3 estos impresionantes cumulonimbus arcus en Mijas Costa. Una pasada, fotones.<\/p>\n<p>&nbsp;<\/p>\n<p><a href=\"https:\/\/static-blogs.diariosur.es\/wp-content\/uploads\/sites\/12\/2021\/03\/157191480_10222036925651150_4759593872657907611_o-e1615015331646.jpg\"><img loading=\"lazy\" class=\"aligncenter size-full wp-image-29547\" src=\"https:\/\/static-blogs.diariosur.es\/wp-content\/uploads\/sites\/12\/2021\/03\/157191480_10222036925651150_4759593872657907611_o-e1615015331646.jpg\" alt=\"\" width=\"1200\" height=\"536\" \/><\/a><\/p>\n<p>&nbsp;<\/p>\n<p><a href=\"https:\/\/static-blogs.diariosur.es\/wp-content\/uploads\/sites\/12\/2021\/03\/157170266_10222036924571123_4632624563165145899_n.jpg\"><img loading=\"lazy\" class=\"aligncenter size-full wp-image-29548\" src=\"https:\/\/static-blogs.diariosur.es\/wp-content\/uploads\/sites\/12\/2021\/03\/157170266_10222036924571123_4632624563165145899_n.jpg\" alt=\"\" width=\"960\" height=\"720\" srcset=\"https:\/\/static-blogs.diariosur.es\/wp-content\/uploads\/sites\/12\/2021\/03\/157170266_10222036924571123_4632624563165145899_n.jpg 960w, https:\/\/static-blogs.diariosur.es\/wp-content\/uploads\/sites\/12\/2021\/03\/157170266_10222036924571123_4632624563165145899_n-533x400.jpg 533w, https:\/\/static-blogs.diariosur.es\/wp-content\/uploads\/sites\/12\/2021\/03\/157170266_10222036924571123_4632624563165145899_n-768x576.jpg 768w\" sizes=\"(max-width: 960px) 100vw, 960px\" \/><\/a><\/p>\n<p>&nbsp;<\/p>\n<p><a href=\"https:\/\/static-blogs.diariosur.es\/wp-content\/uploads\/sites\/12\/2021\/03\/157378492_10222036924891131_3486974392168649518_n.jpg\"><img loading=\"lazy\" class=\"aligncenter size-full wp-image-29549\" src=\"https:\/\/static-blogs.diariosur.es\/wp-content\/uploads\/sites\/12\/2021\/03\/157378492_10222036924891131_3486974392168649518_n.jpg\" alt=\"\" width=\"960\" height=\"720\" srcset=\"https:\/\/static-blogs.diariosur.es\/wp-content\/uploads\/sites\/12\/2021\/03\/157378492_10222036924891131_3486974392168649518_n.jpg 960w, https:\/\/static-blogs.diariosur.es\/wp-content\/uploads\/sites\/12\/2021\/03\/157378492_10222036924891131_3486974392168649518_n-533x400.jpg 533w, https:\/\/static-blogs.diariosur.es\/wp-content\/uploads\/sites\/12\/2021\/03\/157378492_10222036924891131_3486974392168649518_n-768x576.jpg 768w\" sizes=\"(max-width: 960px) 100vw, 960px\" \/><\/a><\/p>\n<p>&nbsp;<\/p>\n<p><a href=\"https:\/\/static-blogs.diariosur.es\/wp-content\/uploads\/sites\/12\/2021\/03\/157481308_10222036925931157_391686994471276261_o.jpg\"><img loading=\"lazy\" class=\"aligncenter size-full wp-image-29550\" src=\"https:\/\/static-blogs.diariosur.es\/wp-content\/uploads\/sites\/12\/2021\/03\/157481308_10222036925931157_391686994471276261_o-e1615015430606.jpg\" alt=\"\" width=\"1200\" height=\"489\" \/><\/a><\/p>\n<p>&nbsp;<\/p>\n","protected":false},"excerpt":{"rendered":"<p>Muy buenos d\u00edas, amigos de la meteo. Precauci\u00f3n en Ceuta, esta activado el aviso rojo hasta las doce de la ma\u00f1ana. Ayer se produjeron inundaciones. Nuevamente hoy s\u00e1bado la probabilidad de precipitaciones m\u00e1s fuertes en nuestra comunidad se dar\u00e1n en zonas cercanas al Estrecho, litoral de C\u00e1diz y Ceuta. En las dem\u00e1s zonas pueden caer [&hellip;]<\/p>\n","protected":false},"author":16,"featured_media":29550,"comment_status":"open","ping_status":"open","sticky":false,"template":"","format":"standard","meta":[],"categories":[1],"tags":[100,151,1359,307,1525,358,569,587,800,872,945],"_links":{"self":[{"href":"https:\/\/blogs.diariosur.es\/tormentas-y-rayos\/wp-json\/wp\/v2\/posts\/29546"}],"collection":[{"href":"https:\/\/blogs.diariosur.es\/tormentas-y-rayos\/wp-json\/wp\/v2\/posts"}],"about":[{"href":"https:\/\/blogs.diariosur.es\/tormentas-y-rayos\/wp-json\/wp\/v2\/types\/post"}],"author":[{"embeddable":true,"href":"https:\/\/blogs.diariosur.es\/tormentas-y-rayos\/wp-json\/wp\/v2\/users\/16"}],"replies":[{"embeddable":true,"href":"https:\/\/blogs.diariosur.es\/tormentas-y-rayos\/wp-json\/wp\/v2\/comments?post=29546"}],"version-history":[{"count":4,"href":"https:\/\/blogs.diariosur.es\/tormentas-y-rayos\/wp-json\/wp\/v2\/posts\/29546\/revisions"}],"predecessor-version":[{"id":29554,"href":"https:\/\/blogs.diariosur.es\/tormentas-y-rayos\/wp-json\/wp\/v2\/posts\/29546\/revisions\/29554"}],"wp:featuredmedia":[{"embeddable":true,"href":"https:\/\/blogs.diariosur.es\/tormentas-y-rayos\/wp-json\/wp\/v2\/media\/29550"}],"wp:attachment":[{"href":"https:\/\/blogs.diariosur.es\/tormentas-y-rayos\/wp-json\/wp\/v2\/media?parent=29546"}],"wp:term":[{"taxonomy":"category","embeddable":true,"href":"https:\/\/blogs.diariosur.es\/tormentas-y-rayos\/wp-json\/wp\/v2\/categories?post=29546"},{"taxonomy":"post_tag","embeddable":true,"href":"https:\/\/blogs.diariosur.es\/tormentas-y-rayos\/wp-json\/wp\/v2\/tags?post=29546"}],"curies":[{"name":"wp","href":"https:\/\/api.w.org\/{rel}","templated":true}]}}