{"id":29582,"date":"2021-03-09T08:00:23","date_gmt":"2021-03-09T07:00:23","guid":{"rendered":"http:\/\/blogs.diariosur.es\/tormentas-y-rayos\/?p=29582"},"modified":"2021-03-09T08:01:14","modified_gmt":"2021-03-09T07:01:14","slug":"el-tiempo-en-la-provincia-de-malaga-aire-frio-en-altura-probables-chubascos","status":"publish","type":"post","link":"https:\/\/blogs.diariosur.es\/tormentas-y-rayos\/2021\/03\/09\/el-tiempo-en-la-provincia-de-malaga-aire-frio-en-altura-probables-chubascos\/","title":{"rendered":"El tiempo en la provincia de M\u00e1laga. Aire frio en altura, probables chubascos."},"content":{"rendered":"<p><a href=\"https:\/\/static-blogs.diariosur.es\/wp-content\/uploads\/sites\/12\/2021\/01\/12994479_10207552114859933_1346500259674331485_n.jpg\"><img loading=\"lazy\" class=\"aligncenter size-thumbnail wp-image-29165\" src=\"https:\/\/static-blogs.diariosur.es\/wp-content\/uploads\/sites\/12\/2021\/01\/12994479_10207552114859933_1346500259674331485_n-150x150.jpg\" alt=\"\" width=\"150\" height=\"150\" srcset=\"https:\/\/static-blogs.diariosur.es\/wp-content\/uploads\/sites\/12\/2021\/01\/12994479_10207552114859933_1346500259674331485_n-150x150.jpg 150w, https:\/\/static-blogs.diariosur.es\/wp-content\/uploads\/sites\/12\/2021\/01\/12994479_10207552114859933_1346500259674331485_n-399x400.jpg 399w, https:\/\/static-blogs.diariosur.es\/wp-content\/uploads\/sites\/12\/2021\/01\/12994479_10207552114859933_1346500259674331485_n.jpg 749w\" sizes=\"(max-width: 150px) 100vw, 150px\" \/><\/a><\/p>\n<p>Muy buenos d\u00edas, amigos de la meteo. Ma\u00f1ana fresquita en la capital y toda la provincia, destaca Ronda con 5.7 grados, Gauc\u00edn con 5.2 y Antequera con 7.6. M\u00e1laga Aeropuerto 9.2 grados.<\/p>\n<p>Por fin desde el domingo pasado la calima dio paso a cielos m\u00e1s limpios y sanos. Hoy martes ser\u00e1 el \u00faltimo d\u00eda que tengamos probabilidad de chubascos en la provincia malague\u00f1a, a partir de ma\u00f1ana el anticicl\u00f3n ir\u00e1 tomando protagonismo. Subir\u00e1n las temperaturas m\u00e1ximas en toda Andaluc\u00eda e incluso es probable que el viernes tengamos terral en M\u00e1laga capital y zonas habituales de la provincia, podemos sobrepasar los 25 grados.<\/p>\n<p>Este episodio de lluvias se ha portado fatal con la capital malague\u00f1a, pero en la zona m\u00e1s occidental de la provincia e incluso en los embalses del Guadalhorce han dejado unos buenos litros. La zona oriental ha sido la menos beneficiada, nunca llueve a gusto de todos.<\/p>\n<p><span style=\"color: #ff0000;\"><strong>Aunque en estos momentos cuando son las ocho de la ma\u00f1ana los cielos est\u00e1n poco nubosos, es probable, que a partir del mediod\u00eda las nubes tomen protagonismo y dejen escapar algunos chubascos por el interior de la provincia malague\u00f1a y zonas de costa . T\u00edpicos chubascos primaverales.\u00a0 Podemos tener arcoiris.<\/strong><\/span><\/p>\n<p>Ma\u00f1ana con m\u00e1s tiempo, os dar\u00e9 los acumulados de lluvias m\u00e1s importantes de la provincia de C\u00e1diz y M\u00e1laga.<\/p>\n<p>Os dejo con este bonito desarrollo que cazo mi amigo Javier Gonz\u00e1lez Gonz\u00e1lez\u00a0 a la puesta del sol y otro que cace yo sobre las dos de la tarde.<\/p>\n<p>&nbsp;<\/p>\n<p><a href=\"https:\/\/static-blogs.diariosur.es\/wp-content\/uploads\/sites\/12\/2021\/03\/158416248_10222057867854692_5793820454261456146_o-e1615272715696.jpg\"><img loading=\"lazy\" class=\"aligncenter size-full wp-image-29583\" src=\"https:\/\/static-blogs.diariosur.es\/wp-content\/uploads\/sites\/12\/2021\/03\/158416248_10222057867854692_5793820454261456146_o-e1615272715696.jpg\" alt=\"\" width=\"500\" height=\"1029\" \/><\/a><\/p>\n<p><a href=\"https:\/\/static-blogs.diariosur.es\/wp-content\/uploads\/sites\/12\/2021\/03\/DSC1966-e1615272770504.jpg\"><img loading=\"lazy\" class=\"aligncenter size-full wp-image-29584\" src=\"https:\/\/static-blogs.diariosur.es\/wp-content\/uploads\/sites\/12\/2021\/03\/DSC1966-e1615272770504.jpg\" alt=\"\" width=\"1200\" height=\"800\" \/><\/a><\/p>\n","protected":false},"excerpt":{"rendered":"<p>Muy buenos d\u00edas, amigos de la meteo. Ma\u00f1ana fresquita en la capital y toda la provincia, destaca Ronda con 5.7 grados, Gauc\u00edn con 5.2 y Antequera con 7.6. M\u00e1laga Aeropuerto 9.2 grados. Por fin desde el domingo pasado la calima dio paso a cielos m\u00e1s limpios y sanos. Hoy martes ser\u00e1 el \u00faltimo d\u00eda que [&hellip;]<\/p>\n","protected":false},"author":16,"featured_media":29585,"comment_status":"open","ping_status":"open","sticky":false,"template":"","format":"standard","meta":[],"categories":[1],"tags":[54,85,249,358,432,587,800,815],"_links":{"self":[{"href":"https:\/\/blogs.diariosur.es\/tormentas-y-rayos\/wp-json\/wp\/v2\/posts\/29582"}],"collection":[{"href":"https:\/\/blogs.diariosur.es\/tormentas-y-rayos\/wp-json\/wp\/v2\/posts"}],"about":[{"href":"https:\/\/blogs.diariosur.es\/tormentas-y-rayos\/wp-json\/wp\/v2\/types\/post"}],"author":[{"embeddable":true,"href":"https:\/\/blogs.diariosur.es\/tormentas-y-rayos\/wp-json\/wp\/v2\/users\/16"}],"replies":[{"embeddable":true,"href":"https:\/\/blogs.diariosur.es\/tormentas-y-rayos\/wp-json\/wp\/v2\/comments?post=29582"}],"version-history":[{"count":2,"href":"https:\/\/blogs.diariosur.es\/tormentas-y-rayos\/wp-json\/wp\/v2\/posts\/29582\/revisions"}],"predecessor-version":[{"id":29587,"href":"https:\/\/blogs.diariosur.es\/tormentas-y-rayos\/wp-json\/wp\/v2\/posts\/29582\/revisions\/29587"}],"wp:featuredmedia":[{"embeddable":true,"href":"https:\/\/blogs.diariosur.es\/tormentas-y-rayos\/wp-json\/wp\/v2\/media\/29585"}],"wp:attachment":[{"href":"https:\/\/blogs.diariosur.es\/tormentas-y-rayos\/wp-json\/wp\/v2\/media?parent=29582"}],"wp:term":[{"taxonomy":"category","embeddable":true,"href":"https:\/\/blogs.diariosur.es\/tormentas-y-rayos\/wp-json\/wp\/v2\/categories?post=29582"},{"taxonomy":"post_tag","embeddable":true,"href":"https:\/\/blogs.diariosur.es\/tormentas-y-rayos\/wp-json\/wp\/v2\/tags?post=29582"}],"curies":[{"name":"wp","href":"https:\/\/api.w.org\/{rel}","templated":true}]}}