{"id":29597,"date":"2021-03-11T08:23:54","date_gmt":"2021-03-11T07:23:54","guid":{"rendered":"http:\/\/blogs.diariosur.es\/tormentas-y-rayos\/?p=29597"},"modified":"2021-03-14T08:46:56","modified_gmt":"2021-03-14T07:46:56","slug":"el-tiempo-fin-de-semana-en-malaga-probabilidad-de-terral-el-viernes","status":"publish","type":"post","link":"https:\/\/blogs.diariosur.es\/tormentas-y-rayos\/2021\/03\/11\/el-tiempo-fin-de-semana-en-malaga-probabilidad-de-terral-el-viernes\/","title":{"rendered":"El tiempo fin de semana en M\u00e1laga. Probabilidad de terral el viernes."},"content":{"rendered":"<p><a href=\"https:\/\/static-blogs.diariosur.es\/wp-content\/uploads\/sites\/12\/2021\/01\/12994479_10207552114859933_1346500259674331485_n.jpg\"><img loading=\"lazy\" class=\"aligncenter size-thumbnail wp-image-29165\" src=\"https:\/\/static-blogs.diariosur.es\/wp-content\/uploads\/sites\/12\/2021\/01\/12994479_10207552114859933_1346500259674331485_n-150x150.jpg\" alt=\"\" width=\"150\" height=\"150\" srcset=\"https:\/\/static-blogs.diariosur.es\/wp-content\/uploads\/sites\/12\/2021\/01\/12994479_10207552114859933_1346500259674331485_n-150x150.jpg 150w, https:\/\/static-blogs.diariosur.es\/wp-content\/uploads\/sites\/12\/2021\/01\/12994479_10207552114859933_1346500259674331485_n-399x400.jpg 399w, https:\/\/static-blogs.diariosur.es\/wp-content\/uploads\/sites\/12\/2021\/01\/12994479_10207552114859933_1346500259674331485_n.jpg 749w\" sizes=\"(max-width: 150px) 100vw, 150px\" \/><\/a><\/p>\n<p>Muy buenos d\u00edas fresquitos, amigos de la meteo. En estos momentos cuando son las ocho de la ma\u00f1ana, el Aeropuerto de M\u00e1laga registra<strong> 7.2 grados<\/strong>, mi estaci\u00f3n un poco m\u00e1s, nueve grados. Los cielos est\u00e1n despejados y el viento sopla flojo en mi zona de componente oeste.<\/p>\n<h3><span style=\"color: #0000ff;\"><strong>Empezaremos con la previsi\u00f3n de ma\u00f1ana Viernes 12 de Marzo.\u00a0<\/strong><\/span><\/h3>\n<p>Lo m\u00e1s destacable para el viernes ser\u00e1 la probabilidad alta de terral de primavera en las zonas habituales de la provincia malague\u00f1a. Se pueden alcanzar los 25 grados. Rachas fuertes en toda la costa malague\u00f1a de oeste, noroeste a partir del mediod\u00eda. A primeras horas de la ma\u00f1ana posibles bancos de nieblas por el interior de la provincia.<\/p>\n<p>Os paso las temperaturas m\u00e1ximas y m\u00ednimas que prev\u00e9 la aemet.<\/p>\n<p>&nbsp;<\/p>\n<p><a href=\"https:\/\/static-blogs.diariosur.es\/wp-content\/uploads\/sites\/12\/2021\/03\/Captura-2.jpg\"><img loading=\"lazy\" class=\"aligncenter size-full wp-image-29601\" src=\"https:\/\/static-blogs.diariosur.es\/wp-content\/uploads\/sites\/12\/2021\/03\/Captura-2.jpg\" alt=\"\" width=\"694\" height=\"544\" srcset=\"https:\/\/static-blogs.diariosur.es\/wp-content\/uploads\/sites\/12\/2021\/03\/Captura-2.jpg 694w, https:\/\/static-blogs.diariosur.es\/wp-content\/uploads\/sites\/12\/2021\/03\/Captura-2-510x400.jpg 510w\" sizes=\"(max-width: 694px) 100vw, 694px\" \/><\/a><\/p>\n<p>&nbsp;<\/p>\n<h3><span style=\"color: #0000ff;\"><strong>Previsi\u00f3n S\u00e1bado 13 de Marzo<\/strong><\/span><\/h3>\n<p>A primeras horas de la ma\u00f1ana el viento de terral rolar\u00e1 a levante en la costa malague\u00f1a, este cambio de viento vendr\u00e1 acompa\u00f1ado de nubes que pueden dejar escapar alguna gotillas en alg\u00fan punto, a partir del mediod\u00eda estas nubes desaparecer\u00e1n. En las zonas que el d\u00eda anterior se acercaron a los 25 grados, es muy probables que se queden en 18 y 19 grados.<\/p>\n<p>Os paso las m\u00e1ximas y m\u00ednimas que prev\u00e9 la aemet.<\/p>\n<p>&nbsp;<\/p>\n<p><a href=\"https:\/\/static-blogs.diariosur.es\/wp-content\/uploads\/sites\/12\/2021\/03\/Captura-3.jpg\"><img loading=\"lazy\" class=\"aligncenter size-full wp-image-29602\" src=\"https:\/\/static-blogs.diariosur.es\/wp-content\/uploads\/sites\/12\/2021\/03\/Captura-3.jpg\" alt=\"\" width=\"701\" height=\"443\" srcset=\"https:\/\/static-blogs.diariosur.es\/wp-content\/uploads\/sites\/12\/2021\/03\/Captura-3.jpg 701w, https:\/\/static-blogs.diariosur.es\/wp-content\/uploads\/sites\/12\/2021\/03\/Captura-3-633x400.jpg 633w\" sizes=\"(max-width: 701px) 100vw, 701px\" \/><\/a><\/p>\n<p>&nbsp;<\/p>\n<h3><span style=\"color: #0000ff;\"><strong>Previsi\u00f3n Domingo 14 de Marzo.<\/strong><\/span><\/h3>\n<p>La probabilidad de precipitaciones es del 0%. El viento soplar\u00e1 flojo de direcci\u00f3n variable, esto puede traer consigo tar\u00f3. Bonito d\u00eda para pasear por la playa y el campo.<\/p>\n<p>Os pongo las temperaturas m\u00e1ximas y m\u00ednimas que prev\u00e9 la aemet.<\/p>\n<p>&nbsp;<\/p>\n<p><a href=\"https:\/\/static-blogs.diariosur.es\/wp-content\/uploads\/sites\/12\/2021\/03\/Captura-4.jpg\"><img loading=\"lazy\" class=\"aligncenter size-full wp-image-29603\" src=\"https:\/\/static-blogs.diariosur.es\/wp-content\/uploads\/sites\/12\/2021\/03\/Captura-4.jpg\" alt=\"\" width=\"695\" height=\"547\" srcset=\"https:\/\/static-blogs.diariosur.es\/wp-content\/uploads\/sites\/12\/2021\/03\/Captura-4.jpg 695w, https:\/\/static-blogs.diariosur.es\/wp-content\/uploads\/sites\/12\/2021\/03\/Captura-4-508x400.jpg 508w\" sizes=\"(max-width: 695px) 100vw, 695px\" \/><\/a><\/p>\n<p>&nbsp;<\/p>\n<p>El domingo o el lunes hablaremos de una posible entrada fr\u00eda que se espera a partir del dia de San Jos\u00e9.<\/p>\n<p>Os dejo con estos fotones que hizo mi amiga Lucia Mu\u00f1oz Arrabal en Nerja el lunes pasado. Una pasada de bonitos.<\/p>\n<p>&nbsp;<\/p>\n<p><a href=\"https:\/\/static-blogs.diariosur.es\/wp-content\/uploads\/sites\/12\/2021\/03\/159303376_10222070997902935_3714805584390160430_n.jpg\"><img loading=\"lazy\" class=\"aligncenter size-full wp-image-29604\" src=\"https:\/\/static-blogs.diariosur.es\/wp-content\/uploads\/sites\/12\/2021\/03\/159303376_10222070997902935_3714805584390160430_n.jpg\" alt=\"\" width=\"960\" height=\"484\" srcset=\"https:\/\/static-blogs.diariosur.es\/wp-content\/uploads\/sites\/12\/2021\/03\/159303376_10222070997902935_3714805584390160430_n.jpg 960w, https:\/\/static-blogs.diariosur.es\/wp-content\/uploads\/sites\/12\/2021\/03\/159303376_10222070997902935_3714805584390160430_n-640x323.jpg 640w, https:\/\/static-blogs.diariosur.es\/wp-content\/uploads\/sites\/12\/2021\/03\/159303376_10222070997902935_3714805584390160430_n-768x387.jpg 768w\" sizes=\"(max-width: 960px) 100vw, 960px\" \/><\/a><\/p>\n<p>&nbsp;<\/p>\n<p><a href=\"https:\/\/static-blogs.diariosur.es\/wp-content\/uploads\/sites\/12\/2021\/03\/159460509_10222070998302945_6694457070415137516_n.jpg\"><img loading=\"lazy\" class=\"aligncenter size-full wp-image-29605\" src=\"https:\/\/static-blogs.diariosur.es\/wp-content\/uploads\/sites\/12\/2021\/03\/159460509_10222070998302945_6694457070415137516_n.jpg\" alt=\"\" width=\"960\" height=\"538\" srcset=\"https:\/\/static-blogs.diariosur.es\/wp-content\/uploads\/sites\/12\/2021\/03\/159460509_10222070998302945_6694457070415137516_n.jpg 960w, https:\/\/static-blogs.diariosur.es\/wp-content\/uploads\/sites\/12\/2021\/03\/159460509_10222070998302945_6694457070415137516_n-640x359.jpg 640w, https:\/\/static-blogs.diariosur.es\/wp-content\/uploads\/sites\/12\/2021\/03\/159460509_10222070998302945_6694457070415137516_n-768x430.jpg 768w\" sizes=\"(max-width: 960px) 100vw, 960px\" \/><\/a><\/p>\n<p>&nbsp;<\/p>\n","protected":false},"excerpt":{"rendered":"<p>Muy buenos d\u00edas fresquitos, amigos de la meteo. En estos momentos cuando son las ocho de la ma\u00f1ana, el Aeropuerto de M\u00e1laga registra 7.2 grados, mi estaci\u00f3n un poco m\u00e1s, nueve grados. Los cielos est\u00e1n despejados y el viento sopla flojo en mi zona de componente oeste. Empezaremos con la previsi\u00f3n de ma\u00f1ana Viernes 12 [&hellip;]<\/p>\n","protected":false},"author":16,"featured_media":29605,"comment_status":"open","ping_status":"open","sticky":false,"template":"","format":"standard","meta":[],"categories":[1],"tags":[100,309,358,410,587,800,902],"_links":{"self":[{"href":"https:\/\/blogs.diariosur.es\/tormentas-y-rayos\/wp-json\/wp\/v2\/posts\/29597"}],"collection":[{"href":"https:\/\/blogs.diariosur.es\/tormentas-y-rayos\/wp-json\/wp\/v2\/posts"}],"about":[{"href":"https:\/\/blogs.diariosur.es\/tormentas-y-rayos\/wp-json\/wp\/v2\/types\/post"}],"author":[{"embeddable":true,"href":"https:\/\/blogs.diariosur.es\/tormentas-y-rayos\/wp-json\/wp\/v2\/users\/16"}],"replies":[{"embeddable":true,"href":"https:\/\/blogs.diariosur.es\/tormentas-y-rayos\/wp-json\/wp\/v2\/comments?post=29597"}],"version-history":[{"count":6,"href":"https:\/\/blogs.diariosur.es\/tormentas-y-rayos\/wp-json\/wp\/v2\/posts\/29597\/revisions"}],"predecessor-version":[{"id":29619,"href":"https:\/\/blogs.diariosur.es\/tormentas-y-rayos\/wp-json\/wp\/v2\/posts\/29597\/revisions\/29619"}],"wp:featuredmedia":[{"embeddable":true,"href":"https:\/\/blogs.diariosur.es\/tormentas-y-rayos\/wp-json\/wp\/v2\/media\/29605"}],"wp:attachment":[{"href":"https:\/\/blogs.diariosur.es\/tormentas-y-rayos\/wp-json\/wp\/v2\/media?parent=29597"}],"wp:term":[{"taxonomy":"category","embeddable":true,"href":"https:\/\/blogs.diariosur.es\/tormentas-y-rayos\/wp-json\/wp\/v2\/categories?post=29597"},{"taxonomy":"post_tag","embeddable":true,"href":"https:\/\/blogs.diariosur.es\/tormentas-y-rayos\/wp-json\/wp\/v2\/tags?post=29597"}],"curies":[{"name":"wp","href":"https:\/\/api.w.org\/{rel}","templated":true}]}}