{"id":29609,"date":"2021-03-13T08:59:50","date_gmt":"2021-03-13T07:59:50","guid":{"rendered":"http:\/\/blogs.diariosur.es\/tormentas-y-rayos\/?p=29609"},"modified":"2021-03-13T08:59:50","modified_gmt":"2021-03-13T07:59:50","slug":"el-tiempo-en-espana-andalucia-probabilidad-de-una-masa-de-aire-frio-de-origen-polar-para-el-puente-de-san-jose","status":"publish","type":"post","link":"https:\/\/blogs.diariosur.es\/tormentas-y-rayos\/2021\/03\/13\/el-tiempo-en-espana-andalucia-probabilidad-de-una-masa-de-aire-frio-de-origen-polar-para-el-puente-de-san-jose\/","title":{"rendered":"El tiempo en Espa\u00f1a, Andaluc\u00eda. Probabilidad de una masa de aire frio de origen polar, para el Puente de San Jos\u00e9."},"content":{"rendered":"<p><a href=\"https:\/\/static-blogs.diariosur.es\/wp-content\/uploads\/sites\/12\/2021\/01\/12994479_10207552114859933_1346500259674331485_n.jpg\"><img loading=\"lazy\" class=\"aligncenter size-thumbnail wp-image-29165\" src=\"https:\/\/static-blogs.diariosur.es\/wp-content\/uploads\/sites\/12\/2021\/01\/12994479_10207552114859933_1346500259674331485_n-150x150.jpg\" alt=\"\" width=\"150\" height=\"150\" srcset=\"https:\/\/static-blogs.diariosur.es\/wp-content\/uploads\/sites\/12\/2021\/01\/12994479_10207552114859933_1346500259674331485_n-150x150.jpg 150w, https:\/\/static-blogs.diariosur.es\/wp-content\/uploads\/sites\/12\/2021\/01\/12994479_10207552114859933_1346500259674331485_n-399x400.jpg 399w, https:\/\/static-blogs.diariosur.es\/wp-content\/uploads\/sites\/12\/2021\/01\/12994479_10207552114859933_1346500259674331485_n.jpg 749w\" sizes=\"(max-width: 150px) 100vw, 150px\" \/><\/a><\/p>\n<p>Muy buenos d\u00edas, amigos de la meteo. Llevo recibiendo mensajes desde hace un par de d\u00edas, pregunt\u00e1ndome muchos de vosotros, por la posible entrada de una masa de aire fr\u00edo de origen polar.<\/p>\n<p>Esta masa de aire fr\u00edo har\u00eda bajar las temperaturas como si estuvi\u00e9ramos en pleno invierno en toda Europa y zonas de la pen\u00ednsula que a\u00fan est\u00e1n por determinar.<\/p>\n<p>Este cambio de tiempo se deber\u00e1 a que la dorsal del anticicl\u00f3n de las Azores llegar\u00eda hasta la zona de Islandia, esto favorecer\u00e1 el descuelgue de una borrasca retr\u00f3gradamente hacia la pen\u00ednsula.<\/p>\n<p>Con estos mapas a 500 hpa del modelo europeo lo pod\u00e9is comprender mejor.<\/p>\n<p>La posici\u00f3n del anticicl\u00f3n y la borrasca favorecer\u00e1 esa entrada de aire muy fr\u00edo de origen polar.<\/p>\n<p>Fuente meteolo.<\/p>\n<p>Mapa previsto para hoy s\u00e1bado.<\/p>\n<p>&nbsp;<\/p>\n<p><a href=\"https:\/\/static-blogs.diariosur.es\/wp-content\/uploads\/sites\/12\/2021\/03\/24.gif\"><img loading=\"lazy\" class=\"aligncenter size-full wp-image-29610\" src=\"https:\/\/static-blogs.diariosur.es\/wp-content\/uploads\/sites\/12\/2021\/03\/24.gif\" alt=\"\" width=\"844\" height=\"540\" \/><\/a><\/p>\n<p>&nbsp;<\/p>\n<p>Mapa previsto para el viernes 19.<\/p>\n<p>&nbsp;<\/p>\n<p><a href=\"https:\/\/static-blogs.diariosur.es\/wp-content\/uploads\/sites\/12\/2021\/03\/144.gif\"><img loading=\"lazy\" class=\"aligncenter size-full wp-image-29611\" src=\"https:\/\/static-blogs.diariosur.es\/wp-content\/uploads\/sites\/12\/2021\/03\/144.gif\" alt=\"\" width=\"844\" height=\"540\" \/><\/a><\/p>\n<p>&nbsp;<\/p>\n<p>De momento hay peque\u00f1as diferencias entre los dos grandes modelos, que como muchos sab\u00e9is son el europeo y el americano. La pregunta del mill\u00f3n de todos vosotros es si afectar\u00e1 a nuestra comunidad andaluza, tanto en fr\u00edo como en lluvias. A vuestra pregunta, comentaros que el lunes pr\u00f3ximo estar\u00e1 m\u00e1s claro que puede pasar, todo depender\u00e1 si la borrasca se acerca m\u00e1s a Espa\u00f1a y se a\u00edsla. Lo que si os adelanto que a partir del viernes bajar\u00e1n las temperaturas m\u00e1ximas y m\u00ednimas.<\/p>\n<p>Ojal\u00e1 tengamos la suerte de ver nuestras monta\u00f1as nuevamente con nieve.<\/p>\n<p>Nos vemos el lunes.<\/p>\n<p><a href=\"https:\/\/static-blogs.diariosur.es\/wp-content\/uploads\/sites\/12\/2020\/01\/5380866786_9a7dd9558b_o.jpg\"><img loading=\"lazy\" class=\"aligncenter size-full wp-image-26318\" src=\"https:\/\/static-blogs.diariosur.es\/wp-content\/uploads\/sites\/12\/2020\/01\/5380866786_9a7dd9558b_o.jpg\" alt=\"\" width=\"900\" height=\"675\" srcset=\"https:\/\/static-blogs.diariosur.es\/wp-content\/uploads\/sites\/12\/2020\/01\/5380866786_9a7dd9558b_o.jpg 900w, https:\/\/static-blogs.diariosur.es\/wp-content\/uploads\/sites\/12\/2020\/01\/5380866786_9a7dd9558b_o-533x400.jpg 533w, https:\/\/static-blogs.diariosur.es\/wp-content\/uploads\/sites\/12\/2020\/01\/5380866786_9a7dd9558b_o-768x576.jpg 768w\" sizes=\"(max-width: 900px) 100vw, 900px\" \/><\/a><\/p>\n","protected":false},"excerpt":{"rendered":"<p>Muy buenos d\u00edas, amigos de la meteo. Llevo recibiendo mensajes desde hace un par de d\u00edas, pregunt\u00e1ndome muchos de vosotros, por la posible entrada de una masa de aire fr\u00edo de origen polar. Esta masa de aire fr\u00edo har\u00eda bajar las temperaturas como si estuvi\u00e9ramos en pleno invierno en toda Europa y zonas de la [&hellip;]<\/p>\n","protected":false},"author":16,"featured_media":29612,"comment_status":"open","ping_status":"open","sticky":false,"template":"","format":"standard","meta":[],"categories":[1],"tags":[54,100,358,375,432,616,690,787,832,1576],"_links":{"self":[{"href":"https:\/\/blogs.diariosur.es\/tormentas-y-rayos\/wp-json\/wp\/v2\/posts\/29609"}],"collection":[{"href":"https:\/\/blogs.diariosur.es\/tormentas-y-rayos\/wp-json\/wp\/v2\/posts"}],"about":[{"href":"https:\/\/blogs.diariosur.es\/tormentas-y-rayos\/wp-json\/wp\/v2\/types\/post"}],"author":[{"embeddable":true,"href":"https:\/\/blogs.diariosur.es\/tormentas-y-rayos\/wp-json\/wp\/v2\/users\/16"}],"replies":[{"embeddable":true,"href":"https:\/\/blogs.diariosur.es\/tormentas-y-rayos\/wp-json\/wp\/v2\/comments?post=29609"}],"version-history":[{"count":1,"href":"https:\/\/blogs.diariosur.es\/tormentas-y-rayos\/wp-json\/wp\/v2\/posts\/29609\/revisions"}],"predecessor-version":[{"id":29613,"href":"https:\/\/blogs.diariosur.es\/tormentas-y-rayos\/wp-json\/wp\/v2\/posts\/29609\/revisions\/29613"}],"wp:featuredmedia":[{"embeddable":true,"href":"https:\/\/blogs.diariosur.es\/tormentas-y-rayos\/wp-json\/wp\/v2\/media\/29612"}],"wp:attachment":[{"href":"https:\/\/blogs.diariosur.es\/tormentas-y-rayos\/wp-json\/wp\/v2\/media?parent=29609"}],"wp:term":[{"taxonomy":"category","embeddable":true,"href":"https:\/\/blogs.diariosur.es\/tormentas-y-rayos\/wp-json\/wp\/v2\/categories?post=29609"},{"taxonomy":"post_tag","embeddable":true,"href":"https:\/\/blogs.diariosur.es\/tormentas-y-rayos\/wp-json\/wp\/v2\/tags?post=29609"}],"curies":[{"name":"wp","href":"https:\/\/api.w.org\/{rel}","templated":true}]}}