{"id":29622,"date":"2021-03-15T08:42:48","date_gmt":"2021-03-15T07:42:48","guid":{"rendered":"http:\/\/blogs.diariosur.es\/tormentas-y-rayos\/?p=29622"},"modified":"2021-03-15T08:46:13","modified_gmt":"2021-03-15T07:46:13","slug":"el-tiempo-en-andalucia-malaga-seguimiento-masa-de-aire-muy-fria-de-latitudes-muy-altas-polar-o-artica","status":"publish","type":"post","link":"https:\/\/blogs.diariosur.es\/tormentas-y-rayos\/2021\/03\/15\/el-tiempo-en-andalucia-malaga-seguimiento-masa-de-aire-muy-fria-de-latitudes-muy-altas-polar-o-artica\/","title":{"rendered":"El tiempo en Andaluc\u00eda, M\u00e1laga. Seguimiento masa de aire muy fr\u00eda de latitudes muy altas. \u00bf Polar o \u00e1rtica ?"},"content":{"rendered":"<p><a href=\"https:\/\/static-blogs.diariosur.es\/wp-content\/uploads\/sites\/12\/2021\/01\/12994479_10207552114859933_1346500259674331485_n.jpg\"><img loading=\"lazy\" class=\"aligncenter size-thumbnail wp-image-29165\" src=\"https:\/\/static-blogs.diariosur.es\/wp-content\/uploads\/sites\/12\/2021\/01\/12994479_10207552114859933_1346500259674331485_n-150x150.jpg\" alt=\"\" width=\"150\" height=\"150\" srcset=\"https:\/\/static-blogs.diariosur.es\/wp-content\/uploads\/sites\/12\/2021\/01\/12994479_10207552114859933_1346500259674331485_n-150x150.jpg 150w, https:\/\/static-blogs.diariosur.es\/wp-content\/uploads\/sites\/12\/2021\/01\/12994479_10207552114859933_1346500259674331485_n-399x400.jpg 399w, https:\/\/static-blogs.diariosur.es\/wp-content\/uploads\/sites\/12\/2021\/01\/12994479_10207552114859933_1346500259674331485_n.jpg 749w\" sizes=\"(max-width: 150px) 100vw, 150px\" \/><\/a><\/p>\n<p>Muy buenos d\u00edas, amigos de la meteo. Cada vez que se da un escenario de entradas muy fr\u00edas en la pen\u00ednsula, salta la duda si es polar, \u00e1rtica o siberiana. Por eso en el titulo del post he puesto entrada de aire muy fr\u00eda de latitudes muy altas, si ma\u00f1ana esta m\u00e1s clara veremos que origen tiene, aunque apunta a que sea \u00e1rtica.<\/p>\n<p>Dicho esto quiero comenzar con lo que escribi\u00f3 ayer mi amigo Mario Fernandez en facebook.<\/p>\n<div dir=\"auto\"><strong><em>En muchas ocasiones resulta ser cierto que a un febrero relativamente tranquilo en lo meteorol\u00f3gico siga un marzo mucho m\u00e1s rebelde y revuelto.<\/em><\/strong><\/div>\n<div dir=\"auto\"><strong><em> Se apela a mucho tipo de explicaciones para la aparici\u00f3n de aut\u00e9nticas regresiones invernales: el clima es un estado medio y, como estadio medio, los extremos suelen compensarse ( esto ha sido especialmente cierto este a\u00f1o en el que un febrero benigno fue antecedido por un enero fr\u00edo). Se suele apelar tambi\u00e9n a que ya en marzo la din\u00e1mica atmosf\u00e9rica es una din\u00e1mica de transici\u00f3n en la que ya se adivinan ciertos caracteres primaverales; otras veces, y este no es el caso, suelen ser los calentamientos estratosf\u00e9ricos finales.<\/em><\/strong><\/div>\n<div dir=\"auto\"><strong><em>En el caso que nos ocupa, el del desalojo fr\u00edo para mediados de la semana pr\u00f3xima son varios los escenarios que se barajan para la Pen\u00ednsula: pocos escenarios sit\u00faan una dana hacia el oeste peninsular; otros nos dejan bajo el dominio de una dorsal atl\u00e1ntica extendida de forma meridiana( sur-norte) y algunos otros dibujan una baja a todos los niveles hacia el entorno Albor\u00e1n-Mediterr\u00e1neo. <span style=\"color: #ff0000;\">A lo mejor repito un topicazo si digo que las entradas retr\u00f3gradas se les atraganta a los modelos.<\/span> En realidad, las ecuaciones atmosf\u00e9ricas se conocen desde el siglo pasado o antes y tanto da como se presente la situaci\u00f3n sin\u00f3ptica a la hora de resolver las ecuaciones din\u00e1micas de los modelos aunque una cosa s\u00ed es cierta: las corrientes a escala sin\u00f3ptica con vientos con cierta componente este son inestables. Dicha inestabilidad se traduce en que se enrollan sobre s\u00ed misma y debido a esta tendencia al &#8220;enrollamiento&#8221; suelen llevar g\u00e9rmenes de bajas que, la experiencia dice, suelen colocarse y dejar mayores dividendos pluviom\u00e9tricos en el sudeste peninsular.<\/em><\/strong><\/div>\n<div dir=\"auto\"><strong><em>Todas estas circunstancias son recogidas por los mapas probabil\u00edsticos del Centro Europeo pero, en particular, vamos a fijarnos en uno: en concreto en el an\u00e1lisis previsto a 144 horas, correspondiente al viernes y en el nivel de los 500 hPa. En \u00e9l puede observarse un fuerte chorro que descendiendo desde Escandinavia se cierra sobre el suroeste peninsular. En el mapa de medias, mapa de la izquierda, se da una zona de m\u00e1xima incertidumbre hacia el suroeste peninsular. Fijaos que si dicho chorro, representado por el haz de isohipsas mencionado se abriese o se estrechase m\u00e1s, distinto ser\u00eda el panorama y las zonas afectadas.<\/em><\/strong><\/div>\n<div dir=\"auto\"><strong><em>En los an\u00e1lisis previos al anteriormente mencionado, correspondientes al jueves, toda la Pen\u00ednsula se encuentra en una zona con incertidumbre m\u00e1xima, tanto a nivel de superficie como en el nivel de los 500 hPa.<\/em><\/strong><\/div>\n<div dir=\"auto\"><strong><em>En fin, toca seguir la situaci\u00f3n. Regresi\u00f3n invernal tendremos, sin duda y dependiendo de c\u00f3mo se desarrolle el teatro sin\u00f3ptico ya ver\u00edamos si se dar\u00eda una &#8220;Filomenilla&#8221;( no es lo mismo enero que marzo) o todo quedar\u00eda en unas temibles heladas tard\u00edas. Buenas noches a tod@s.<\/em><\/strong><\/div>\n<div dir=\"auto\"><\/div>\n<div dir=\"auto\"><\/div>\n<div dir=\"auto\"><\/div>\n<div dir=\"auto\">Foto montes de M\u00e1laga, Fuente de la Reina<\/div>\n<div dir=\"auto\"><\/div>\n<div dir=\"auto\"><\/div>\n<p><a href=\"https:\/\/static-blogs.diariosur.es\/wp-content\/uploads\/sites\/12\/2021\/01\/2-4-e1610277848501.jpg\"><img loading=\"lazy\" class=\"aligncenter size-full wp-image-29110\" src=\"https:\/\/static-blogs.diariosur.es\/wp-content\/uploads\/sites\/12\/2021\/01\/2-4-e1610277848501.jpg\" alt=\"\" width=\"1200\" height=\"800\" \/><\/a><\/p>\n<div dir=\"auto\"><\/div>\n<div dir=\"auto\"><\/div>\n<div dir=\"auto\">Como comenta mi amigo Mario, las situaciones retr\u00f3gradas se les atragantan a los modelos, y la pruebas las tenemos hoy nuevamente. Los dos principales modelos coinciden en la bajada de temperaturas m\u00e1ximas y m\u00ednimas pero en cuesti\u00f3n de lluvias no.<\/div>\n<div dir=\"auto\"><span style=\"color: #ff0000;\"><strong>En esta ocasi\u00f3n el americano es m\u00e1s r\u00e1cano en lluvias para nuestra comunidad, en cambio el modelo europeo da unos impresionantes acumulados para las provincia de Granada y sobre todo para la de Almer\u00eda. En la provincia de M\u00e1laga no mucho.\u00a0<\/strong><\/span><\/div>\n<div dir=\"auto\">\u00a0Sinti\u00e9ndolo mucho no puedo confirmar lo de las lluvias, espero que ma\u00f1ana este m\u00e1s claro.<\/div>\n<div dir=\"auto\">Lo m\u00e1s seguro es que haga una porra en facebook.<\/div>\n<div dir=\"auto\"><\/div>\n","protected":false},"excerpt":{"rendered":"<p>Muy buenos d\u00edas, amigos de la meteo. Cada vez que se da un escenario de entradas muy fr\u00edas en la pen\u00ednsula, salta la duda si es polar, \u00e1rtica o siberiana. Por eso en el titulo del post he puesto entrada de aire muy fr\u00eda de latitudes muy altas, si ma\u00f1ana esta m\u00e1s clara veremos que [&hellip;]<\/p>\n","protected":false},"author":16,"featured_media":29110,"comment_status":"open","ping_status":"open","sticky":false,"template":"","format":"standard","meta":[],"categories":[1],"tags":[54,100,1264,358,375,431,587,616,787],"_links":{"self":[{"href":"https:\/\/blogs.diariosur.es\/tormentas-y-rayos\/wp-json\/wp\/v2\/posts\/29622"}],"collection":[{"href":"https:\/\/blogs.diariosur.es\/tormentas-y-rayos\/wp-json\/wp\/v2\/posts"}],"about":[{"href":"https:\/\/blogs.diariosur.es\/tormentas-y-rayos\/wp-json\/wp\/v2\/types\/post"}],"author":[{"embeddable":true,"href":"https:\/\/blogs.diariosur.es\/tormentas-y-rayos\/wp-json\/wp\/v2\/users\/16"}],"replies":[{"embeddable":true,"href":"https:\/\/blogs.diariosur.es\/tormentas-y-rayos\/wp-json\/wp\/v2\/comments?post=29622"}],"version-history":[{"count":3,"href":"https:\/\/blogs.diariosur.es\/tormentas-y-rayos\/wp-json\/wp\/v2\/posts\/29622\/revisions"}],"predecessor-version":[{"id":29625,"href":"https:\/\/blogs.diariosur.es\/tormentas-y-rayos\/wp-json\/wp\/v2\/posts\/29622\/revisions\/29625"}],"wp:featuredmedia":[{"embeddable":true,"href":"https:\/\/blogs.diariosur.es\/tormentas-y-rayos\/wp-json\/wp\/v2\/media\/29110"}],"wp:attachment":[{"href":"https:\/\/blogs.diariosur.es\/tormentas-y-rayos\/wp-json\/wp\/v2\/media?parent=29622"}],"wp:term":[{"taxonomy":"category","embeddable":true,"href":"https:\/\/blogs.diariosur.es\/tormentas-y-rayos\/wp-json\/wp\/v2\/categories?post=29622"},{"taxonomy":"post_tag","embeddable":true,"href":"https:\/\/blogs.diariosur.es\/tormentas-y-rayos\/wp-json\/wp\/v2\/tags?post=29622"}],"curies":[{"name":"wp","href":"https:\/\/api.w.org\/{rel}","templated":true}]}}