{"id":29639,"date":"2021-03-17T16:22:42","date_gmt":"2021-03-17T15:22:42","guid":{"rendered":"https:\/\/blogs.diariosur.es\/tormentas-y-rayos\/?p=29639"},"modified":"2021-03-17T16:22:42","modified_gmt":"2021-03-17T15:22:42","slug":"ultima-hora-el-tiempo-en-malaga-prediccion-18-y-19-dia-del-padre-llovera-hara-frio","status":"publish","type":"post","link":"https:\/\/blogs.diariosur.es\/tormentas-y-rayos\/2021\/03\/17\/ultima-hora-el-tiempo-en-malaga-prediccion-18-y-19-dia-del-padre-llovera-hara-frio\/","title":{"rendered":"\u00daltima hora. El tiempo en M\u00e1laga. Predicci\u00f3n 18 y 19 D\u00eda del Padre.  \u00bfLlover\u00e1, hara fr\u00edo?"},"content":{"rendered":"<p><a href=\"https:\/\/static-blogs.diariosur.es\/wp-content\/uploads\/sites\/12\/2021\/01\/12994479_10207552114859933_1346500259674331485_n.jpg\"><img loading=\"lazy\" class=\"aligncenter size-thumbnail wp-image-29165\" src=\"https:\/\/static-blogs.diariosur.es\/wp-content\/uploads\/sites\/12\/2021\/01\/12994479_10207552114859933_1346500259674331485_n-150x150.jpg\" alt=\"\" width=\"150\" height=\"150\" srcset=\"https:\/\/static-blogs.diariosur.es\/wp-content\/uploads\/sites\/12\/2021\/01\/12994479_10207552114859933_1346500259674331485_n-150x150.jpg 150w, https:\/\/static-blogs.diariosur.es\/wp-content\/uploads\/sites\/12\/2021\/01\/12994479_10207552114859933_1346500259674331485_n-399x400.jpg 399w, https:\/\/static-blogs.diariosur.es\/wp-content\/uploads\/sites\/12\/2021\/01\/12994479_10207552114859933_1346500259674331485_n.jpg 749w\" sizes=\"(max-width: 150px) 100vw, 150px\" \/><\/a><\/p>\n<p>Muy buenas tardes, amigos de la meteo. Me hab\u00e9is echado de menos esta ma\u00f1ana ??, pues ya estoy aqu\u00ed. He estado con problemas en el blog y no pod\u00eda actualizarlo. Por favor leer y luego pregunt\u00e1is.<\/p>\n<p>De momento os voy a dar la predicci\u00f3n para ma\u00f1ana jueves y el viernes D\u00eda del Padre, aunque comentar\u00e9 algo sobre el s\u00e1bado y el domingo.<\/p>\n<p>Lo primero que quiero que os fij\u00e9is es en los acumulados de lluvias que dan desde ma\u00f1ana y hasta el domingo el modelo europeo y el americano. Mucha diferencia, yo soy m\u00e1s fiel al modelo europeo.\u00a0 Las vaguadas retr\u00f3gradas son muy dificiles de modelizar.<\/p>\n<p><span style=\"color: #0000ff;\"><strong>MODELO EUROPEO.<\/strong><\/span><\/p>\n<p>&nbsp;<\/p>\n<p><a href=\"https:\/\/static-blogs.diariosur.es\/wp-content\/uploads\/sites\/12\/2021\/03\/europeo.png\"><img loading=\"lazy\" class=\"aligncenter size-full wp-image-29640\" src=\"https:\/\/static-blogs.diariosur.es\/wp-content\/uploads\/sites\/12\/2021\/03\/europeo.png\" alt=\"\" width=\"910\" height=\"710\" srcset=\"https:\/\/static-blogs.diariosur.es\/wp-content\/uploads\/sites\/12\/2021\/03\/europeo.png 910w, https:\/\/static-blogs.diariosur.es\/wp-content\/uploads\/sites\/12\/2021\/03\/europeo-513x400.png 513w, https:\/\/static-blogs.diariosur.es\/wp-content\/uploads\/sites\/12\/2021\/03\/europeo-768x599.png 768w\" sizes=\"(max-width: 910px) 100vw, 910px\" \/><\/a><\/p>\n<p>&nbsp;<\/p>\n<p><span style=\"color: #0000ff;\"><strong>MODELO AMERICANO.<\/strong><\/span><\/p>\n<p>&nbsp;<\/p>\n<p><a href=\"https:\/\/static-blogs.diariosur.es\/wp-content\/uploads\/sites\/12\/2021\/03\/americano.png\"><img loading=\"lazy\" class=\"aligncenter size-full wp-image-29641\" src=\"https:\/\/static-blogs.diariosur.es\/wp-content\/uploads\/sites\/12\/2021\/03\/americano.png\" alt=\"\" width=\"772\" height=\"562\" srcset=\"https:\/\/static-blogs.diariosur.es\/wp-content\/uploads\/sites\/12\/2021\/03\/americano.png 772w, https:\/\/static-blogs.diariosur.es\/wp-content\/uploads\/sites\/12\/2021\/03\/americano-549x400.png 549w, https:\/\/static-blogs.diariosur.es\/wp-content\/uploads\/sites\/12\/2021\/03\/americano-768x559.png 768w\" sizes=\"(max-width: 772px) 100vw, 772px\" \/><\/a><\/p>\n<p>Aclarado esto y como para mi particularmente me gusta m\u00e1s el europeo os doy la predicci\u00f3n de ma\u00f1ana y el viernes.<\/p>\n<p>&nbsp;<\/p>\n<p><span style=\"color: #ff0000;\"><strong>JUEVES 18 DE MARZO, PREDICCI\u00d3N PROVINCIA DE M\u00c1LAGA.<\/strong><\/span><\/p>\n<p>A \u00faltima hora de la noche hay<strong> probabilidad<\/strong> de chubascos d\u00e9biles y espor\u00e1dicos en la costa de M\u00e1laga y Valle del Guadalhorce. Tendremos rachas fuertes de levante.<\/p>\n<p>Las temperaturas m\u00e1ximas que prev\u00e9 la aemet son estas, de momento no notaremos el fr\u00edo.<\/p>\n<p>&nbsp;<\/p>\n<p><a href=\"https:\/\/static-blogs.diariosur.es\/wp-content\/uploads\/sites\/12\/2021\/03\/JUEVES.jpg\"><img loading=\"lazy\" class=\"aligncenter size-full wp-image-29642\" src=\"https:\/\/static-blogs.diariosur.es\/wp-content\/uploads\/sites\/12\/2021\/03\/JUEVES.jpg\" alt=\"\" width=\"694\" height=\"547\" srcset=\"https:\/\/static-blogs.diariosur.es\/wp-content\/uploads\/sites\/12\/2021\/03\/JUEVES.jpg 694w, https:\/\/static-blogs.diariosur.es\/wp-content\/uploads\/sites\/12\/2021\/03\/JUEVES-507x400.jpg 507w\" sizes=\"(max-width: 694px) 100vw, 694px\" \/><\/a><\/p>\n<p>&nbsp;<\/p>\n<p><span style=\"color: #ff0000;\"><strong>PREDICCI\u00d3N D\u00cdA DEL PADRE.<\/strong><\/span><\/p>\n<p>Los chubascos d\u00e9biles antes mencionados, tambi\u00e9n son probables en la madrugada del viernes. A partir de primeras horas de la ma\u00f1ana bajar\u00e1 la probabilidad de precipitaciones en toda la provincia. En cuanto al viento habr\u00e1 rachas moderadas de levante durante la madrugada, a primeras horas de la ma\u00f1ana rolar\u00e1 a norte, noroeste.<\/p>\n<p><strong><span style=\"color: #0000ff;\">Este d\u00eda seguiremos sin notar el fr\u00edo en la provincia de M\u00e1laga.<\/span><\/strong><\/p>\n<p>Os paso las temperaturas m\u00e1ximas y m\u00ednimas que prev\u00e9 la aemet.<\/p>\n<p>&nbsp;<\/p>\n<p><a href=\"https:\/\/static-blogs.diariosur.es\/wp-content\/uploads\/sites\/12\/2021\/03\/viernes.jpg\"><img loading=\"lazy\" class=\"aligncenter size-full wp-image-29643\" src=\"https:\/\/static-blogs.diariosur.es\/wp-content\/uploads\/sites\/12\/2021\/03\/viernes.jpg\" alt=\"\" width=\"697\" height=\"550\" srcset=\"https:\/\/static-blogs.diariosur.es\/wp-content\/uploads\/sites\/12\/2021\/03\/viernes.jpg 697w, https:\/\/static-blogs.diariosur.es\/wp-content\/uploads\/sites\/12\/2021\/03\/viernes-507x400.jpg 507w\" sizes=\"(max-width: 697px) 100vw, 697px\" \/><\/a><\/p>\n<p>&nbsp;<\/p>\n<p><strong>La masa de aire fr\u00edo que todos estos d\u00edas es portada en todos los informativos, se notar\u00e1 m\u00e1s el s\u00e1bado y el domingo en la provincia de M\u00e1laga.\u00a0<\/strong><\/p>\n<p>Ma\u00f1ana con los modelos actualizados veremos si el s\u00e1bado y el domingo caen precipitaciones como prev\u00e9 el modelo americano, pero particularmente pienso que ser\u00e1 el modelo europeo el que afine m\u00e1s con la lluvias.<\/p>\n<p>&nbsp;<\/p>\n<p>&nbsp;<\/p>\n<p>&nbsp;<\/p>\n","protected":false},"excerpt":{"rendered":"<p>Muy buenas tardes, amigos de la meteo. Me hab\u00e9is echado de menos esta ma\u00f1ana ??, pues ya estoy aqu\u00ed. He estado con problemas en el blog y no pod\u00eda actualizarlo. Por favor leer y luego pregunt\u00e1is. De momento os voy a dar la predicci\u00f3n para ma\u00f1ana jueves y el viernes D\u00eda del Padre, aunque comentar\u00e9 [&hellip;]<\/p>\n","protected":false},"author":16,"featured_media":21424,"comment_status":"open","ping_status":"open","sticky":false,"template":"","format":"standard","meta":[],"categories":[1],"tags":[54,100,358,432,485,569,587,616,800,1028],"_links":{"self":[{"href":"https:\/\/blogs.diariosur.es\/tormentas-y-rayos\/wp-json\/wp\/v2\/posts\/29639"}],"collection":[{"href":"https:\/\/blogs.diariosur.es\/tormentas-y-rayos\/wp-json\/wp\/v2\/posts"}],"about":[{"href":"https:\/\/blogs.diariosur.es\/tormentas-y-rayos\/wp-json\/wp\/v2\/types\/post"}],"author":[{"embeddable":true,"href":"https:\/\/blogs.diariosur.es\/tormentas-y-rayos\/wp-json\/wp\/v2\/users\/16"}],"replies":[{"embeddable":true,"href":"https:\/\/blogs.diariosur.es\/tormentas-y-rayos\/wp-json\/wp\/v2\/comments?post=29639"}],"version-history":[{"count":4,"href":"https:\/\/blogs.diariosur.es\/tormentas-y-rayos\/wp-json\/wp\/v2\/posts\/29639\/revisions"}],"predecessor-version":[{"id":29647,"href":"https:\/\/blogs.diariosur.es\/tormentas-y-rayos\/wp-json\/wp\/v2\/posts\/29639\/revisions\/29647"}],"wp:featuredmedia":[{"embeddable":true,"href":"https:\/\/blogs.diariosur.es\/tormentas-y-rayos\/wp-json\/wp\/v2\/media\/21424"}],"wp:attachment":[{"href":"https:\/\/blogs.diariosur.es\/tormentas-y-rayos\/wp-json\/wp\/v2\/media?parent=29639"}],"wp:term":[{"taxonomy":"category","embeddable":true,"href":"https:\/\/blogs.diariosur.es\/tormentas-y-rayos\/wp-json\/wp\/v2\/categories?post=29639"},{"taxonomy":"post_tag","embeddable":true,"href":"https:\/\/blogs.diariosur.es\/tormentas-y-rayos\/wp-json\/wp\/v2\/tags?post=29639"}],"curies":[{"name":"wp","href":"https:\/\/api.w.org\/{rel}","templated":true}]}}