{"id":29656,"date":"2021-03-22T07:45:36","date_gmt":"2021-03-22T06:45:36","guid":{"rendered":"https:\/\/blogs.diariosur.es\/tormentas-y-rayos\/?p=29656"},"modified":"2021-03-23T07:11:24","modified_gmt":"2021-03-23T06:11:24","slug":"el-tiempo-en-la-corona-santa-malaga-andalucia-tendencias-viernes-de-dolores-sabado-de-pasion","status":"publish","type":"post","link":"https:\/\/blogs.diariosur.es\/tormentas-y-rayos\/2021\/03\/22\/el-tiempo-en-la-corona-santa-malaga-andalucia-tendencias-viernes-de-dolores-sabado-de-pasion\/","title":{"rendered":"El tiempo en la Corona Santa, M\u00e1laga, Andaluc\u00eda. Tendencias Viernes de Dolores, S\u00e1bado de Pasi\u00f3n."},"content":{"rendered":"<p><a href=\"https:\/\/static-blogs.diariosur.es\/wp-content\/uploads\/sites\/12\/2021\/01\/12994479_10207552114859933_1346500259674331485_n.jpg\"><img loading=\"lazy\" class=\"aligncenter size-thumbnail wp-image-29165\" src=\"https:\/\/static-blogs.diariosur.es\/wp-content\/uploads\/sites\/12\/2021\/01\/12994479_10207552114859933_1346500259674331485_n-150x150.jpg\" alt=\"\" width=\"150\" height=\"150\" srcset=\"https:\/\/static-blogs.diariosur.es\/wp-content\/uploads\/sites\/12\/2021\/01\/12994479_10207552114859933_1346500259674331485_n-150x150.jpg 150w, https:\/\/static-blogs.diariosur.es\/wp-content\/uploads\/sites\/12\/2021\/01\/12994479_10207552114859933_1346500259674331485_n-399x400.jpg 399w, https:\/\/static-blogs.diariosur.es\/wp-content\/uploads\/sites\/12\/2021\/01\/12994479_10207552114859933_1346500259674331485_n.jpg 749w\" sizes=\"(max-width: 150px) 100vw, 150px\" \/><\/a><\/p>\n<p>Muy buenos d\u00edas, amigos de la meteo. Este a\u00f1o tampoco habr\u00e1 Semana Santa, tendremos Corona Santa. Los que puedan coger vacaciones querr\u00e1n saber como se presenta, aunque no puedan ir a otras provincias de nuestra comunidad. Como muchos sab\u00e9is la Corona Santa es muy impredecible en cuanto al tiempo, cada provincia de Andaluc\u00eda y dentro de la misma provincia tienen una meteo distinta, puede estar lloviendo en Estepona y no caer ni gota en Co\u00edn. Como este a\u00f1o no salen tronos, pasos, estoy m\u00e1s tranquilo, otros a\u00f1os lo paso muy mal cuando me preguntan dos horas antes de salir si llover\u00e1 o no. A lo largo de la semana ire dando las tendencias y seguramente el jueves pr\u00f3ximo una previsi\u00f3n de toda la semana.<\/p>\n<p>El Viernes de Dolores\u00a0 y S\u00e1bado de Pasi\u00f3n el nazareno protagonista ser\u00e1 este en toda Andaluc\u00eda.<\/p>\n<p>&nbsp;<\/p>\n<p><a href=\"https:\/\/static-blogs.diariosur.es\/wp-content\/uploads\/sites\/12\/2021\/03\/thumbnail_NazaPlayaDef.jpg\"><img loading=\"lazy\" class=\"aligncenter size-full wp-image-29658\" src=\"https:\/\/static-blogs.diariosur.es\/wp-content\/uploads\/sites\/12\/2021\/03\/thumbnail_NazaPlayaDef.jpg\" alt=\"\" width=\"561\" height=\"686\" srcset=\"https:\/\/static-blogs.diariosur.es\/wp-content\/uploads\/sites\/12\/2021\/03\/thumbnail_NazaPlayaDef.jpg 561w, https:\/\/static-blogs.diariosur.es\/wp-content\/uploads\/sites\/12\/2021\/03\/thumbnail_NazaPlayaDef-327x400.jpg 327w\" sizes=\"(max-width: 561px) 100vw, 561px\" \/><\/a><\/p>\n<p>&nbsp;<\/p>\n<p>Para el Domingo de Ramos algunos modelos prev\u00e9n que tengamos aire frio en <strong>altura, <\/strong>esto se traduce en la probabilidad de chubascos en algunos puntos, siendo m\u00e1s probables en zonas cercanas al Estrecho. Esto lo confirmar\u00e9 el mi\u00e9rcoles.<\/p>\n<p>Os pongo el polimorfo que me ha hecho este a\u00f1o mi cu\u00f1ado Fefo. Esperemos que el a\u00f1o que viene no tenga que ponerlo.<\/p>\n<p>&nbsp;<\/p>\n<p>&nbsp;<\/p>\n<p><a href=\"https:\/\/static-blogs.diariosur.es\/wp-content\/uploads\/sites\/12\/2021\/03\/thumbnail_CovidSamtaCombi.jpg\"><img loading=\"lazy\" class=\"aligncenter size-full wp-image-29657\" src=\"https:\/\/static-blogs.diariosur.es\/wp-content\/uploads\/sites\/12\/2021\/03\/thumbnail_CovidSamtaCombi.jpg\" alt=\"\" width=\"388\" height=\"503\" srcset=\"https:\/\/static-blogs.diariosur.es\/wp-content\/uploads\/sites\/12\/2021\/03\/thumbnail_CovidSamtaCombi.jpg 388w, https:\/\/static-blogs.diariosur.es\/wp-content\/uploads\/sites\/12\/2021\/03\/thumbnail_CovidSamtaCombi-309x400.jpg 309w\" sizes=\"(max-width: 388px) 100vw, 388px\" \/><\/a><\/p>\n<p>&nbsp;<\/p>\n<p>Os dejo con esta bonita foto de mi amigo Salvador Gil, que hizo en Alozaina el s\u00e1bado pasado. Y con los mammatus que fueron protagonistas en Guadalmar.<\/p>\n<p>&nbsp;<\/p>\n<p><a href=\"https:\/\/static-blogs.diariosur.es\/wp-content\/uploads\/sites\/12\/2021\/03\/162856023_10222159237308865_5589861094133489358_n.jpg\"><img loading=\"lazy\" class=\"aligncenter size-full wp-image-29659\" src=\"https:\/\/static-blogs.diariosur.es\/wp-content\/uploads\/sites\/12\/2021\/03\/162856023_10222159237308865_5589861094133489358_n.jpg\" alt=\"\" width=\"960\" height=\"720\" srcset=\"https:\/\/static-blogs.diariosur.es\/wp-content\/uploads\/sites\/12\/2021\/03\/162856023_10222159237308865_5589861094133489358_n.jpg 960w, https:\/\/static-blogs.diariosur.es\/wp-content\/uploads\/sites\/12\/2021\/03\/162856023_10222159237308865_5589861094133489358_n-533x400.jpg 533w, https:\/\/static-blogs.diariosur.es\/wp-content\/uploads\/sites\/12\/2021\/03\/162856023_10222159237308865_5589861094133489358_n-768x576.jpg 768w\" sizes=\"(max-width: 960px) 100vw, 960px\" \/><\/a><\/p>\n<p>&nbsp;<\/p>\n<p><a href=\"https:\/\/static-blogs.diariosur.es\/wp-content\/uploads\/sites\/12\/2021\/03\/162530810_10222156902690501_4442483134976240110_o-e1616394139935.jpg\"><img loading=\"lazy\" class=\"aligncenter size-full wp-image-29660\" src=\"https:\/\/static-blogs.diariosur.es\/wp-content\/uploads\/sites\/12\/2021\/03\/162530810_10222156902690501_4442483134976240110_o-e1616394139935.jpg\" alt=\"\" width=\"1200\" height=\"800\" \/><\/a><\/p>\n","protected":false},"excerpt":{"rendered":"<p>Muy buenos d\u00edas, amigos de la meteo. Este a\u00f1o tampoco habr\u00e1 Semana Santa, tendremos Corona Santa. Los que puedan coger vacaciones querr\u00e1n saber como se presenta, aunque no puedan ir a otras provincias de nuestra comunidad. Como muchos sab\u00e9is la Corona Santa es muy impredecible en cuanto al tiempo, cada provincia de Andaluc\u00eda y dentro [&hellip;]<\/p>\n","protected":false},"author":16,"featured_media":29657,"comment_status":"open","ping_status":"open","sticky":false,"template":"","format":"standard","meta":[],"categories":[1],"tags":[100,1415,1525,1205,358,587,763,800,877,888,902,945,967,1064],"_links":{"self":[{"href":"https:\/\/blogs.diariosur.es\/tormentas-y-rayos\/wp-json\/wp\/v2\/posts\/29656"}],"collection":[{"href":"https:\/\/blogs.diariosur.es\/tormentas-y-rayos\/wp-json\/wp\/v2\/posts"}],"about":[{"href":"https:\/\/blogs.diariosur.es\/tormentas-y-rayos\/wp-json\/wp\/v2\/types\/post"}],"author":[{"embeddable":true,"href":"https:\/\/blogs.diariosur.es\/tormentas-y-rayos\/wp-json\/wp\/v2\/users\/16"}],"replies":[{"embeddable":true,"href":"https:\/\/blogs.diariosur.es\/tormentas-y-rayos\/wp-json\/wp\/v2\/comments?post=29656"}],"version-history":[{"count":3,"href":"https:\/\/blogs.diariosur.es\/tormentas-y-rayos\/wp-json\/wp\/v2\/posts\/29656\/revisions"}],"predecessor-version":[{"id":29666,"href":"https:\/\/blogs.diariosur.es\/tormentas-y-rayos\/wp-json\/wp\/v2\/posts\/29656\/revisions\/29666"}],"wp:featuredmedia":[{"embeddable":true,"href":"https:\/\/blogs.diariosur.es\/tormentas-y-rayos\/wp-json\/wp\/v2\/media\/29657"}],"wp:attachment":[{"href":"https:\/\/blogs.diariosur.es\/tormentas-y-rayos\/wp-json\/wp\/v2\/media?parent=29656"}],"wp:term":[{"taxonomy":"category","embeddable":true,"href":"https:\/\/blogs.diariosur.es\/tormentas-y-rayos\/wp-json\/wp\/v2\/categories?post=29656"},{"taxonomy":"post_tag","embeddable":true,"href":"https:\/\/blogs.diariosur.es\/tormentas-y-rayos\/wp-json\/wp\/v2\/tags?post=29656"}],"curies":[{"name":"wp","href":"https:\/\/api.w.org\/{rel}","templated":true}]}}