{"id":29662,"date":"2021-03-23T07:59:26","date_gmt":"2021-03-23T06:59:26","guid":{"rendered":"https:\/\/blogs.diariosur.es\/tormentas-y-rayos\/?p=29662"},"modified":"2021-03-23T08:03:26","modified_gmt":"2021-03-23T07:03:26","slug":"el-tiempo-en-andalucia-malaga-registro-ayer-la-maxima-de-espana-tendencias-semana-santa","status":"publish","type":"post","link":"https:\/\/blogs.diariosur.es\/tormentas-y-rayos\/2021\/03\/23\/el-tiempo-en-andalucia-malaga-registro-ayer-la-maxima-de-espana-tendencias-semana-santa\/","title":{"rendered":"El tiempo en Andaluc\u00eda. M\u00e1laga registro ayer la m\u00e1xima de Espa\u00f1a. Tendencias Semana Santa."},"content":{"rendered":"<p><a href=\"https:\/\/static-blogs.diariosur.es\/wp-content\/uploads\/sites\/12\/2021\/01\/12994479_10207552114859933_1346500259674331485_n.jpg\"><img loading=\"lazy\" class=\"aligncenter size-thumbnail wp-image-29165\" src=\"https:\/\/static-blogs.diariosur.es\/wp-content\/uploads\/sites\/12\/2021\/01\/12994479_10207552114859933_1346500259674331485_n-150x150.jpg\" alt=\"\" width=\"150\" height=\"150\" srcset=\"https:\/\/static-blogs.diariosur.es\/wp-content\/uploads\/sites\/12\/2021\/01\/12994479_10207552114859933_1346500259674331485_n-150x150.jpg 150w, https:\/\/static-blogs.diariosur.es\/wp-content\/uploads\/sites\/12\/2021\/01\/12994479_10207552114859933_1346500259674331485_n-399x400.jpg 399w, https:\/\/static-blogs.diariosur.es\/wp-content\/uploads\/sites\/12\/2021\/01\/12994479_10207552114859933_1346500259674331485_n.jpg 749w\" sizes=\"(max-width: 150px) 100vw, 150px\" \/><\/a><\/p>\n<p>&nbsp;<\/p>\n<p>Hoy se celebra el d\u00eda meteorol\u00f3gico mundial, con el lema: el oc\u00e9ano, nuestro clima, y nuestro tiempo. Muchas felicidades.<\/p>\n<p>Muy buenos d\u00edas, amigos de la meteo. En estos momentos cuando son las ocho menos cuarto de la ma\u00f1ana, el Aeropuerto registra 6.7 grados. De las ocho capitales andaluzas la temperatura m\u00ednima m\u00e1s baja se da en Granada Aeropuerto con -1.2 bajo cero, seguida de C\u00f3rdoba Aeropuerto con 2.6 grados. Curiosamente Granada puede tener una m\u00e1xima hoy de mas de 20 grados, mucha diferencia entre la m\u00ednima y la m\u00e1xima, eso se llama amplitud t\u00e9rmica. Toca dias de la cebolla jijijij, por la ropa que nos ponemos. Mucho fr\u00edo por la ma\u00f1ana y calor a primeras horas de la tarde.<\/p>\n<p>El centro meteorol\u00f3gico de M\u00e1laga registro la m\u00e1xima de Espa\u00f1a con 25.3 grados y una m\u00ednimas de 8.7 grados, tambi\u00e9n se dio ayer una gran amplitud t\u00e9rmica en M\u00e1laga.<\/p>\n<p>Hoy no soplar\u00e1 terral de primavera y espero una m\u00e1xima entre 19 y 21 grados seg\u00fan zonas.<\/p>\n<p>Os paso los datos de la aemet.<\/p>\n<p><a href=\"https:\/\/static-blogs.diariosur.es\/wp-content\/uploads\/sites\/12\/2021\/03\/Captura-8.jpg\"><br \/>\n<img loading=\"lazy\" class=\"aligncenter size-full wp-image-29664\" src=\"https:\/\/static-blogs.diariosur.es\/wp-content\/uploads\/sites\/12\/2021\/03\/Captura-8.jpg\" alt=\"\" width=\"1027\" height=\"442\" srcset=\"https:\/\/static-blogs.diariosur.es\/wp-content\/uploads\/sites\/12\/2021\/03\/Captura-8.jpg 1027w, https:\/\/static-blogs.diariosur.es\/wp-content\/uploads\/sites\/12\/2021\/03\/Captura-8-640x275.jpg 640w, https:\/\/static-blogs.diariosur.es\/wp-content\/uploads\/sites\/12\/2021\/03\/Captura-8-768x331.jpg 768w\" sizes=\"(max-width: 1027px) 100vw, 1027px\" \/><\/a><\/p>\n<p>Donde subir\u00e1n las m\u00e1ximas hoy ser\u00e1 en el Valle del Guadalquivir, e interior de Huelva, pueden llegar a los 25 grados.<\/p>\n<p>Os vuelvo a poner las tendencias de la Semana Santa.<\/p>\n<h3><a href=\"https:\/\/blogs.diariosur.es\/tormentas-y-rayos\/2021\/03\/22\/el-tiempo-en-la-corona-santa-malaga-andalucia-tendencias-viernes-de-dolores-sabado-de-pasion\/\"><strong>El tiempo en la Corona Santa, M\u00e1laga, Andaluc\u00eda. Tendencias Viernes de Dolores, S\u00e1bado de Pasi\u00f3n.<\/strong><\/a><\/h3>\n<p>&nbsp;<\/p>\n<p><a href=\"https:\/\/static-blogs.diariosur.es\/wp-content\/uploads\/sites\/12\/2021\/03\/54463106_10216181993921516_7768927550142676992_o.jpg\"><img loading=\"lazy\" class=\"aligncenter size-full wp-image-29667\" src=\"https:\/\/static-blogs.diariosur.es\/wp-content\/uploads\/sites\/12\/2021\/03\/54463106_10216181993921516_7768927550142676992_o.jpg\" alt=\"\" width=\"1200\" height=\"675\" srcset=\"https:\/\/static-blogs.diariosur.es\/wp-content\/uploads\/sites\/12\/2021\/03\/54463106_10216181993921516_7768927550142676992_o.jpg 1200w, https:\/\/static-blogs.diariosur.es\/wp-content\/uploads\/sites\/12\/2021\/03\/54463106_10216181993921516_7768927550142676992_o-640x360.jpg 640w, https:\/\/static-blogs.diariosur.es\/wp-content\/uploads\/sites\/12\/2021\/03\/54463106_10216181993921516_7768927550142676992_o-768x432.jpg 768w\" sizes=\"(max-width: 1200px) 100vw, 1200px\" \/><\/a><\/p>\n","protected":false},"excerpt":{"rendered":"<p>&nbsp; Hoy se celebra el d\u00eda meteorol\u00f3gico mundial, con el lema: el oc\u00e9ano, nuestro clima, y nuestro tiempo. Muchas felicidades. Muy buenos d\u00edas, amigos de la meteo. En estos momentos cuando son las ocho menos cuarto de la ma\u00f1ana, el Aeropuerto registra 6.7 grados. De las ocho capitales andaluzas la temperatura m\u00ednima m\u00e1s baja se [&hellip;]<\/p>\n","protected":false},"author":16,"featured_media":29667,"comment_status":"open","ping_status":"open","sticky":false,"template":"","format":"standard","meta":[],"categories":[1],"tags":[97,100,324,358,375,587,624,645,670,800,888,902,961,971],"_links":{"self":[{"href":"https:\/\/blogs.diariosur.es\/tormentas-y-rayos\/wp-json\/wp\/v2\/posts\/29662"}],"collection":[{"href":"https:\/\/blogs.diariosur.es\/tormentas-y-rayos\/wp-json\/wp\/v2\/posts"}],"about":[{"href":"https:\/\/blogs.diariosur.es\/tormentas-y-rayos\/wp-json\/wp\/v2\/types\/post"}],"author":[{"embeddable":true,"href":"https:\/\/blogs.diariosur.es\/tormentas-y-rayos\/wp-json\/wp\/v2\/users\/16"}],"replies":[{"embeddable":true,"href":"https:\/\/blogs.diariosur.es\/tormentas-y-rayos\/wp-json\/wp\/v2\/comments?post=29662"}],"version-history":[{"count":5,"href":"https:\/\/blogs.diariosur.es\/tormentas-y-rayos\/wp-json\/wp\/v2\/posts\/29662\/revisions"}],"predecessor-version":[{"id":29671,"href":"https:\/\/blogs.diariosur.es\/tormentas-y-rayos\/wp-json\/wp\/v2\/posts\/29662\/revisions\/29671"}],"wp:featuredmedia":[{"embeddable":true,"href":"https:\/\/blogs.diariosur.es\/tormentas-y-rayos\/wp-json\/wp\/v2\/media\/29667"}],"wp:attachment":[{"href":"https:\/\/blogs.diariosur.es\/tormentas-y-rayos\/wp-json\/wp\/v2\/media?parent=29662"}],"wp:term":[{"taxonomy":"category","embeddable":true,"href":"https:\/\/blogs.diariosur.es\/tormentas-y-rayos\/wp-json\/wp\/v2\/categories?post=29662"},{"taxonomy":"post_tag","embeddable":true,"href":"https:\/\/blogs.diariosur.es\/tormentas-y-rayos\/wp-json\/wp\/v2\/tags?post=29662"}],"curies":[{"name":"wp","href":"https:\/\/api.w.org\/{rel}","templated":true}]}}