{"id":29698,"date":"2021-04-07T06:58:51","date_gmt":"2021-04-07T04:58:51","guid":{"rendered":"https:\/\/blogs.diariosur.es\/tormentas-y-rayos\/?p=29698"},"modified":"2021-04-08T09:01:52","modified_gmt":"2021-04-08T07:01:52","slug":"el-tiempo-en-malaga-aviso-amarillo-por-olas-probables-precipitaciones-y-bajada-de-temperaturas","status":"publish","type":"post","link":"https:\/\/blogs.diariosur.es\/tormentas-y-rayos\/2021\/04\/07\/el-tiempo-en-malaga-aviso-amarillo-por-olas-probables-precipitaciones-y-bajada-de-temperaturas\/","title":{"rendered":"El tiempo en M\u00e1laga. Aviso amarillo por olas, probables precipitaciones y bajada de temperaturas."},"content":{"rendered":"<p><a href=\"https:\/\/static-blogs.diariosur.es\/wp-content\/uploads\/sites\/12\/2021\/01\/12994479_10207552114859933_1346500259674331485_n.jpg\"><img loading=\"lazy\" class=\"aligncenter size-thumbnail wp-image-29165\" src=\"https:\/\/static-blogs.diariosur.es\/wp-content\/uploads\/sites\/12\/2021\/01\/12994479_10207552114859933_1346500259674331485_n-150x150.jpg\" alt=\"\" width=\"150\" height=\"150\" srcset=\"https:\/\/static-blogs.diariosur.es\/wp-content\/uploads\/sites\/12\/2021\/01\/12994479_10207552114859933_1346500259674331485_n-150x150.jpg 150w, https:\/\/static-blogs.diariosur.es\/wp-content\/uploads\/sites\/12\/2021\/01\/12994479_10207552114859933_1346500259674331485_n-399x400.jpg 399w, https:\/\/static-blogs.diariosur.es\/wp-content\/uploads\/sites\/12\/2021\/01\/12994479_10207552114859933_1346500259674331485_n.jpg 749w\" sizes=\"(max-width: 150px) 100vw, 150px\" \/><\/a><\/p>\n<p>Muy buenos d\u00edas, amigos de la meteo. A partir de \u00faltimas horas de la noche de hoy mi\u00e9rcoles y ma\u00f1ana jueves, hay probabilidad de chubascos d\u00e9biles, espor\u00e1dicos y ocasionales en la costa de M\u00e1laga y Valle del Guadalhorce. Como os comentaba ayer, estas posibles precipitaciones se deber\u00e1n al viento h\u00famedo de levante y al aire fr\u00edo que tendremos en capas altas de la atm\u00f3sfera.<\/p>\n<p>La aemet activa para ma\u00f1ana el aviso amarillo por olas en el Estrecho, y costas de M\u00e1laga, Granada y Almer\u00eda, se esperan olas de 2 a 3 metros y vientos de fuerza 7.<\/p>\n<p>Las temperaturas m\u00e1ximas bajar\u00e1n ma\u00f1ana en toda la provincia malague\u00f1a.<\/p>\n<p>Ma\u00f1ana os dar\u00e9 la previsi\u00f3n del fin de semana.<\/p>\n<p>Os dejo con este fot\u00f3n, de mi amiga Nany Lavado.<\/p>\n<p>&nbsp;<\/p>\n<p><a href=\"https:\/\/static-blogs.diariosur.es\/wp-content\/uploads\/sites\/12\/2021\/04\/EyO8dt5WQAUkrlq.jpg\"><img loading=\"lazy\" class=\"aligncenter size-full wp-image-29699\" src=\"https:\/\/static-blogs.diariosur.es\/wp-content\/uploads\/sites\/12\/2021\/04\/EyO8dt5WQAUkrlq.jpg\" alt=\"\" width=\"1200\" height=\"492\" srcset=\"https:\/\/static-blogs.diariosur.es\/wp-content\/uploads\/sites\/12\/2021\/04\/EyO8dt5WQAUkrlq.jpg 1200w, https:\/\/static-blogs.diariosur.es\/wp-content\/uploads\/sites\/12\/2021\/04\/EyO8dt5WQAUkrlq-640x262.jpg 640w, https:\/\/static-blogs.diariosur.es\/wp-content\/uploads\/sites\/12\/2021\/04\/EyO8dt5WQAUkrlq-768x315.jpg 768w\" sizes=\"(max-width: 1200px) 100vw, 1200px\" \/><\/a><\/p>\n<p>&nbsp;<\/p>\n","protected":false},"excerpt":{"rendered":"<p>Muy buenos d\u00edas, amigos de la meteo. A partir de \u00faltimas horas de la noche de hoy mi\u00e9rcoles y ma\u00f1ana jueves, hay probabilidad de chubascos d\u00e9biles, espor\u00e1dicos y ocasionales en la costa de M\u00e1laga y Valle del Guadalhorce. Como os comentaba ayer, estas posibles precipitaciones se deber\u00e1n al viento h\u00famedo de levante y al aire [&hellip;]<\/p>\n","protected":false},"author":16,"featured_media":29699,"comment_status":"open","ping_status":"open","sticky":false,"template":"","format":"standard","meta":[],"categories":[1],"tags":[94,151,160,358,432,553,587,736,799,800,962,1059],"_links":{"self":[{"href":"https:\/\/blogs.diariosur.es\/tormentas-y-rayos\/wp-json\/wp\/v2\/posts\/29698"}],"collection":[{"href":"https:\/\/blogs.diariosur.es\/tormentas-y-rayos\/wp-json\/wp\/v2\/posts"}],"about":[{"href":"https:\/\/blogs.diariosur.es\/tormentas-y-rayos\/wp-json\/wp\/v2\/types\/post"}],"author":[{"embeddable":true,"href":"https:\/\/blogs.diariosur.es\/tormentas-y-rayos\/wp-json\/wp\/v2\/users\/16"}],"replies":[{"embeddable":true,"href":"https:\/\/blogs.diariosur.es\/tormentas-y-rayos\/wp-json\/wp\/v2\/comments?post=29698"}],"version-history":[{"count":3,"href":"https:\/\/blogs.diariosur.es\/tormentas-y-rayos\/wp-json\/wp\/v2\/posts\/29698\/revisions"}],"predecessor-version":[{"id":29702,"href":"https:\/\/blogs.diariosur.es\/tormentas-y-rayos\/wp-json\/wp\/v2\/posts\/29698\/revisions\/29702"}],"wp:featuredmedia":[{"embeddable":true,"href":"https:\/\/blogs.diariosur.es\/tormentas-y-rayos\/wp-json\/wp\/v2\/media\/29699"}],"wp:attachment":[{"href":"https:\/\/blogs.diariosur.es\/tormentas-y-rayos\/wp-json\/wp\/v2\/media?parent=29698"}],"wp:term":[{"taxonomy":"category","embeddable":true,"href":"https:\/\/blogs.diariosur.es\/tormentas-y-rayos\/wp-json\/wp\/v2\/categories?post=29698"},{"taxonomy":"post_tag","embeddable":true,"href":"https:\/\/blogs.diariosur.es\/tormentas-y-rayos\/wp-json\/wp\/v2\/tags?post=29698"}],"curies":[{"name":"wp","href":"https:\/\/api.w.org\/{rel}","templated":true}]}}