{"id":29726,"date":"2021-04-15T09:03:50","date_gmt":"2021-04-15T07:03:50","guid":{"rendered":"https:\/\/blogs.diariosur.es\/tormentas-y-rayos\/?p=29726"},"modified":"2021-04-15T19:59:05","modified_gmt":"2021-04-15T17:59:05","slug":"que-tiempo-hara-el-fin-de-semana-malaga-hoy-me-ponen-la-vacuna","status":"publish","type":"post","link":"https:\/\/blogs.diariosur.es\/tormentas-y-rayos\/2021\/04\/15\/que-tiempo-hara-el-fin-de-semana-malaga-hoy-me-ponen-la-vacuna\/","title":{"rendered":"\u00bf Que tiempo hara el fin de semana? M\u00e1laga. Hoy me ponen la vacuna."},"content":{"rendered":"<p><a href=\"https:\/\/static-blogs.diariosur.es\/wp-content\/uploads\/sites\/12\/2021\/02\/59999602_10216541055137822_8294285136585818112_o.jpg\"><img loading=\"lazy\" class=\"aligncenter size-thumbnail wp-image-29446\" src=\"https:\/\/static-blogs.diariosur.es\/wp-content\/uploads\/sites\/12\/2021\/02\/59999602_10216541055137822_8294285136585818112_o-150x150.jpg\" alt=\"\" width=\"150\" height=\"150\" \/><\/a><\/p>\n<p>Muy buenos d\u00edas, amigos de la meteo. Antes de daros la previsi\u00f3n de ma\u00f1ana viernes y el fin de semana, os doy una buena noticia, hoy me vacunan. Sinceramente estoy un poco asustado, pero esta claro que me tengo que vacunar, estoy dentro del grupo de riesgo. Hoy a las 14:30 me toca en mi centro de salud, est\u00e1is invitados para inmortalizar el d\u00eda jijijiji.<\/p>\n<p>Esta pasada madrugada la bolsa de aire fr\u00edo se ha portado mucho mejor que ayer, en algunos puntos de la costa de Mijas se aproximan a los 15 litros, en M\u00e1laga capital destaca el Centro Meteorol\u00f3gico con 7 litros, sum\u00e1ndole lo de ayer van 8.5 litros. Como os comentaba ayer en la predicci\u00f3n para hoy, sigue habiendo probabilidad de precipitaciones a lo largo del d\u00eda.<\/p>\n<p><span style=\"color: #0000ff;\"><strong>Ma\u00f1ana viernes 16 de Abril<\/strong><\/span>, seguimos teniendo probabilidad de precipitaciones durante la madrugada y primeras horas de la ma\u00f1ana en cualquier punto de la provincia, a partir del mediod\u00eda baja la probabilidad.<\/p>\n<p>Os paso las temperaturas m\u00e1ximas y m\u00ednimas que prev\u00e9 la aemet en la provincia malague\u00f1a.<\/p>\n<p>&nbsp;<\/p>\n<p><a href=\"https:\/\/static-blogs.diariosur.es\/wp-content\/uploads\/sites\/12\/2021\/04\/1-2.jpg\"><img loading=\"lazy\" class=\"aligncenter size-full wp-image-29727\" src=\"https:\/\/static-blogs.diariosur.es\/wp-content\/uploads\/sites\/12\/2021\/04\/1-2.jpg\" alt=\"\" width=\"693\" height=\"549\" srcset=\"https:\/\/static-blogs.diariosur.es\/wp-content\/uploads\/sites\/12\/2021\/04\/1-2.jpg 693w, https:\/\/static-blogs.diariosur.es\/wp-content\/uploads\/sites\/12\/2021\/04\/1-2-505x400.jpg 505w\" sizes=\"(max-width: 693px) 100vw, 693px\" \/><\/a><\/p>\n<h3><\/h3>\n<h3><span style=\"color: #0000ff;\"><strong>Predicci\u00f3n S\u00e1bado 17 de Abril.<\/strong><\/span><\/h3>\n<p>Probabilidad de chubascos durante la madrugada y primeras horas de la ma\u00f1ana, siendo m\u00e1s probables en el interior oriental de la provincia de M\u00e1laga y costa de la axarqu\u00eda. Probables fen\u00f3menos tormentosos.<\/p>\n<p>Temperaturas m\u00e1ximas y m\u00ednimas que prev\u00e9 la aemet.<\/p>\n<p>&nbsp;<\/p>\n<p><a href=\"https:\/\/static-blogs.diariosur.es\/wp-content\/uploads\/sites\/12\/2021\/04\/2-1.jpg\"><img loading=\"lazy\" class=\"aligncenter size-full wp-image-29729\" src=\"https:\/\/static-blogs.diariosur.es\/wp-content\/uploads\/sites\/12\/2021\/04\/2-1.jpg\" alt=\"\" width=\"695\" height=\"547\" srcset=\"https:\/\/static-blogs.diariosur.es\/wp-content\/uploads\/sites\/12\/2021\/04\/2-1.jpg 695w, https:\/\/static-blogs.diariosur.es\/wp-content\/uploads\/sites\/12\/2021\/04\/2-1-508x400.jpg 508w\" sizes=\"(max-width: 695px) 100vw, 695px\" \/><\/a><\/p>\n<p>&nbsp;<\/p>\n<h3><span style=\"color: #0000ff;\"><strong>Predicci\u00f3n Domingo 18 de Abril.<\/strong><\/span><\/h3>\n<p>Con mucha incertidumbre, todo hace indicar, que bajar\u00e1 la probabilidad de lluvias. De darse algunos chubascos ser\u00edan durante la madrugada en la zona oriental de la provincia. De todas formas la predicci\u00f3n no esta muy clara. Ma\u00f1ana viernes o el s\u00e1bado volver\u00e9\u00a0 a actualizar el blog.<\/p>\n<p>Temperaturas m\u00e1ximas y m\u00ednimas que prev\u00e9 la aemet.<\/p>\n<p>&nbsp;<\/p>\n<p><a href=\"https:\/\/static-blogs.diariosur.es\/wp-content\/uploads\/sites\/12\/2021\/04\/3.jpg\"><img loading=\"lazy\" class=\"aligncenter size-full wp-image-29730\" src=\"https:\/\/static-blogs.diariosur.es\/wp-content\/uploads\/sites\/12\/2021\/04\/3.jpg\" alt=\"\" width=\"703\" height=\"553\" srcset=\"https:\/\/static-blogs.diariosur.es\/wp-content\/uploads\/sites\/12\/2021\/04\/3.jpg 703w, https:\/\/static-blogs.diariosur.es\/wp-content\/uploads\/sites\/12\/2021\/04\/3-508x400.jpg 508w\" sizes=\"(max-width: 703px) 100vw, 703px\" \/><\/a><\/p>\n<p>&nbsp;<\/p>\n<p>Os dejo con esta foto de archivo del a\u00f1o pasado.<\/p>\n<p>&nbsp;<\/p>\n<p><a href=\"https:\/\/static-blogs.diariosur.es\/wp-content\/uploads\/sites\/12\/2021\/04\/48972913501_a0b98dc6e3_b.jpg\"><img loading=\"lazy\" class=\"aligncenter size-full wp-image-29731\" src=\"https:\/\/static-blogs.diariosur.es\/wp-content\/uploads\/sites\/12\/2021\/04\/48972913501_a0b98dc6e3_b.jpg\" alt=\"\" width=\"1024\" height=\"683\" srcset=\"https:\/\/static-blogs.diariosur.es\/wp-content\/uploads\/sites\/12\/2021\/04\/48972913501_a0b98dc6e3_b.jpg 1024w, https:\/\/static-blogs.diariosur.es\/wp-content\/uploads\/sites\/12\/2021\/04\/48972913501_a0b98dc6e3_b-600x400.jpg 600w, https:\/\/static-blogs.diariosur.es\/wp-content\/uploads\/sites\/12\/2021\/04\/48972913501_a0b98dc6e3_b-768x512.jpg 768w\" sizes=\"(max-width: 1024px) 100vw, 1024px\" \/><\/a><\/p>\n","protected":false},"excerpt":{"rendered":"<p>Muy buenos d\u00edas, amigos de la meteo. Antes de daros la previsi\u00f3n de ma\u00f1ana viernes y el fin de semana, os doy una buena noticia, hoy me vacunan. Sinceramente estoy un poco asustado, pero esta claro que me tengo que vacunar, estoy dentro del grupo de riesgo. Hoy a las 14:30 me toca en mi [&hellip;]<\/p>\n","protected":false},"author":16,"featured_media":29731,"comment_status":"open","ping_status":"open","sticky":false,"template":"","format":"standard","meta":[],"categories":[1],"tags":[1580,309,1525,358,410,587,800,902,945,1579],"_links":{"self":[{"href":"https:\/\/blogs.diariosur.es\/tormentas-y-rayos\/wp-json\/wp\/v2\/posts\/29726"}],"collection":[{"href":"https:\/\/blogs.diariosur.es\/tormentas-y-rayos\/wp-json\/wp\/v2\/posts"}],"about":[{"href":"https:\/\/blogs.diariosur.es\/tormentas-y-rayos\/wp-json\/wp\/v2\/types\/post"}],"author":[{"embeddable":true,"href":"https:\/\/blogs.diariosur.es\/tormentas-y-rayos\/wp-json\/wp\/v2\/users\/16"}],"replies":[{"embeddable":true,"href":"https:\/\/blogs.diariosur.es\/tormentas-y-rayos\/wp-json\/wp\/v2\/comments?post=29726"}],"version-history":[{"count":4,"href":"https:\/\/blogs.diariosur.es\/tormentas-y-rayos\/wp-json\/wp\/v2\/posts\/29726\/revisions"}],"predecessor-version":[{"id":29734,"href":"https:\/\/blogs.diariosur.es\/tormentas-y-rayos\/wp-json\/wp\/v2\/posts\/29726\/revisions\/29734"}],"wp:featuredmedia":[{"embeddable":true,"href":"https:\/\/blogs.diariosur.es\/tormentas-y-rayos\/wp-json\/wp\/v2\/media\/29731"}],"wp:attachment":[{"href":"https:\/\/blogs.diariosur.es\/tormentas-y-rayos\/wp-json\/wp\/v2\/media?parent=29726"}],"wp:term":[{"taxonomy":"category","embeddable":true,"href":"https:\/\/blogs.diariosur.es\/tormentas-y-rayos\/wp-json\/wp\/v2\/categories?post=29726"},{"taxonomy":"post_tag","embeddable":true,"href":"https:\/\/blogs.diariosur.es\/tormentas-y-rayos\/wp-json\/wp\/v2\/tags?post=29726"}],"curies":[{"name":"wp","href":"https:\/\/api.w.org\/{rel}","templated":true}]}}