{"id":29781,"date":"2021-04-24T07:25:30","date_gmt":"2021-04-24T05:25:30","guid":{"rendered":"https:\/\/blogs.diariosur.es\/tormentas-y-rayos\/?p=29781"},"modified":"2021-04-24T10:44:35","modified_gmt":"2021-04-24T08:44:35","slug":"el-tiempo-en-malaga-lola-nos-pone-los-cuernos-de-momento-probables-tramos-horarios-de-lluvia-para-el-domingo","status":"publish","type":"post","link":"https:\/\/blogs.diariosur.es\/tormentas-y-rayos\/2021\/04\/24\/el-tiempo-en-malaga-lola-nos-pone-los-cuernos-de-momento-probables-tramos-horarios-de-lluvia-para-el-domingo\/","title":{"rendered":"El tiempo en M\u00e1laga. Lola nos pone los cuernos de momento. Probables tramos horarios de lluvia para el domingo."},"content":{"rendered":"<p><a href=\"https:\/\/static-blogs.diariosur.es\/wp-content\/uploads\/sites\/12\/2021\/01\/12994479_10207552114859933_1346500259674331485_n.jpg\"><img loading=\"lazy\" class=\"aligncenter size-thumbnail wp-image-29165\" src=\"https:\/\/static-blogs.diariosur.es\/wp-content\/uploads\/sites\/12\/2021\/01\/12994479_10207552114859933_1346500259674331485_n-150x150.jpg\" alt=\"\" width=\"150\" height=\"150\" srcset=\"https:\/\/static-blogs.diariosur.es\/wp-content\/uploads\/sites\/12\/2021\/01\/12994479_10207552114859933_1346500259674331485_n-150x150.jpg 150w, https:\/\/static-blogs.diariosur.es\/wp-content\/uploads\/sites\/12\/2021\/01\/12994479_10207552114859933_1346500259674331485_n-399x400.jpg 399w, https:\/\/static-blogs.diariosur.es\/wp-content\/uploads\/sites\/12\/2021\/01\/12994479_10207552114859933_1346500259674331485_n.jpg 749w\" sizes=\"(max-width: 150px) 100vw, 150px\" \/><\/a><\/p>\n<p>Muy buenos d\u00edas, amigos de la meteo. Ayer viernes, en la previsi\u00f3n de las probables precipitaciones para hoy s\u00e1bado en la provincia de M\u00e1laga os comentaba esto.<\/p>\n<p>Os hago una captura de pantalla:<\/p>\n<p><a href=\"https:\/\/static-blogs.diariosur.es\/wp-content\/uploads\/sites\/12\/2021\/04\/Captura-9.jpg\"><img loading=\"lazy\" class=\"aligncenter size-full wp-image-29792\" src=\"https:\/\/static-blogs.diariosur.es\/wp-content\/uploads\/sites\/12\/2021\/04\/Captura-9.jpg\" alt=\"\" width=\"676\" height=\"279\" srcset=\"https:\/\/static-blogs.diariosur.es\/wp-content\/uploads\/sites\/12\/2021\/04\/Captura-9.jpg 676w, https:\/\/static-blogs.diariosur.es\/wp-content\/uploads\/sites\/12\/2021\/04\/Captura-9-640x264.jpg 640w\" sizes=\"(max-width: 676px) 100vw, 676px\" \/><\/a><\/p>\n<p>&nbsp;<\/p>\n<p>&nbsp;<\/p>\n<p>&nbsp;<\/p>\n<p>&nbsp;<\/p>\n<p><a href=\"https:\/\/static-blogs.diariosur.es\/wp-content\/uploads\/sites\/12\/2021\/04\/Captura-6.jpg\"><img loading=\"lazy\" class=\"aligncenter size-full wp-image-29786\" src=\"https:\/\/static-blogs.diariosur.es\/wp-content\/uploads\/sites\/12\/2021\/04\/Captura-6.jpg\" alt=\"\" width=\"693\" height=\"352\" srcset=\"https:\/\/static-blogs.diariosur.es\/wp-content\/uploads\/sites\/12\/2021\/04\/Captura-6.jpg 693w, https:\/\/static-blogs.diariosur.es\/wp-content\/uploads\/sites\/12\/2021\/04\/Captura-6-640x325.jpg 640w\" sizes=\"(max-width: 693px) 100vw, 693px\" \/><\/a><\/p>\n<p><strong>Pues Lola no ha puesto los cuernos de momento<\/strong>. Ha llovido esta pasada madrugada y en estos momentos cuando son la siete de la ma\u00f1ana, en las provincia de Granada y Almer\u00eda. Tampoco para tirar cohetes.<\/p>\n<p>El modelo harmonie de la aemet cambio ayer por la tarde y en estos momentos salvo sorpresas, hoy s\u00e1bado, no da mucha agua para M\u00e1laga.<\/p>\n<p><strong>Ya iremos viendo en el trascurso del d\u00eda si hay sorpresas.<\/strong><\/p>\n<p>Os actualizo los avisos para hoy por viento y fen\u00f3menos costeros. Fuente aemet.<\/p>\n<p>&nbsp;<\/p>\n<p><a href=\"https:\/\/static-blogs.diariosur.es\/wp-content\/uploads\/sites\/12\/2021\/04\/Captura-7.jpg\"><img loading=\"lazy\" class=\"aligncenter size-full wp-image-29787\" src=\"https:\/\/static-blogs.diariosur.es\/wp-content\/uploads\/sites\/12\/2021\/04\/Captura-7.jpg\" alt=\"\" width=\"702\" height=\"548\" srcset=\"https:\/\/static-blogs.diariosur.es\/wp-content\/uploads\/sites\/12\/2021\/04\/Captura-7.jpg 702w, https:\/\/static-blogs.diariosur.es\/wp-content\/uploads\/sites\/12\/2021\/04\/Captura-7-512x400.jpg 512w\" sizes=\"(max-width: 702px) 100vw, 702px\" \/><\/a><\/p>\n<p><span style=\"color: #0000ff;\"><strong>Os paso los tramos horarios cada seis horas de precipitaci\u00f3n para ma\u00f1ana domingo.<\/strong><\/span><\/p>\n<p>Si os fij\u00e1is da precipitaci\u00f3n durante la madrugada del domingo, en la zona de la provincia que m\u00e1s falta hace, la Axarqu\u00eda. Ya veremos que pasa.<\/p>\n<p>&nbsp;<\/p>\n<p><a href=\"https:\/\/static-blogs.diariosur.es\/wp-content\/uploads\/sites\/12\/2021\/04\/1-6.jpg\"><img loading=\"lazy\" class=\"aligncenter size-full wp-image-29783\" src=\"https:\/\/static-blogs.diariosur.es\/wp-content\/uploads\/sites\/12\/2021\/04\/1-6.jpg\" alt=\"\" width=\"702\" height=\"612\" srcset=\"https:\/\/static-blogs.diariosur.es\/wp-content\/uploads\/sites\/12\/2021\/04\/1-6.jpg 702w, https:\/\/static-blogs.diariosur.es\/wp-content\/uploads\/sites\/12\/2021\/04\/1-6-459x400.jpg 459w\" sizes=\"(max-width: 702px) 100vw, 702px\" \/><\/a> <a href=\"https:\/\/static-blogs.diariosur.es\/wp-content\/uploads\/sites\/12\/2021\/04\/2-3.jpg\"><img loading=\"lazy\" class=\"aligncenter size-full wp-image-29784\" src=\"https:\/\/static-blogs.diariosur.es\/wp-content\/uploads\/sites\/12\/2021\/04\/2-3.jpg\" alt=\"\" width=\"700\" height=\"630\" srcset=\"https:\/\/static-blogs.diariosur.es\/wp-content\/uploads\/sites\/12\/2021\/04\/2-3.jpg 700w, https:\/\/static-blogs.diariosur.es\/wp-content\/uploads\/sites\/12\/2021\/04\/2-3-444x400.jpg 444w\" sizes=\"(max-width: 700px) 100vw, 700px\" \/><\/a> <a href=\"https:\/\/static-blogs.diariosur.es\/wp-content\/uploads\/sites\/12\/2021\/04\/3-2.jpg\"><img loading=\"lazy\" class=\"aligncenter size-full wp-image-29785\" src=\"https:\/\/static-blogs.diariosur.es\/wp-content\/uploads\/sites\/12\/2021\/04\/3-2.jpg\" alt=\"\" width=\"701\" height=\"619\" srcset=\"https:\/\/static-blogs.diariosur.es\/wp-content\/uploads\/sites\/12\/2021\/04\/3-2.jpg 701w, https:\/\/static-blogs.diariosur.es\/wp-content\/uploads\/sites\/12\/2021\/04\/3-2-453x400.jpg 453w\" sizes=\"(max-width: 701px) 100vw, 701px\" \/><\/a><\/p>\n<p>&nbsp;<\/p>\n<p>Os dejo con esta bonita foto de mi amigo Crist\u00f3bal Gambero.<\/p>\n<p>&nbsp;<\/p>\n<p><a href=\"https:\/\/static-blogs.diariosur.es\/wp-content\/uploads\/sites\/12\/2021\/04\/176314100_3859071304141835_2798715099274420369_n.jpg\"><img loading=\"lazy\" class=\"aligncenter size-full wp-image-29788\" src=\"https:\/\/static-blogs.diariosur.es\/wp-content\/uploads\/sites\/12\/2021\/04\/176314100_3859071304141835_2798715099274420369_n.jpg\" alt=\"\" width=\"960\" height=\"720\" srcset=\"https:\/\/static-blogs.diariosur.es\/wp-content\/uploads\/sites\/12\/2021\/04\/176314100_3859071304141835_2798715099274420369_n.jpg 960w, https:\/\/static-blogs.diariosur.es\/wp-content\/uploads\/sites\/12\/2021\/04\/176314100_3859071304141835_2798715099274420369_n-533x400.jpg 533w, https:\/\/static-blogs.diariosur.es\/wp-content\/uploads\/sites\/12\/2021\/04\/176314100_3859071304141835_2798715099274420369_n-768x576.jpg 768w\" sizes=\"(max-width: 960px) 100vw, 960px\" \/><\/a><\/p>\n","protected":false},"excerpt":{"rendered":"<p>Muy buenos d\u00edas, amigos de la meteo. Ayer viernes, en la previsi\u00f3n de las probables precipitaciones para hoy s\u00e1bado en la provincia de M\u00e1laga os comentaba esto. Os hago una captura de pantalla: &nbsp; &nbsp; &nbsp; &nbsp; Pues Lola no ha puesto los cuernos de momento. Ha llovido esta pasada madrugada y en estos momentos [&hellip;]<\/p>\n","protected":false},"author":16,"featured_media":29788,"comment_status":"open","ping_status":"open","sticky":false,"template":"","format":"standard","meta":[],"categories":[1],"tags":[100,151,188,302,358,1581,587,676,736,800,1059],"_links":{"self":[{"href":"https:\/\/blogs.diariosur.es\/tormentas-y-rayos\/wp-json\/wp\/v2\/posts\/29781"}],"collection":[{"href":"https:\/\/blogs.diariosur.es\/tormentas-y-rayos\/wp-json\/wp\/v2\/posts"}],"about":[{"href":"https:\/\/blogs.diariosur.es\/tormentas-y-rayos\/wp-json\/wp\/v2\/types\/post"}],"author":[{"embeddable":true,"href":"https:\/\/blogs.diariosur.es\/tormentas-y-rayos\/wp-json\/wp\/v2\/users\/16"}],"replies":[{"embeddable":true,"href":"https:\/\/blogs.diariosur.es\/tormentas-y-rayos\/wp-json\/wp\/v2\/comments?post=29781"}],"version-history":[{"count":3,"href":"https:\/\/blogs.diariosur.es\/tormentas-y-rayos\/wp-json\/wp\/v2\/posts\/29781\/revisions"}],"predecessor-version":[{"id":29795,"href":"https:\/\/blogs.diariosur.es\/tormentas-y-rayos\/wp-json\/wp\/v2\/posts\/29781\/revisions\/29795"}],"wp:featuredmedia":[{"embeddable":true,"href":"https:\/\/blogs.diariosur.es\/tormentas-y-rayos\/wp-json\/wp\/v2\/media\/29788"}],"wp:attachment":[{"href":"https:\/\/blogs.diariosur.es\/tormentas-y-rayos\/wp-json\/wp\/v2\/media?parent=29781"}],"wp:term":[{"taxonomy":"category","embeddable":true,"href":"https:\/\/blogs.diariosur.es\/tormentas-y-rayos\/wp-json\/wp\/v2\/categories?post=29781"},{"taxonomy":"post_tag","embeddable":true,"href":"https:\/\/blogs.diariosur.es\/tormentas-y-rayos\/wp-json\/wp\/v2\/tags?post=29781"}],"curies":[{"name":"wp","href":"https:\/\/api.w.org\/{rel}","templated":true}]}}