{"id":29805,"date":"2021-04-26T11:49:45","date_gmt":"2021-04-26T09:49:45","guid":{"rendered":"https:\/\/blogs.diariosur.es\/tormentas-y-rayos\/?p=29805"},"modified":"2021-04-26T12:15:22","modified_gmt":"2021-04-26T10:15:22","slug":"el-tiempo-en-malaga-aviso-amarillo-lola-se-acerca-al-cabo-de-san-vicente-por-fin","status":"publish","type":"post","link":"https:\/\/blogs.diariosur.es\/tormentas-y-rayos\/2021\/04\/26\/el-tiempo-en-malaga-aviso-amarillo-lola-se-acerca-al-cabo-de-san-vicente-por-fin\/","title":{"rendered":"El tiempo en M\u00e1laga.  Aviso amarillo. Lola se acerca al Cabo de San Vicente por fin."},"content":{"rendered":"<p><a href=\"https:\/\/static-blogs.diariosur.es\/wp-content\/uploads\/sites\/12\/2021\/01\/12994479_10207552114859933_1346500259674331485_n.jpg\"><img loading=\"lazy\" class=\"aligncenter size-thumbnail wp-image-29165\" src=\"https:\/\/static-blogs.diariosur.es\/wp-content\/uploads\/sites\/12\/2021\/01\/12994479_10207552114859933_1346500259674331485_n-150x150.jpg\" alt=\"\" width=\"150\" height=\"150\" srcset=\"https:\/\/static-blogs.diariosur.es\/wp-content\/uploads\/sites\/12\/2021\/01\/12994479_10207552114859933_1346500259674331485_n-150x150.jpg 150w, https:\/\/static-blogs.diariosur.es\/wp-content\/uploads\/sites\/12\/2021\/01\/12994479_10207552114859933_1346500259674331485_n-399x400.jpg 399w, https:\/\/static-blogs.diariosur.es\/wp-content\/uploads\/sites\/12\/2021\/01\/12994479_10207552114859933_1346500259674331485_n.jpg 749w\" sizes=\"(max-width: 150px) 100vw, 150px\" \/><\/a><\/p>\n<p>Buenos d\u00edas, amigos de la meteo. Salvo sorpresas os doy una buena noticia para ma\u00f1ana. Pero antes os\u00a0recuerdo que hoy lunes est\u00e1n en aviso por lluvias y tormentas las provincias de Huelva, C\u00e1diz, Sevilla, Subb\u00e9tica Cordobesa y la Comarca de Ronda en M\u00e1laga. No descarto algunos chubascos tambi\u00e9n en otras zonas del litoral m\u00e1s occidental de M\u00e1laga y comarca de Antequera. Se acaba de activar el aviso amarillo en la comarca de Antequera para hoy.<\/p>\n<p>Y ahora la buena noticia.<\/p>\n<p><span style=\"color: #0000ff;\"><strong>La borrasca Lola<\/strong><\/span> se posicionara esta pr\u00f3xima madrugada en el Cabo de San Vicente, para m\u00e1s tarde reintegrarse a la circulaci\u00f3n general.<\/p>\n<p>Os paso el mapa de superficie de la aemet.<\/p>\n<p>&nbsp;<\/p>\n<p><a href=\"https:\/\/static-blogs.diariosur.es\/wp-content\/uploads\/sites\/12\/2021\/04\/Captura-11.jpg\"><img loading=\"lazy\" class=\"aligncenter size-full wp-image-29806\" src=\"https:\/\/static-blogs.diariosur.es\/wp-content\/uploads\/sites\/12\/2021\/04\/Captura-11.jpg\" alt=\"\" width=\"922\" height=\"640\" srcset=\"https:\/\/static-blogs.diariosur.es\/wp-content\/uploads\/sites\/12\/2021\/04\/Captura-11.jpg 922w, https:\/\/static-blogs.diariosur.es\/wp-content\/uploads\/sites\/12\/2021\/04\/Captura-11-576x400.jpg 576w, https:\/\/static-blogs.diariosur.es\/wp-content\/uploads\/sites\/12\/2021\/04\/Captura-11-768x533.jpg 768w\" sizes=\"(max-width: 922px) 100vw, 922px\" \/><\/a><\/p>\n<h4><span style=\"color: #0000ff;\"><strong>Se activa el aviso amarillo por lluvias en la provincia de M\u00e1laga<\/strong><\/span><\/h4>\n<p><strong>Precipitaci\u00f3n acumulada en una hora: 20 mm. Sol, y Guadalhorce, Axarqu\u00eda, Antequera y Ronda<\/strong><\/p>\n<h4><span style=\"color: #000000;\">Precipitaci\u00f3n acumulada en 12 horas: 40 mm,\u00a0<strong>Sol, y Guadalhorce, y Axarqu\u00eda<\/strong><\/span><\/h4>\n<p>&nbsp;<\/p>\n<p><a href=\"https:\/\/static-blogs.diariosur.es\/wp-content\/uploads\/sites\/12\/2021\/04\/Captura-12.jpg\"><img loading=\"lazy\" class=\"aligncenter size-full wp-image-29816\" src=\"https:\/\/static-blogs.diariosur.es\/wp-content\/uploads\/sites\/12\/2021\/04\/Captura-12.jpg\" alt=\"\" width=\"691\" height=\"551\" srcset=\"https:\/\/static-blogs.diariosur.es\/wp-content\/uploads\/sites\/12\/2021\/04\/Captura-12.jpg 691w, https:\/\/static-blogs.diariosur.es\/wp-content\/uploads\/sites\/12\/2021\/04\/Captura-12-502x400.jpg 502w\" sizes=\"(max-width: 691px) 100vw, 691px\" \/><\/a><\/p>\n<p>Desde esta posici\u00f3n si afectar\u00e1 en mayor medida a la provincia de M\u00e1laga, dejando precipitaciones m\u00e1s generosas que estos d\u00edas pasados.\u00a0Os recuerdo que M\u00e1laga capital lleva tan solo 5 litros en este episodio.<\/p>\n<p>La gran mayoria de los modelos dan una probabilidad muy alta, empezando durante la madrugada y primeras horas de ma\u00f1ana martes.\u00a0Estas precipitaciones limpiaran los cielos de la calima que tenemos.<\/p>\n<p>A la hora del cole probabilidad alta de precipitaciones.<\/p>\n<p>&nbsp;<\/p>\n<p><a href=\"https:\/\/static-blogs.diariosur.es\/wp-content\/uploads\/sites\/12\/2021\/04\/004-533x400.jpg\"><img loading=\"lazy\" class=\"aligncenter size-full wp-image-29810\" src=\"https:\/\/static-blogs.diariosur.es\/wp-content\/uploads\/sites\/12\/2021\/04\/004-533x400.jpg\" alt=\"\" width=\"533\" height=\"400\" \/><\/a><\/p>\n<p>&nbsp;<\/p>\n<p>Esperemos que esta vez Lola no nos ponga los cuernos.<\/p>\n<p>&nbsp;<\/p>\n","protected":false},"excerpt":{"rendered":"<p>Buenos d\u00edas, amigos de la meteo. Salvo sorpresas os doy una buena noticia para ma\u00f1ana. Pero antes os\u00a0recuerdo que hoy lunes est\u00e1n en aviso por lluvias y tormentas las provincias de Huelva, C\u00e1diz, Sevilla, Subb\u00e9tica Cordobesa y la Comarca de Ronda en M\u00e1laga. No descarto algunos chubascos tambi\u00e9n en otras zonas del litoral m\u00e1s occidental [&hellip;]<\/p>\n","protected":false},"author":16,"featured_media":29813,"comment_status":"open","ping_status":"open","sticky":false,"template":"","format":"standard","meta":[],"categories":[1],"tags":[94,100,151,188,1525,358,569,1581,587,800,945,996],"_links":{"self":[{"href":"https:\/\/blogs.diariosur.es\/tormentas-y-rayos\/wp-json\/wp\/v2\/posts\/29805"}],"collection":[{"href":"https:\/\/blogs.diariosur.es\/tormentas-y-rayos\/wp-json\/wp\/v2\/posts"}],"about":[{"href":"https:\/\/blogs.diariosur.es\/tormentas-y-rayos\/wp-json\/wp\/v2\/types\/post"}],"author":[{"embeddable":true,"href":"https:\/\/blogs.diariosur.es\/tormentas-y-rayos\/wp-json\/wp\/v2\/users\/16"}],"replies":[{"embeddable":true,"href":"https:\/\/blogs.diariosur.es\/tormentas-y-rayos\/wp-json\/wp\/v2\/comments?post=29805"}],"version-history":[{"count":12,"href":"https:\/\/blogs.diariosur.es\/tormentas-y-rayos\/wp-json\/wp\/v2\/posts\/29805\/revisions"}],"predecessor-version":[{"id":29823,"href":"https:\/\/blogs.diariosur.es\/tormentas-y-rayos\/wp-json\/wp\/v2\/posts\/29805\/revisions\/29823"}],"wp:featuredmedia":[{"embeddable":true,"href":"https:\/\/blogs.diariosur.es\/tormentas-y-rayos\/wp-json\/wp\/v2\/media\/29813"}],"wp:attachment":[{"href":"https:\/\/blogs.diariosur.es\/tormentas-y-rayos\/wp-json\/wp\/v2\/media?parent=29805"}],"wp:term":[{"taxonomy":"category","embeddable":true,"href":"https:\/\/blogs.diariosur.es\/tormentas-y-rayos\/wp-json\/wp\/v2\/categories?post=29805"},{"taxonomy":"post_tag","embeddable":true,"href":"https:\/\/blogs.diariosur.es\/tormentas-y-rayos\/wp-json\/wp\/v2\/tags?post=29805"}],"curies":[{"name":"wp","href":"https:\/\/api.w.org\/{rel}","templated":true}]}}