{"id":29856,"date":"2021-05-02T08:52:41","date_gmt":"2021-05-02T06:52:41","guid":{"rendered":"https:\/\/blogs.diariosur.es\/tormentas-y-rayos\/?p=29856"},"modified":"2021-05-03T08:53:51","modified_gmt":"2021-05-03T06:53:51","slug":"el-tiempo-en-andalucia-malaga-prediccion-lunes-madrugada-fresquita","status":"publish","type":"post","link":"https:\/\/blogs.diariosur.es\/tormentas-y-rayos\/2021\/05\/02\/el-tiempo-en-andalucia-malaga-prediccion-lunes-madrugada-fresquita\/","title":{"rendered":"El tiempo en Andaluc\u00eda, M\u00e1laga. Predicci\u00f3n lunes. Madrugada fresquita."},"content":{"rendered":"<p><a href=\"https:\/\/static-blogs.diariosur.es\/wp-content\/uploads\/sites\/12\/2021\/01\/12994479_10207552114859933_1346500259674331485_n.jpg\"><img loading=\"lazy\" class=\"aligncenter size-thumbnail wp-image-29165\" src=\"https:\/\/static-blogs.diariosur.es\/wp-content\/uploads\/sites\/12\/2021\/01\/12994479_10207552114859933_1346500259674331485_n-150x150.jpg\" alt=\"\" width=\"150\" height=\"150\" srcset=\"https:\/\/static-blogs.diariosur.es\/wp-content\/uploads\/sites\/12\/2021\/01\/12994479_10207552114859933_1346500259674331485_n-150x150.jpg 150w, https:\/\/static-blogs.diariosur.es\/wp-content\/uploads\/sites\/12\/2021\/01\/12994479_10207552114859933_1346500259674331485_n-399x400.jpg 399w, https:\/\/static-blogs.diariosur.es\/wp-content\/uploads\/sites\/12\/2021\/01\/12994479_10207552114859933_1346500259674331485_n.jpg 749w\" sizes=\"(max-width: 150px) 100vw, 150px\" \/><\/a><\/p>\n<p>Muy buenos d\u00edas fresquitos, amigos de la meteo. Seguimos con una primavera autentica, como muchos sab\u00e9is, esta estaci\u00f3n es la transici\u00f3n del invierno al verano.<\/p>\n<p>Una pasada las m\u00ednimas que se han dado hoy en toda Andaluc\u00eda, os pongo algunas.<\/p>\n<h3><span style=\"color: #0000ff;\"><strong>Datos de la aemet<\/strong><\/span><\/h3>\n<p><strong>M\u00e1laga Aeropuerto 10.9 grados<\/strong><\/p>\n<p><strong>Granada Aeropuerto\u00a0 2.7 grados<\/strong><\/p>\n<p><strong>Ja\u00e9n\u00a0 6.8 grados<\/strong><\/p>\n<p><strong>C\u00f3rdoba Aeropuerto 7 grados<\/strong><\/p>\n<p><strong>Sevilla Aeropuerto\u00a0 7.8 grados<\/strong><\/p>\n<p><strong>Almer\u00eda Aeropuerto\u00a0 10.9 grados<\/strong><\/p>\n<p><strong>C\u00e1diz\u00a0 13.9 grados<\/strong><\/p>\n<p><strong>Huelva 8.7 grados<\/strong><\/p>\n<p><strong>Tarifa\u00a0 9.4 grados<\/strong><\/p>\n<p><strong>Cazalla de la Sierra 2.3 grados<\/strong><\/p>\n<p><strong>Aroche\u00a0 \u00a02.7 grados<\/strong><\/p>\n<p><strong>Baza 2.9 grados<\/strong><\/p>\n<p><strong>Jerez de la Frontera\u00a0 4.8 grados\u00a0<\/strong><\/p>\n<p><strong>Ceuta 13.7 grados<\/strong><\/p>\n<p><strong>Melilla 13.9 grados.<\/strong><\/p>\n<p><span style=\"color: #0000ff;\"><strong>\u00a0FUENTE ACAMET<\/strong><\/span><\/p>\n<p>Una pasada las m\u00ednimas del domingo.<\/p>\n<p><a href=\"https:\/\/static-blogs.diariosur.es\/wp-content\/uploads\/sites\/12\/2021\/05\/1.jpg\"><img loading=\"lazy\" class=\"aligncenter size-full wp-image-29862\" src=\"https:\/\/static-blogs.diariosur.es\/wp-content\/uploads\/sites\/12\/2021\/05\/1.jpg\" alt=\"\" width=\"395\" height=\"195\" \/><\/a> <a href=\"https:\/\/static-blogs.diariosur.es\/wp-content\/uploads\/sites\/12\/2021\/05\/2.jpg\"><img loading=\"lazy\" class=\"aligncenter size-full wp-image-29863\" src=\"https:\/\/static-blogs.diariosur.es\/wp-content\/uploads\/sites\/12\/2021\/05\/2.jpg\" alt=\"\" width=\"396\" height=\"72\" \/><\/a> <a href=\"https:\/\/static-blogs.diariosur.es\/wp-content\/uploads\/sites\/12\/2021\/05\/3.jpg\"><img loading=\"lazy\" class=\"aligncenter size-full wp-image-29864\" src=\"https:\/\/static-blogs.diariosur.es\/wp-content\/uploads\/sites\/12\/2021\/05\/3.jpg\" alt=\"\" width=\"403\" height=\"72\" \/><\/a><\/p>\n<p>&nbsp;<\/p>\n<p>&nbsp;<\/p>\n<p>&nbsp;<\/p>\n<p>&nbsp;<\/p>\n<h3><span style=\"color: #0000ff;\"><strong>\u00a0FUENTE METEOCLIMATIC<\/strong><\/span><\/h3>\n<p><strong>Archidona Huertas del Rio 3.3 grados<\/strong><\/p>\n<p><strong>Ronda San Cristobal\u00a0 6.2 grados<\/strong><\/p>\n<p><strong>Tolox 8.9 grados<\/strong><\/p>\n<p>&nbsp;<\/p>\n<h3><span style=\"color: #ff0000;\"><strong>Predicci\u00f3n lunes 3 de Mayo.<\/strong><\/span><\/h3>\n<p>Ma\u00f1ana cambiar\u00e1 el viento a levante,\u00a0 o a \u00faltima hora de esta noche, las rachas mas fuertes se esperan en la costa de Almer\u00eda y Estrecho, en esta \u00faltima zona la aemet activa el aviso amarillo por fen\u00f3menos costeros, levante de fuerza 7.<\/p>\n<p>Hay probabilidad de chubascos d\u00e9biles y espor\u00e1dicos en la zona del Estrecho, Ceuta y Melilla. En la costa de Almer\u00eda y su interior tambi\u00e9n tienen probabilidad de precipitaciones. En la provincia de Granada la probabilidad mayor se dar\u00e1 en zonas de Sierras.<\/p>\n<p>En la provincia de M\u00e1laga hay probabilidad de que se escapen algunas gotas en el litoral m\u00e1s occidental y en algunos puntos del Valle del Guadalhorce, pero muy poca cosa. Cielos nubosos en la costa.<\/p>\n<p>En las dem\u00e1s provincias de nuestra comunidad, la probabilidad de precipitaciones es muy baja.<\/p>\n<p>En cuantos a las temperaturas, las m\u00e1ximas m\u00e1s altas se dar\u00e1n en el Valle del Guadalquivir. Las m\u00ednimas subir\u00e1n en toda la comunidad.<\/p>\n<p><strong>Os paso las temperaturas m\u00e1ximas y m\u00ednimas que prev\u00e9 la aemet para ma\u00f1ana lunes<\/strong><\/p>\n<p>&nbsp;<\/p>\n<p><a href=\"https:\/\/static-blogs.diariosur.es\/wp-content\/uploads\/sites\/12\/2021\/05\/Captura-3.jpg\"><img loading=\"lazy\" class=\"aligncenter size-full wp-image-29860\" src=\"https:\/\/static-blogs.diariosur.es\/wp-content\/uploads\/sites\/12\/2021\/05\/Captura-3.jpg\" alt=\"\" width=\"701\" height=\"553\" srcset=\"https:\/\/static-blogs.diariosur.es\/wp-content\/uploads\/sites\/12\/2021\/05\/Captura-3.jpg 701w, https:\/\/static-blogs.diariosur.es\/wp-content\/uploads\/sites\/12\/2021\/05\/Captura-3-507x400.jpg 507w\" sizes=\"(max-width: 701px) 100vw, 701px\" \/><\/a><\/p>\n<p>&nbsp;<\/p>\n<p>Os dejo con esta preciosa foto de mi nieta Leila, tambi\u00e9n apunta maneras de fot\u00f3grafa. Estuvo ayer con sus padres en el Embalse de Guadalhorce. Que por cierto, me dijo mi hija, que tambi\u00e9n hacia mucho viento y fr\u00edo. Fijaros en las olitas del embalse.<\/p>\n<p>&nbsp;<\/p>\n<p><a href=\"https:\/\/static-blogs.diariosur.es\/wp-content\/uploads\/sites\/12\/2021\/05\/leila.jpg\"><img loading=\"lazy\" class=\"aligncenter size-full wp-image-29861\" src=\"https:\/\/static-blogs.diariosur.es\/wp-content\/uploads\/sites\/12\/2021\/05\/leila.jpg\" alt=\"\" width=\"800\" height=\"1067\" srcset=\"https:\/\/static-blogs.diariosur.es\/wp-content\/uploads\/sites\/12\/2021\/05\/leila.jpg 800w, https:\/\/static-blogs.diariosur.es\/wp-content\/uploads\/sites\/12\/2021\/05\/leila-300x400.jpg 300w, https:\/\/static-blogs.diariosur.es\/wp-content\/uploads\/sites\/12\/2021\/05\/leila-768x1024.jpg 768w\" sizes=\"(max-width: 800px) 100vw, 800px\" \/><\/a><\/p>\n","protected":false},"excerpt":{"rendered":"<p>Muy buenos d\u00edas fresquitos, amigos de la meteo. Seguimos con una primavera autentica, como muchos sab\u00e9is, esta estaci\u00f3n es la transici\u00f3n del invierno al verano. Una pasada las m\u00ednimas que se han dado hoy en toda Andaluc\u00eda, os pongo algunas. Datos de la aemet M\u00e1laga Aeropuerto 10.9 grados Granada Aeropuerto\u00a0 2.7 grados Ja\u00e9n\u00a0 6.8 grados [&hellip;]<\/p>\n","protected":false},"author":16,"featured_media":29861,"comment_status":"open","ping_status":"open","sticky":false,"template":"","format":"standard","meta":[],"categories":[1],"tags":[94,100,151,1525,358,389,432,587,736,800,945,1059],"_links":{"self":[{"href":"https:\/\/blogs.diariosur.es\/tormentas-y-rayos\/wp-json\/wp\/v2\/posts\/29856"}],"collection":[{"href":"https:\/\/blogs.diariosur.es\/tormentas-y-rayos\/wp-json\/wp\/v2\/posts"}],"about":[{"href":"https:\/\/blogs.diariosur.es\/tormentas-y-rayos\/wp-json\/wp\/v2\/types\/post"}],"author":[{"embeddable":true,"href":"https:\/\/blogs.diariosur.es\/tormentas-y-rayos\/wp-json\/wp\/v2\/users\/16"}],"replies":[{"embeddable":true,"href":"https:\/\/blogs.diariosur.es\/tormentas-y-rayos\/wp-json\/wp\/v2\/comments?post=29856"}],"version-history":[{"count":5,"href":"https:\/\/blogs.diariosur.es\/tormentas-y-rayos\/wp-json\/wp\/v2\/posts\/29856\/revisions"}],"predecessor-version":[{"id":29869,"href":"https:\/\/blogs.diariosur.es\/tormentas-y-rayos\/wp-json\/wp\/v2\/posts\/29856\/revisions\/29869"}],"wp:featuredmedia":[{"embeddable":true,"href":"https:\/\/blogs.diariosur.es\/tormentas-y-rayos\/wp-json\/wp\/v2\/media\/29861"}],"wp:attachment":[{"href":"https:\/\/blogs.diariosur.es\/tormentas-y-rayos\/wp-json\/wp\/v2\/media?parent=29856"}],"wp:term":[{"taxonomy":"category","embeddable":true,"href":"https:\/\/blogs.diariosur.es\/tormentas-y-rayos\/wp-json\/wp\/v2\/categories?post=29856"},{"taxonomy":"post_tag","embeddable":true,"href":"https:\/\/blogs.diariosur.es\/tormentas-y-rayos\/wp-json\/wp\/v2\/tags?post=29856"}],"curies":[{"name":"wp","href":"https:\/\/api.w.org\/{rel}","templated":true}]}}