{"id":29895,"date":"2021-05-06T09:04:00","date_gmt":"2021-05-06T07:04:00","guid":{"rendered":"https:\/\/blogs.diariosur.es\/tormentas-y-rayos\/?p=29895"},"modified":"2021-05-06T09:04:00","modified_gmt":"2021-05-06T07:04:00","slug":"el-tiempo-en-malaga-andalucia-que-tiempo-hara-el-fin-de-semana-probable-taro","status":"publish","type":"post","link":"https:\/\/blogs.diariosur.es\/tormentas-y-rayos\/2021\/05\/06\/el-tiempo-en-malaga-andalucia-que-tiempo-hara-el-fin-de-semana-probable-taro\/","title":{"rendered":"El tiempo en M\u00e1laga, Andaluc\u00eda. \u00bf Qu\u00e9 tiempo har\u00e1 el fin de semana ?  Probable tar\u00f3."},"content":{"rendered":"<p><a href=\"https:\/\/static-blogs.diariosur.es\/wp-content\/uploads\/sites\/12\/2021\/02\/59999602_10216541055137822_8294285136585818112_o.jpg\"><img loading=\"lazy\" class=\"aligncenter size-thumbnail wp-image-29446\" src=\"https:\/\/static-blogs.diariosur.es\/wp-content\/uploads\/sites\/12\/2021\/02\/59999602_10216541055137822_8294285136585818112_o-150x150.jpg\" alt=\"\" width=\"150\" height=\"150\" \/><\/a><\/p>\n<p>Muy buenos d\u00edas, amigos de la meteo. Antes de nada y para los nuevos que entr\u00e1is al blog, os explico que es una ciclog\u00e9nesis explosiva.<\/p>\n<p class=\"ter-definicion\">Una ciclog\u00e9nesis se considera explosiva cuando la presi\u00f3n de la borrasca en su centro disminuye 24 hPa en 24 horas o menos tiempo. Esta definici\u00f3n suele referirse a latitudes altas, alrededor de los 55\u00ba &#8211; 60\u00ba. En latitudes inferiores, esta condici\u00f3n se relaja a valores de 18 &#8211; 20 hPa en 24 horas o 9 &#8211; 10 hPa en 12 h. Las ciclog\u00e9nesis explosivas son relativamente frecuentes en los oc\u00e9anos Pac\u00edfico y Atl\u00e1ntico. Fuente Aemet.<\/p>\n<p>Pienso que esta claro lo que es \u00bf verdad ? una ciclog\u00e9nesis explosiva no llega a ning\u00fan lado, como dicen muchos titulares de peri\u00f3dicos, llega la borrasca.<\/p>\n<p>Insisto, ciclogen\u00e9sis explosiva es el proceso que tienen todas las borrascas cuando se profundizan, cuando lo hacen muy r\u00e1pido y bajan mucho la presi\u00f3n en poco tiempo se llama explosiva. Tambi\u00e9n comentaros que afectar\u00e1 en mayor medida a Irlanda y Reino Unido. Lo que si contribuir\u00e1 a que tengamos un cambio de tiempo cuando el domingo cruce un frente fr\u00edo la pen\u00ednsula y nos llegue una masa de aire m\u00e1s fresca. De momento no le han puesto nombre a la borrasca.<\/p>\n<p>Os paso unos mapas de superficie del Met Office, donde pod\u00e9is ver la bajada de presi\u00f3n.<\/p>\n<p>&nbsp;<\/p>\n<p>&nbsp;<\/p>\n<p><a href=\"https:\/\/static-blogs.diariosur.es\/wp-content\/uploads\/sites\/12\/2021\/05\/1-2.jpg\"><img loading=\"lazy\" class=\"aligncenter size-full wp-image-29897\" src=\"https:\/\/static-blogs.diariosur.es\/wp-content\/uploads\/sites\/12\/2021\/05\/1-2.jpg\" alt=\"\" width=\"798\" height=\"542\" srcset=\"https:\/\/static-blogs.diariosur.es\/wp-content\/uploads\/sites\/12\/2021\/05\/1-2.jpg 798w, https:\/\/static-blogs.diariosur.es\/wp-content\/uploads\/sites\/12\/2021\/05\/1-2-589x400.jpg 589w, https:\/\/static-blogs.diariosur.es\/wp-content\/uploads\/sites\/12\/2021\/05\/1-2-768x522.jpg 768w\" sizes=\"(max-width: 798px) 100vw, 798px\" \/><\/a><\/p>\n<p>&nbsp;<\/p>\n<p><a href=\"https:\/\/static-blogs.diariosur.es\/wp-content\/uploads\/sites\/12\/2021\/05\/2-2.jpg\"><img loading=\"lazy\" class=\"aligncenter size-full wp-image-29898\" src=\"https:\/\/static-blogs.diariosur.es\/wp-content\/uploads\/sites\/12\/2021\/05\/2-2.jpg\" alt=\"\" width=\"809\" height=\"549\" srcset=\"https:\/\/static-blogs.diariosur.es\/wp-content\/uploads\/sites\/12\/2021\/05\/2-2.jpg 809w, https:\/\/static-blogs.diariosur.es\/wp-content\/uploads\/sites\/12\/2021\/05\/2-2-589x400.jpg 589w, https:\/\/static-blogs.diariosur.es\/wp-content\/uploads\/sites\/12\/2021\/05\/2-2-768x521.jpg 768w\" sizes=\"(max-width: 809px) 100vw, 809px\" \/><\/a><\/p>\n<p>&nbsp;<\/p>\n<p><a href=\"https:\/\/static-blogs.diariosur.es\/wp-content\/uploads\/sites\/12\/2021\/05\/3-1.jpg\"><img loading=\"lazy\" class=\"aligncenter size-full wp-image-29899\" src=\"https:\/\/static-blogs.diariosur.es\/wp-content\/uploads\/sites\/12\/2021\/05\/3-1.jpg\" alt=\"\" width=\"797\" height=\"545\" srcset=\"https:\/\/static-blogs.diariosur.es\/wp-content\/uploads\/sites\/12\/2021\/05\/3-1.jpg 797w, https:\/\/static-blogs.diariosur.es\/wp-content\/uploads\/sites\/12\/2021\/05\/3-1-585x400.jpg 585w, https:\/\/static-blogs.diariosur.es\/wp-content\/uploads\/sites\/12\/2021\/05\/3-1-768x525.jpg 768w\" sizes=\"(max-width: 797px) 100vw, 797px\" \/><\/a><\/p>\n<h3><span style=\"color: #0000ff;\"><strong>Predicci\u00f3n viernes 7 de Mayo.<\/strong><\/span><\/h3>\n<p>Como os comento en el titulo del post, hay probabilidad de tar\u00f3, boria, hoy jueves y con m\u00e1s probabilidad ma\u00f1ana viernes en las costas de Granada, M\u00e1laga, Estrecho y Ceuta. Esta niebla de advecci\u00f3n\u00a0se produce por la diferencia de temperatura entre la superficie del mar, que se ha enfriado por acci\u00f3n del poniente y el terral de los d\u00edas anteriores, y la brisa c\u00e1lida de sur sureste que soplar\u00e1 estos d\u00edas. <strong>No confirmo el tar\u00f3, probabilidad alta.<\/strong><\/p>\n<p>La probabilidad de precipitaciones es muy baja.<\/p>\n<p>El viento soplar\u00e1 flojo de direcci\u00f3n variable.<\/p>\n<p>En cuanto a las temperaturas se sobrepasaran los 30 grados en el Valle del Guadalquivir y otras zonas. En zonas de costa entre 25 y 27 grados.<\/p>\n<p>&nbsp;<\/p>\n<h3><span style=\"color: #0000ff;\"><strong>Predicci\u00f3n S\u00e1bado 8 de Mayo.<\/strong><\/span><\/h3>\n<p>Baja la probabilidad de tar\u00f3 en el litoral mediterr\u00e1neo. Los cielos estar\u00e1n poco nubosos. Viento de componente este en el litoral mediterr\u00e1neo, por la tarde noche cambiaran a componente oeste en la zona occidental de nuestra comunidad.<\/p>\n<p>Os paso las temperaturas m\u00e1ximas y m\u00ednimas que prev\u00e9 la aemet.<\/p>\n<p>&nbsp;<\/p>\n<p><a href=\"https:\/\/static-blogs.diariosur.es\/wp-content\/uploads\/sites\/12\/2021\/05\/sabado.jpg\"><img loading=\"lazy\" class=\"aligncenter size-full wp-image-29905\" src=\"https:\/\/static-blogs.diariosur.es\/wp-content\/uploads\/sites\/12\/2021\/05\/sabado.jpg\" alt=\"\" width=\"695\" height=\"548\" srcset=\"https:\/\/static-blogs.diariosur.es\/wp-content\/uploads\/sites\/12\/2021\/05\/sabado.jpg 695w, https:\/\/static-blogs.diariosur.es\/wp-content\/uploads\/sites\/12\/2021\/05\/sabado-507x400.jpg 507w\" sizes=\"(max-width: 695px) 100vw, 695px\" \/><\/a><\/p>\n<p>&nbsp;<\/p>\n<h3><span style=\"color: #0000ff;\"><strong>Predicci\u00f3n Domingo 9 de Mayo.<\/strong><\/span><\/h3>\n<p>Con un poco de incertidumbre a tantas horas, os cuento lo que puede pasar.<\/p>\n<p>La profunda borrasca que antes hemos hablado se acercara a Irlanda, el frente fr\u00edo que trae asociado afectara durante el domingo a nuestra comunidad.<\/p>\n<p>Os el mapa de superficie del Met Office previsto para el domingo.<\/p>\n<p>&nbsp;<\/p>\n<p><a href=\"https:\/\/static-blogs.diariosur.es\/wp-content\/uploads\/sites\/12\/2021\/05\/domi.jpg\"><img loading=\"lazy\" class=\"aligncenter size-full wp-image-29906\" src=\"https:\/\/static-blogs.diariosur.es\/wp-content\/uploads\/sites\/12\/2021\/05\/domi.jpg\" alt=\"\" width=\"800\" height=\"544\" srcset=\"https:\/\/static-blogs.diariosur.es\/wp-content\/uploads\/sites\/12\/2021\/05\/domi.jpg 800w, https:\/\/static-blogs.diariosur.es\/wp-content\/uploads\/sites\/12\/2021\/05\/domi-588x400.jpg 588w, https:\/\/static-blogs.diariosur.es\/wp-content\/uploads\/sites\/12\/2021\/05\/domi-768x522.jpg 768w\" sizes=\"(max-width: 800px) 100vw, 800px\" \/><\/a><\/p>\n<p>&nbsp;<\/p>\n<p>Lo m\u00e1s destacado ser\u00e1 la bajada notable de temperaturas m\u00e1ximas, sobre todo en las zonas donde estos d\u00edas se superaran los 30 grados. Por poneros un ejemplo, Sevilla una m\u00e1xima de 32 grados estos d\u00edas y el domingo 23.<\/p>\n<p>En lo que respecta a la provincia malague\u00f1a no notaremos tanto esa bajada de temperaturas, un poco m\u00e1s el lunes. Os paso las m\u00e1ximas y m\u00ednimas que prev\u00e9 la aemet<\/p>\n<p>&nbsp;<\/p>\n<p><a href=\"https:\/\/static-blogs.diariosur.es\/wp-content\/uploads\/sites\/12\/2021\/05\/domingoooo.jpg\"><img loading=\"lazy\" class=\"aligncenter size-full wp-image-29907\" src=\"https:\/\/static-blogs.diariosur.es\/wp-content\/uploads\/sites\/12\/2021\/05\/domingoooo.jpg\" alt=\"\" width=\"696\" height=\"549\" srcset=\"https:\/\/static-blogs.diariosur.es\/wp-content\/uploads\/sites\/12\/2021\/05\/domingoooo.jpg 696w, https:\/\/static-blogs.diariosur.es\/wp-content\/uploads\/sites\/12\/2021\/05\/domingoooo-507x400.jpg 507w\" sizes=\"(max-width: 696px) 100vw, 696px\" \/><\/a><\/p>\n<p>&nbsp;<\/p>\n<p>El viento tambi\u00e9n tomar\u00e1 protagonismo en zonas altas monta\u00f1osas y en los dos litorales andaluces.<\/p>\n<p>En cuanto a la pregunta del mill\u00f3n \u00bf si llover\u00e1? la probabilidad m\u00e1s alta se dar\u00e1 en la zona occidental de nuestra comunidad. Por la tarde pueden llegar algunos chubascos a la zona m\u00e1s occidental y centro de la provincia de M\u00e1laga. Todo depender\u00e1 de la hora que entre el frente.<\/p>\n<p>El viernes o el s\u00e1bado con los modelos en mesoescala, tendr\u00e9 m\u00e1s claro que zonas de Andaluc\u00eda tienen la mayor probabilidad de precipitaciones, de todas formas no ser\u00e1 gran cosa.<\/p>\n<p>&nbsp;<\/p>\n","protected":false},"excerpt":{"rendered":"<p>Muy buenos d\u00edas, amigos de la meteo. Antes de nada y para los nuevos que entr\u00e1is al blog, os explico que es una ciclog\u00e9nesis explosiva. Una ciclog\u00e9nesis se considera explosiva cuando la presi\u00f3n de la borrasca en su centro disminuye 24 hPa en 24 horas o menos tiempo. Esta definici\u00f3n suele referirse a latitudes altas, [&hellip;]<\/p>\n","protected":false},"author":16,"featured_media":29903,"comment_status":"open","ping_status":"open","sticky":false,"template":"","format":"standard","meta":[],"categories":[1],"tags":[100,188,252,1525,358,375,395,800,847,945,953,996],"_links":{"self":[{"href":"https:\/\/blogs.diariosur.es\/tormentas-y-rayos\/wp-json\/wp\/v2\/posts\/29895"}],"collection":[{"href":"https:\/\/blogs.diariosur.es\/tormentas-y-rayos\/wp-json\/wp\/v2\/posts"}],"about":[{"href":"https:\/\/blogs.diariosur.es\/tormentas-y-rayos\/wp-json\/wp\/v2\/types\/post"}],"author":[{"embeddable":true,"href":"https:\/\/blogs.diariosur.es\/tormentas-y-rayos\/wp-json\/wp\/v2\/users\/16"}],"replies":[{"embeddable":true,"href":"https:\/\/blogs.diariosur.es\/tormentas-y-rayos\/wp-json\/wp\/v2\/comments?post=29895"}],"version-history":[{"count":5,"href":"https:\/\/blogs.diariosur.es\/tormentas-y-rayos\/wp-json\/wp\/v2\/posts\/29895\/revisions"}],"predecessor-version":[{"id":29908,"href":"https:\/\/blogs.diariosur.es\/tormentas-y-rayos\/wp-json\/wp\/v2\/posts\/29895\/revisions\/29908"}],"wp:featuredmedia":[{"embeddable":true,"href":"https:\/\/blogs.diariosur.es\/tormentas-y-rayos\/wp-json\/wp\/v2\/media\/29903"}],"wp:attachment":[{"href":"https:\/\/blogs.diariosur.es\/tormentas-y-rayos\/wp-json\/wp\/v2\/media?parent=29895"}],"wp:term":[{"taxonomy":"category","embeddable":true,"href":"https:\/\/blogs.diariosur.es\/tormentas-y-rayos\/wp-json\/wp\/v2\/categories?post=29895"},{"taxonomy":"post_tag","embeddable":true,"href":"https:\/\/blogs.diariosur.es\/tormentas-y-rayos\/wp-json\/wp\/v2\/tags?post=29895"}],"curies":[{"name":"wp","href":"https:\/\/api.w.org\/{rel}","templated":true}]}}