{"id":29909,"date":"2021-05-08T08:24:56","date_gmt":"2021-05-08T06:24:56","guid":{"rendered":"https:\/\/blogs.diariosur.es\/tormentas-y-rayos\/?p=29909"},"modified":"2021-05-08T11:44:28","modified_gmt":"2021-05-08T09:44:28","slug":"el-tiempo-fin-de-semana-en-malaga-y-andalucia-aviso-amarillo-por-viento-y-olas","status":"publish","type":"post","link":"https:\/\/blogs.diariosur.es\/tormentas-y-rayos\/2021\/05\/08\/el-tiempo-fin-de-semana-en-malaga-y-andalucia-aviso-amarillo-por-viento-y-olas\/","title":{"rendered":"El tiempo fin de semana en M\u00e1laga y Andaluc\u00eda. Aviso amarillo por viento y olas."},"content":{"rendered":"<p><a href=\"https:\/\/static-blogs.diariosur.es\/wp-content\/uploads\/sites\/12\/2021\/01\/12994479_10207552114859933_1346500259674331485_n.jpg\"><img loading=\"lazy\" class=\"aligncenter size-thumbnail wp-image-29165\" src=\"https:\/\/static-blogs.diariosur.es\/wp-content\/uploads\/sites\/12\/2021\/01\/12994479_10207552114859933_1346500259674331485_n-150x150.jpg\" alt=\"\" width=\"150\" height=\"150\" srcset=\"https:\/\/static-blogs.diariosur.es\/wp-content\/uploads\/sites\/12\/2021\/01\/12994479_10207552114859933_1346500259674331485_n-150x150.jpg 150w, https:\/\/static-blogs.diariosur.es\/wp-content\/uploads\/sites\/12\/2021\/01\/12994479_10207552114859933_1346500259674331485_n-399x400.jpg 399w, https:\/\/static-blogs.diariosur.es\/wp-content\/uploads\/sites\/12\/2021\/01\/12994479_10207552114859933_1346500259674331485_n.jpg 749w\" sizes=\"(max-width: 150px) 100vw, 150px\" \/><\/a><\/p>\n<p>Muy buenos d\u00edas, amigos de la meteo. Se cumplieron las previsiones que daba desde hace unos d\u00edas y el tar\u00f3 fue protagonista en la costa malague\u00f1a. A esta niebla de advecci\u00f3n tambi\u00e9n se le llama boira. Al final del post os pondr\u00e9 unas cuantas fotos.<\/p>\n<h3><span style=\"color: #ff0000;\"><strong>El tiempo fin de semana en M\u00e1laga y Andaluc\u00eda.<\/strong><\/span><\/h3>\n<p>Al final creo que a la potente borrasca ( 965 mb ) no le han puesto nombre. Os paso una imagen del sat\u00e9lite eumetsat en infrarrojo, donde se aprecia perfectamente. Y os doy la previsi\u00f3n<\/p>\n<p>Fuente meteogalicia.<\/p>\n<p>&nbsp;<\/p>\n<p>&nbsp;<\/p>\n<p><a href=\"https:\/\/static-blogs.diariosur.es\/wp-content\/uploads\/sites\/12\/2021\/05\/webexterna_ColorIR87_04-15.jpg\"><img loading=\"lazy\" class=\"aligncenter size-full wp-image-29911\" src=\"https:\/\/static-blogs.diariosur.es\/wp-content\/uploads\/sites\/12\/2021\/05\/webexterna_ColorIR87_04-15.jpg\" alt=\"\" width=\"750\" height=\"518\" srcset=\"https:\/\/static-blogs.diariosur.es\/wp-content\/uploads\/sites\/12\/2021\/05\/webexterna_ColorIR87_04-15.jpg 750w, https:\/\/static-blogs.diariosur.es\/wp-content\/uploads\/sites\/12\/2021\/05\/webexterna_ColorIR87_04-15-579x400.jpg 579w\" sizes=\"(max-width: 750px) 100vw, 750px\" \/><\/a><\/p>\n<p>&nbsp;<\/p>\n<p><span style=\"color: #0000ff;\"><strong>SABADO 8 DE MAYO<\/strong><\/span><\/p>\n<p>El jueves pasado os daba la predicci\u00f3n del fin de semana, en cuanto a hoy s\u00e1bado ha cambiado un poco, os explico. En cuanto a las temperaturas m\u00e1ximas seguiremos con m\u00e1ximas que rondar\u00e1n los 28 o 30 grados, en zonas de costa entre los 24 y 26. Podemos ir a la playa sin problemas.<\/p>\n<p><strong>Lo que ha cambiado un poco es en la probabilidad de lluvias, se espera que a \u00faltima hora de esta noche o primeras de la madrugada del domingo entre un frente fr\u00edo \/ c\u00e1lido en frontolisis por la zona del Estrecho. Hay probabilidad de algunos chubascos en zonas cercanas al Estrecho, y costas de M\u00e1laga, Granada y Almer\u00eda.<\/strong><\/p>\n<p><b><span style=\"color: #ff0000;\"> El modelo Harmonie<\/span> en su \u00faltima actualizaci\u00f3n da tambi\u00e9n probabilidad de tormentas por\u00a0zonas cercanas al Estrecho, Ceuta y costa de M\u00e1laga.<\/b><\/p>\n<p>Os paso el mapa de superficie de la aemet, donde se ve del frente que os he hablado.<\/p>\n<p>&nbsp;<\/p>\n<p><a href=\"https:\/\/static-blogs.diariosur.es\/wp-content\/uploads\/sites\/12\/2021\/05\/Captura-5.jpg\"><img loading=\"lazy\" class=\"aligncenter size-full wp-image-29916\" src=\"https:\/\/static-blogs.diariosur.es\/wp-content\/uploads\/sites\/12\/2021\/05\/Captura-5.jpg\" alt=\"\" width=\"906\" height=\"608\" srcset=\"https:\/\/static-blogs.diariosur.es\/wp-content\/uploads\/sites\/12\/2021\/05\/Captura-5.jpg 906w, https:\/\/static-blogs.diariosur.es\/wp-content\/uploads\/sites\/12\/2021\/05\/Captura-5-596x400.jpg 596w, https:\/\/static-blogs.diariosur.es\/wp-content\/uploads\/sites\/12\/2021\/05\/Captura-5-768x515.jpg 768w\" sizes=\"(max-width: 906px) 100vw, 906px\" \/><\/a><\/p>\n<p>&nbsp;<\/p>\n<h3><span style=\"color: #0000ff;\"><strong>Domingo 9 de Mayo<\/strong><\/span><\/h3>\n<p>Como os comentaba el jueves, lo m\u00e1s significativo ser\u00e1 la bajada notable de temperaturas m\u00e1ximas, sobre todo en las zonas que estos d\u00edas atr\u00e1s han superado los 30 grados. Por poneros un ejemplo, Sevilla alcanzo ayer viernes 31 grados, pues ma\u00f1ana domingo estar\u00e1n sobre los 22.<\/p>\n<p><strong>En la provincia de M\u00e1laga no se notar\u00e1 tanto la bajada de temperaturas m\u00e1ximas, el lunes si, pero no para coger abrigos.<\/strong><\/p>\n<p>El frente fr\u00edo se espera que entre a partir del mediod\u00eda por la provincia de Huelva, dejando precipitaciones de oeste a este. Los mayores acumulados se dar\u00e1n en la zona occidental de nuestra comunidad, la menos probabilidad de precipitaciones con el frente se dar\u00e1 en la provincia de Almer\u00eda.<\/p>\n<p><strong>El frente llegar\u00e1 a la provincia de M\u00e1laga por la tarde, la mayor probabilidad de precipitaciones por el interior occidental y comarca de Antequera. No descarto algunos chubascos en otras zonas y en la capital, pero menos probables.<\/strong><\/p>\n<p>Se activa el aviso amarillo por vientos y olas en la provincia de Almer\u00eda, este aviso entra en vigor a partir de las 12:00. Al paso del frente tendremos en toda la comunidad rachas fuertes de viento de componente oeste. Reedito, en las provincias de Granada y Ja\u00e9n tambi\u00e9n se activa el aviso amarillo por vientos.<\/p>\n<p><strong>En M\u00e1laga tambi\u00e9n espero rachas de viento en toda la provincia, siendo m\u00e1s fuertes a partir de 14:00 horas y por la tarde noche.<\/strong><\/p>\n<p>Poco m\u00e1s que contar.<\/p>\n<p>Os pongo algunas fotos de ayer.<\/p>\n<p>Elisa L\u00f3pez Prieto me manda esta impresionante arco de niebla, que fotografi\u00f3 ayer en la playa de sabinillas. Fot\u00f3n.<\/p>\n<p>&nbsp;<\/p>\n<p><a href=\"https:\/\/static-blogs.diariosur.es\/wp-content\/uploads\/sites\/12\/2021\/05\/183237193_1173872543080750_5440168975202042370_n-e1620449206282.jpg\"><img loading=\"lazy\" class=\"aligncenter size-full wp-image-29910\" src=\"https:\/\/static-blogs.diariosur.es\/wp-content\/uploads\/sites\/12\/2021\/05\/183237193_1173872543080750_5440168975202042370_n-e1620449206282.jpg\" alt=\"\" width=\"1200\" height=\"553\" \/><\/a><\/p>\n<p>&nbsp;<\/p>\n<p>Jesus Aguilera desde Ceuta me manda esta preciosa estampa.<\/p>\n<p>&nbsp;<\/p>\n<p><a href=\"https:\/\/static-blogs.diariosur.es\/wp-content\/uploads\/sites\/12\/2021\/05\/jesus-aguilera-e1620450014689.jpg\"><img loading=\"lazy\" class=\"aligncenter size-full wp-image-29912\" src=\"https:\/\/static-blogs.diariosur.es\/wp-content\/uploads\/sites\/12\/2021\/05\/jesus-aguilera-e1620450014689.jpg\" alt=\"\" width=\"1200\" height=\"900\" \/><\/a><\/p>\n<p>&nbsp;<\/p>\n<p>Mi amiga Nany Lavado me cazo cuando fotografiaba el tar\u00f3. Fot\u00f3n, Fot\u00f3n y no porque salga yo, jijijijiji<\/p>\n<p>&nbsp;<\/p>\n<p><a href=\"https:\/\/static-blogs.diariosur.es\/wp-content\/uploads\/sites\/12\/2021\/05\/Captura-4.jpg\"><img loading=\"lazy\" class=\"aligncenter size-full wp-image-29914\" src=\"https:\/\/static-blogs.diariosur.es\/wp-content\/uploads\/sites\/12\/2021\/05\/Captura-4-e1620450330863.jpg\" alt=\"\" width=\"1200\" height=\"824\" \/><\/a><\/p>\n<p>&nbsp;<\/p>\n<p>Y por \u00faltimo esta m\u00eda.<\/p>\n<p>&nbsp;<\/p>\n<p><a href=\"https:\/\/static-blogs.diariosur.es\/wp-content\/uploads\/sites\/12\/2021\/05\/TAR\u00d3-BOIRA-MAYO-2021-M\u00c1LAGA-10-e1620450445179.jpg\"><img loading=\"lazy\" class=\"aligncenter size-full wp-image-29915\" src=\"https:\/\/static-blogs.diariosur.es\/wp-content\/uploads\/sites\/12\/2021\/05\/TAR\u00d3-BOIRA-MAYO-2021-M\u00c1LAGA-10-e1620450445179.jpg\" alt=\"\" width=\"1200\" height=\"800\" \/><\/a><\/p>\n","protected":false},"excerpt":{"rendered":"<p>Muy buenos d\u00edas, amigos de la meteo. Se cumplieron las previsiones que daba desde hace unos d\u00edas y el tar\u00f3 fue protagonista en la costa malague\u00f1a. A esta niebla de advecci\u00f3n tambi\u00e9n se le llama boira. Al final del post os pondr\u00e9 unas cuantas fotos. El tiempo fin de semana en M\u00e1laga y Andaluc\u00eda. Al [&hellip;]<\/p>\n","protected":false},"author":16,"featured_media":29910,"comment_status":"open","ping_status":"open","sticky":false,"template":"","format":"standard","meta":[],"categories":[1],"tags":[94,100,151,160,188,358,426,432,587,800,962,1059],"_links":{"self":[{"href":"https:\/\/blogs.diariosur.es\/tormentas-y-rayos\/wp-json\/wp\/v2\/posts\/29909"}],"collection":[{"href":"https:\/\/blogs.diariosur.es\/tormentas-y-rayos\/wp-json\/wp\/v2\/posts"}],"about":[{"href":"https:\/\/blogs.diariosur.es\/tormentas-y-rayos\/wp-json\/wp\/v2\/types\/post"}],"author":[{"embeddable":true,"href":"https:\/\/blogs.diariosur.es\/tormentas-y-rayos\/wp-json\/wp\/v2\/users\/16"}],"replies":[{"embeddable":true,"href":"https:\/\/blogs.diariosur.es\/tormentas-y-rayos\/wp-json\/wp\/v2\/comments?post=29909"}],"version-history":[{"count":3,"href":"https:\/\/blogs.diariosur.es\/tormentas-y-rayos\/wp-json\/wp\/v2\/posts\/29909\/revisions"}],"predecessor-version":[{"id":29919,"href":"https:\/\/blogs.diariosur.es\/tormentas-y-rayos\/wp-json\/wp\/v2\/posts\/29909\/revisions\/29919"}],"wp:featuredmedia":[{"embeddable":true,"href":"https:\/\/blogs.diariosur.es\/tormentas-y-rayos\/wp-json\/wp\/v2\/media\/29910"}],"wp:attachment":[{"href":"https:\/\/blogs.diariosur.es\/tormentas-y-rayos\/wp-json\/wp\/v2\/media?parent=29909"}],"wp:term":[{"taxonomy":"category","embeddable":true,"href":"https:\/\/blogs.diariosur.es\/tormentas-y-rayos\/wp-json\/wp\/v2\/categories?post=29909"},{"taxonomy":"post_tag","embeddable":true,"href":"https:\/\/blogs.diariosur.es\/tormentas-y-rayos\/wp-json\/wp\/v2\/tags?post=29909"}],"curies":[{"name":"wp","href":"https:\/\/api.w.org\/{rel}","templated":true}]}}