{"id":29920,"date":"2021-05-09T08:42:47","date_gmt":"2021-05-09T06:42:47","guid":{"rendered":"https:\/\/blogs.diariosur.es\/tormentas-y-rayos\/?p=29920"},"modified":"2021-05-09T09:17:29","modified_gmt":"2021-05-09T07:17:29","slug":"el-tiempo-en-malaga-impresionantes-rayos-fotones","status":"publish","type":"post","link":"https:\/\/blogs.diariosur.es\/tormentas-y-rayos\/2021\/05\/09\/el-tiempo-en-malaga-impresionantes-rayos-fotones\/","title":{"rendered":"El tiempo en M\u00e1laga. Impresionantes rayos. Fotones"},"content":{"rendered":"<p><a href=\"https:\/\/static-blogs.diariosur.es\/wp-content\/uploads\/sites\/12\/2021\/01\/12994479_10207552114859933_1346500259674331485_n.jpg\"><img loading=\"lazy\" class=\"aligncenter size-thumbnail wp-image-29165\" src=\"https:\/\/static-blogs.diariosur.es\/wp-content\/uploads\/sites\/12\/2021\/01\/12994479_10207552114859933_1346500259674331485_n-150x150.jpg\" alt=\"\" width=\"150\" height=\"150\" srcset=\"https:\/\/static-blogs.diariosur.es\/wp-content\/uploads\/sites\/12\/2021\/01\/12994479_10207552114859933_1346500259674331485_n-150x150.jpg 150w, https:\/\/static-blogs.diariosur.es\/wp-content\/uploads\/sites\/12\/2021\/01\/12994479_10207552114859933_1346500259674331485_n-399x400.jpg 399w, https:\/\/static-blogs.diariosur.es\/wp-content\/uploads\/sites\/12\/2021\/01\/12994479_10207552114859933_1346500259674331485_n.jpg 749w\" sizes=\"(max-width: 150px) 100vw, 150px\" \/><\/a><\/p>\n<p>Muy buenos d\u00edas, amigos de la meteo. Se cumplieron las previsiones que daba y las tormentas fueron protagonistas, aunque sinceramente no esperaba tanto. Mi pluvi\u00f3metro ha recogido 6.8 litros, pero destaca Alcauc\u00edn con 13 litros y Torre del Mar con 10 litros, fuente hidrosur. En Algarrobo y V\u00e9lez M\u00e1laga 10.5 litros, fuente aemet.<\/p>\n<p>Estas nubes que se dieron ayer por la tarde en los cielos malague\u00f1os, ya anunciaban cambio de tiempo y probables tormentas en unas horas, se llaman altocumulus castellanus.<\/p>\n<p>&nbsp;<\/p>\n<p><a href=\"https:\/\/static-blogs.diariosur.es\/wp-content\/uploads\/sites\/12\/2021\/05\/E04wj6PXIAUcvrc.jpg\"><img loading=\"lazy\" class=\"aligncenter size-full wp-image-29936\" src=\"https:\/\/static-blogs.diariosur.es\/wp-content\/uploads\/sites\/12\/2021\/05\/E04wj6PXIAUcvrc.jpg\" alt=\"\" width=\"1200\" height=\"900\" srcset=\"https:\/\/static-blogs.diariosur.es\/wp-content\/uploads\/sites\/12\/2021\/05\/E04wj6PXIAUcvrc.jpg 1200w, https:\/\/static-blogs.diariosur.es\/wp-content\/uploads\/sites\/12\/2021\/05\/E04wj6PXIAUcvrc-533x400.jpg 533w, https:\/\/static-blogs.diariosur.es\/wp-content\/uploads\/sites\/12\/2021\/05\/E04wj6PXIAUcvrc-768x576.jpg 768w\" sizes=\"(max-width: 1200px) 100vw, 1200px\" \/><\/a><\/p>\n<p>&nbsp;<\/p>\n<p>&nbsp;<\/p>\n<p>&nbsp;<\/p>\n<h3><span style=\"color: #0000ff;\"><strong>\u00daltima hora del frente fr\u00edo<\/strong><\/span><\/h3>\n<p>El frente fr\u00edo esta llegando a la provincia de Huelva como pod\u00e9is ver en esta imagen del meteosat. Tambi\u00e9n se aprecia el que nos afecto ayer y de madrugada por la provincia de Almer\u00eda<\/p>\n<p>Fuente aemet.<\/p>\n<p>&nbsp;<\/p>\n<p><a href=\"https:\/\/static-blogs.diariosur.es\/wp-content\/uploads\/sites\/12\/2021\/05\/202105090500_s93g.gif\"><img loading=\"lazy\" class=\"aligncenter size-full wp-image-29930\" src=\"https:\/\/static-blogs.diariosur.es\/wp-content\/uploads\/sites\/12\/2021\/05\/202105090500_s93g.gif\" alt=\"\" width=\"550\" height=\"488\" \/><\/a><\/p>\n<p>&nbsp;<\/p>\n<p>El frente llegar\u00e1 a la provincia malague\u00f1a por la tarde, la mayor probabilidad de precipitaciones por el interior occidental y comarca de Antequera. Con menor probabilidad en la costa, aunque no las descarto. El viento tomar\u00e1 protagonismo al paso del frente, las rachas m\u00e1s fuertes la espero a partir de las cuatro de la tarde.<\/p>\n<p><a href=\"https:\/\/blogs.diariosur.es\/tormentas-y-rayos\/2021\/05\/08\/el-tiempo-fin-de-semana-en-malaga-y-andalucia-aviso-amarillo-por-viento-y-olas\/\"><strong>OS PONGO LA PREDICCI\u00d3N QUE OS DABA AYER PARA EL FIN DE SEMANA.<\/strong><\/a><\/p>\n<p>Poco m\u00e1s que contar, os dejo con estos impresionantes rayos de Nany, David, Francisco Javier\u00a0 y m\u00edos.<\/p>\n<p>Fotones de Nany Lavado.<\/p>\n<p>&nbsp;<\/p>\n<p><a href=\"https:\/\/static-blogs.diariosur.es\/wp-content\/uploads\/sites\/12\/2021\/05\/n.jpg\"><img loading=\"lazy\" class=\"aligncenter size-full wp-image-29921\" src=\"https:\/\/static-blogs.diariosur.es\/wp-content\/uploads\/sites\/12\/2021\/05\/n.jpg\" alt=\"\" width=\"1200\" height=\"799\" srcset=\"https:\/\/static-blogs.diariosur.es\/wp-content\/uploads\/sites\/12\/2021\/05\/n.jpg 1200w, https:\/\/static-blogs.diariosur.es\/wp-content\/uploads\/sites\/12\/2021\/05\/n-601x400.jpg 601w, https:\/\/static-blogs.diariosur.es\/wp-content\/uploads\/sites\/12\/2021\/05\/n-768x511.jpg 768w\" sizes=\"(max-width: 1200px) 100vw, 1200px\" \/><\/a><\/p>\n<p>&nbsp;<\/p>\n<p><a href=\"https:\/\/static-blogs.diariosur.es\/wp-content\/uploads\/sites\/12\/2021\/05\/n1.jpg\"><img loading=\"lazy\" class=\"aligncenter size-full wp-image-29922\" src=\"https:\/\/static-blogs.diariosur.es\/wp-content\/uploads\/sites\/12\/2021\/05\/n1.jpg\" alt=\"\" width=\"1200\" height=\"799\" srcset=\"https:\/\/static-blogs.diariosur.es\/wp-content\/uploads\/sites\/12\/2021\/05\/n1.jpg 1200w, https:\/\/static-blogs.diariosur.es\/wp-content\/uploads\/sites\/12\/2021\/05\/n1-601x400.jpg 601w, https:\/\/static-blogs.diariosur.es\/wp-content\/uploads\/sites\/12\/2021\/05\/n1-768x511.jpg 768w\" sizes=\"(max-width: 1200px) 100vw, 1200px\" \/><\/a><\/p>\n<p>&nbsp;<\/p>\n<p><a href=\"https:\/\/static-blogs.diariosur.es\/wp-content\/uploads\/sites\/12\/2021\/05\/n2.jpg\"><img loading=\"lazy\" class=\"aligncenter size-full wp-image-29923\" src=\"https:\/\/static-blogs.diariosur.es\/wp-content\/uploads\/sites\/12\/2021\/05\/n2.jpg\" alt=\"\" width=\"1200\" height=\"799\" srcset=\"https:\/\/static-blogs.diariosur.es\/wp-content\/uploads\/sites\/12\/2021\/05\/n2.jpg 1200w, https:\/\/static-blogs.diariosur.es\/wp-content\/uploads\/sites\/12\/2021\/05\/n2-601x400.jpg 601w, https:\/\/static-blogs.diariosur.es\/wp-content\/uploads\/sites\/12\/2021\/05\/n2-768x511.jpg 768w\" sizes=\"(max-width: 1200px) 100vw, 1200px\" \/><\/a><\/p>\n<p>&nbsp;<\/p>\n<p>Fotones de David Mancebo Atienza<\/p>\n<p>&nbsp;<\/p>\n<p><a href=\"https:\/\/static-blogs.diariosur.es\/wp-content\/uploads\/sites\/12\/2021\/05\/D.jpg\"><img loading=\"lazy\" class=\"aligncenter size-full wp-image-29924\" src=\"https:\/\/static-blogs.diariosur.es\/wp-content\/uploads\/sites\/12\/2021\/05\/D.jpg\" alt=\"\" width=\"1200\" height=\"800\" srcset=\"https:\/\/static-blogs.diariosur.es\/wp-content\/uploads\/sites\/12\/2021\/05\/D.jpg 1200w, https:\/\/static-blogs.diariosur.es\/wp-content\/uploads\/sites\/12\/2021\/05\/D-600x400.jpg 600w, https:\/\/static-blogs.diariosur.es\/wp-content\/uploads\/sites\/12\/2021\/05\/D-768x512.jpg 768w\" sizes=\"(max-width: 1200px) 100vw, 1200px\" \/><\/a><\/p>\n<p>&nbsp;<\/p>\n<p><a href=\"https:\/\/static-blogs.diariosur.es\/wp-content\/uploads\/sites\/12\/2021\/05\/D1.jpg\"><img loading=\"lazy\" class=\"aligncenter size-full wp-image-29925\" src=\"https:\/\/static-blogs.diariosur.es\/wp-content\/uploads\/sites\/12\/2021\/05\/D1.jpg\" alt=\"\" width=\"1200\" height=\"801\" srcset=\"https:\/\/static-blogs.diariosur.es\/wp-content\/uploads\/sites\/12\/2021\/05\/D1.jpg 1200w, https:\/\/static-blogs.diariosur.es\/wp-content\/uploads\/sites\/12\/2021\/05\/D1-599x400.jpg 599w, https:\/\/static-blogs.diariosur.es\/wp-content\/uploads\/sites\/12\/2021\/05\/D1-768x513.jpg 768w\" sizes=\"(max-width: 1200px) 100vw, 1200px\" \/><\/a><\/p>\n<p>&nbsp;<\/p>\n<p><a href=\"https:\/\/static-blogs.diariosur.es\/wp-content\/uploads\/sites\/12\/2021\/05\/D2.jpg\"><img loading=\"lazy\" class=\"aligncenter size-full wp-image-29926\" src=\"https:\/\/static-blogs.diariosur.es\/wp-content\/uploads\/sites\/12\/2021\/05\/D2.jpg\" alt=\"\" width=\"1200\" height=\"801\" srcset=\"https:\/\/static-blogs.diariosur.es\/wp-content\/uploads\/sites\/12\/2021\/05\/D2.jpg 1200w, https:\/\/static-blogs.diariosur.es\/wp-content\/uploads\/sites\/12\/2021\/05\/D2-599x400.jpg 599w, https:\/\/static-blogs.diariosur.es\/wp-content\/uploads\/sites\/12\/2021\/05\/D2-768x513.jpg 768w\" sizes=\"(max-width: 1200px) 100vw, 1200px\" \/><\/a><\/p>\n<p>&nbsp;<\/p>\n<p>Fot\u00f3n de Francisco Javier Gonz\u00e1lez.<\/p>\n<p>&nbsp;<\/p>\n<p><a href=\"https:\/\/static-blogs.diariosur.es\/wp-content\/uploads\/sites\/12\/2021\/05\/183082200_10219252678323768_7190300038322496021_n.jpg\"><img loading=\"lazy\" class=\"aligncenter size-full wp-image-29931\" src=\"https:\/\/static-blogs.diariosur.es\/wp-content\/uploads\/sites\/12\/2021\/05\/183082200_10219252678323768_7190300038322496021_n.jpg\" alt=\"\" width=\"960\" height=\"540\" srcset=\"https:\/\/static-blogs.diariosur.es\/wp-content\/uploads\/sites\/12\/2021\/05\/183082200_10219252678323768_7190300038322496021_n.jpg 960w, https:\/\/static-blogs.diariosur.es\/wp-content\/uploads\/sites\/12\/2021\/05\/183082200_10219252678323768_7190300038322496021_n-640x360.jpg 640w, https:\/\/static-blogs.diariosur.es\/wp-content\/uploads\/sites\/12\/2021\/05\/183082200_10219252678323768_7190300038322496021_n-768x432.jpg 768w\" sizes=\"(max-width: 960px) 100vw, 960px\" \/><\/a><\/p>\n<p>&nbsp;<\/p>\n<p><a href=\"https:\/\/static-blogs.diariosur.es\/wp-content\/uploads\/sites\/12\/2021\/05\/183731474_10222479613918080_5053243397089722120_n.jpg\"><img loading=\"lazy\" class=\"aligncenter size-full wp-image-29938\" src=\"https:\/\/static-blogs.diariosur.es\/wp-content\/uploads\/sites\/12\/2021\/05\/183731474_10222479613918080_5053243397089722120_n.jpg\" alt=\"\" width=\"960\" height=\"540\" srcset=\"https:\/\/static-blogs.diariosur.es\/wp-content\/uploads\/sites\/12\/2021\/05\/183731474_10222479613918080_5053243397089722120_n.jpg 960w, https:\/\/static-blogs.diariosur.es\/wp-content\/uploads\/sites\/12\/2021\/05\/183731474_10222479613918080_5053243397089722120_n-640x360.jpg 640w, https:\/\/static-blogs.diariosur.es\/wp-content\/uploads\/sites\/12\/2021\/05\/183731474_10222479613918080_5053243397089722120_n-768x432.jpg 768w\" sizes=\"(max-width: 960px) 100vw, 960px\" \/><\/a><\/p>\n<p>&nbsp;<\/p>\n<p>Y por \u00faltimo las m\u00edas desde otra perspectiva.<\/p>\n<p>&nbsp;<\/p>\n<p>&nbsp;<\/p>\n<p><a href=\"https:\/\/static-blogs.diariosur.es\/wp-content\/uploads\/sites\/12\/2021\/05\/jose.jpg\"><img loading=\"lazy\" class=\"aligncenter size-full wp-image-29939\" src=\"https:\/\/static-blogs.diariosur.es\/wp-content\/uploads\/sites\/12\/2021\/05\/jose.jpg\" alt=\"\" width=\"1200\" height=\"638\" srcset=\"https:\/\/static-blogs.diariosur.es\/wp-content\/uploads\/sites\/12\/2021\/05\/jose.jpg 1200w, https:\/\/static-blogs.diariosur.es\/wp-content\/uploads\/sites\/12\/2021\/05\/jose-640x340.jpg 640w, https:\/\/static-blogs.diariosur.es\/wp-content\/uploads\/sites\/12\/2021\/05\/jose-768x408.jpg 768w\" sizes=\"(max-width: 1200px) 100vw, 1200px\" \/><\/a><\/p>\n<p>&nbsp;<\/p>\n<p><a href=\"https:\/\/static-blogs.diariosur.es\/wp-content\/uploads\/sites\/12\/2021\/05\/joseee.jpg\"><img loading=\"lazy\" class=\"aligncenter size-full wp-image-29940\" src=\"https:\/\/static-blogs.diariosur.es\/wp-content\/uploads\/sites\/12\/2021\/05\/joseee.jpg\" alt=\"\" width=\"1200\" height=\"688\" srcset=\"https:\/\/static-blogs.diariosur.es\/wp-content\/uploads\/sites\/12\/2021\/05\/joseee.jpg 1200w, https:\/\/static-blogs.diariosur.es\/wp-content\/uploads\/sites\/12\/2021\/05\/joseee-640x367.jpg 640w, https:\/\/static-blogs.diariosur.es\/wp-content\/uploads\/sites\/12\/2021\/05\/joseee-768x440.jpg 768w\" sizes=\"(max-width: 1200px) 100vw, 1200px\" \/><\/a><\/p>\n<p>&nbsp;<\/p>\n","protected":false},"excerpt":{"rendered":"<p>Muy buenos d\u00edas, amigos de la meteo. Se cumplieron las previsiones que daba y las tormentas fueron protagonistas, aunque sinceramente no esperaba tanto. Mi pluvi\u00f3metro ha recogido 6.8 litros, pero destaca Alcauc\u00edn con 13 litros y Torre del Mar con 10 litros, fuente hidrosur. En Algarrobo y V\u00e9lez M\u00e1laga 10.5 litros, fuente aemet. Estas nubes [&hellip;]<\/p>\n","protected":false},"author":16,"featured_media":29921,"comment_status":"open","ping_status":"open","sticky":false,"template":"","format":"standard","meta":[],"categories":[1],"tags":[188,1525,358,424,587,800,847,945],"_links":{"self":[{"href":"https:\/\/blogs.diariosur.es\/tormentas-y-rayos\/wp-json\/wp\/v2\/posts\/29920"}],"collection":[{"href":"https:\/\/blogs.diariosur.es\/tormentas-y-rayos\/wp-json\/wp\/v2\/posts"}],"about":[{"href":"https:\/\/blogs.diariosur.es\/tormentas-y-rayos\/wp-json\/wp\/v2\/types\/post"}],"author":[{"embeddable":true,"href":"https:\/\/blogs.diariosur.es\/tormentas-y-rayos\/wp-json\/wp\/v2\/users\/16"}],"replies":[{"embeddable":true,"href":"https:\/\/blogs.diariosur.es\/tormentas-y-rayos\/wp-json\/wp\/v2\/comments?post=29920"}],"version-history":[{"count":6,"href":"https:\/\/blogs.diariosur.es\/tormentas-y-rayos\/wp-json\/wp\/v2\/posts\/29920\/revisions"}],"predecessor-version":[{"id":29941,"href":"https:\/\/blogs.diariosur.es\/tormentas-y-rayos\/wp-json\/wp\/v2\/posts\/29920\/revisions\/29941"}],"wp:featuredmedia":[{"embeddable":true,"href":"https:\/\/blogs.diariosur.es\/tormentas-y-rayos\/wp-json\/wp\/v2\/media\/29921"}],"wp:attachment":[{"href":"https:\/\/blogs.diariosur.es\/tormentas-y-rayos\/wp-json\/wp\/v2\/media?parent=29920"}],"wp:term":[{"taxonomy":"category","embeddable":true,"href":"https:\/\/blogs.diariosur.es\/tormentas-y-rayos\/wp-json\/wp\/v2\/categories?post=29920"},{"taxonomy":"post_tag","embeddable":true,"href":"https:\/\/blogs.diariosur.es\/tormentas-y-rayos\/wp-json\/wp\/v2\/tags?post=29920"}],"curies":[{"name":"wp","href":"https:\/\/api.w.org\/{rel}","templated":true}]}}