{"id":29956,"date":"2021-05-15T07:55:16","date_gmt":"2021-05-15T05:55:16","guid":{"rendered":"https:\/\/blogs.diariosur.es\/tormentas-y-rayos\/?p=29956"},"modified":"2021-05-15T19:17:17","modified_gmt":"2021-05-15T17:17:17","slug":"el-tiempo-en-la-provincia-de-malaga-terral-donde-hara-mas-calor","status":"publish","type":"post","link":"https:\/\/blogs.diariosur.es\/tormentas-y-rayos\/2021\/05\/15\/el-tiempo-en-la-provincia-de-malaga-terral-donde-hara-mas-calor\/","title":{"rendered":"El tiempo en la provincia de M\u00e1laga. Terral.  \u00bf Donde har\u00e1 m\u00e1s calor ?"},"content":{"rendered":"<p><a href=\"https:\/\/static-blogs.diariosur.es\/wp-content\/uploads\/sites\/12\/2020\/11\/72999690_10217709542349272_7908844429161529344_o.jpg\"><img loading=\"lazy\" class=\"aligncenter size-thumbnail wp-image-28642\" src=\"https:\/\/static-blogs.diariosur.es\/wp-content\/uploads\/sites\/12\/2020\/11\/72999690_10217709542349272_7908844429161529344_o-150x150.jpg\" alt=\"\" width=\"150\" height=\"150\" \/><\/a><\/p>\n<p>Muy buenos d\u00edas, amigos de la meteo. Como os promet\u00ed el pasado jueves, os actualizo la previsi\u00f3n para ma\u00f1ana domingo, para confirmar que zonas de la provincia de M\u00e1laga tienen m\u00e1s probabilidad de un terral alto en temperatura.<\/p>\n<p><span style=\"color: #0000ff;\"><strong>Hoy s\u00e1bado<\/strong><\/span> el terral y sobre todo el viento y la alergia al olivo nos dar\u00e1 un peque\u00f1o respiro, la m\u00e1xima rondar\u00e1 en la capital malague\u00f1a los 24 o 25 grados. Por la comarca de Antequera se pueden acercar a los 30 grados o m\u00e1s. Hay probabilidad de brumas e incluso tar\u00f3 en algunas zonas del litoral malague\u00f1o, aunque la probabilidad no es muy alta.<\/p>\n<p><span style=\"color: #0000ff;\"><strong>Ma\u00f1ana domingo<\/strong><\/span> se confirma el terral en las zonas habituales de la provincia de M\u00e1laga, pero con matices. <strong>La probabilidad m\u00e1s alta<\/strong> se dar\u00e1 en el Valle del Guadalhorce, en \u00c1lora y Pizarra pueden sobrepasar los <strong>36 grados.<\/strong><\/p>\n<p><span style=\"color: #ff0000;\"><strong>En M\u00e1laga capital<\/strong><\/span> el terral pienso que ir\u00e1 por barrios, d\u00e1ndose las temperaturas m\u00e1s altas a partir de las dos de la tarde por la zona del Aeropuerto, Campanillas y Teatinos.<\/p>\n<p>Se puede dar el caso que no llegue el terral al Puerto, el Palo y otras zonas de la capital. Estar\u00e1 curioso ver a la misma hora, la temperatura del Puerto y el Centro Meteorol\u00f3gico, puede haber hasta 8 grados de diferencia.<\/p>\n<p>La m\u00e1xima en M\u00e1laga capital y seg\u00fan el modelo harmonie puede llegar a los <strong>33 o 34<\/strong> <strong>grados<\/strong> en el Centro Meteorol\u00f3gico, tampoco nada del otro mundo<strong>.<\/strong><\/p>\n<p><strong>Hay probabilidad\u00a0<\/strong>de brumas e incluso tar\u00f3. No espero rachas fuertes de viento como estos d\u00edas pasados.<\/p>\n<p>Resumiendo la previsi\u00f3n para ma\u00f1ana domingo: La probabilidad m\u00e1s alta de terral en el Valle del Guadalhorce, aunque puede darse en zonas del noroeste de la capital malague\u00f1a. No espero rachas fuertes de viento y hay probabilidad de brumas y tar\u00f3.<\/p>\n<p>&nbsp;<\/p>\n<p>Os pongo un resumen de temperaturas m\u00e1ximas desde el mi\u00e9rcoles al viernes.<\/p>\n<p>Durante tres d\u00edas seguidos, la provincia malague\u00f1a ha dado la m\u00e1xima de Espa\u00f1a, tambi\u00e9n debido al terral. Ayer la m\u00e1xima se daba en V\u00e9lez M\u00e1laga con 34.2 grados, seguida del Rinc\u00f3n de la Victoria con 34.1 grados. Curiosamente Marbella no sobrepasaba los 24 grados.<br \/>\nOs paso las m\u00e1ximas del mi\u00e9rcoles, jueves y viernes. Fuente Aemet.<\/p>\n<p>&nbsp;<\/p>\n<p><a href=\"https:\/\/static-blogs.diariosur.es\/wp-content\/uploads\/sites\/12\/2021\/05\/MIERCOLES.jpg\"><img loading=\"lazy\" class=\"aligncenter size-full wp-image-29960\" src=\"https:\/\/static-blogs.diariosur.es\/wp-content\/uploads\/sites\/12\/2021\/05\/MIERCOLES.jpg\" alt=\"\" width=\"1054\" height=\"426\" srcset=\"https:\/\/static-blogs.diariosur.es\/wp-content\/uploads\/sites\/12\/2021\/05\/MIERCOLES.jpg 1054w, https:\/\/static-blogs.diariosur.es\/wp-content\/uploads\/sites\/12\/2021\/05\/MIERCOLES-640x259.jpg 640w, https:\/\/static-blogs.diariosur.es\/wp-content\/uploads\/sites\/12\/2021\/05\/MIERCOLES-768x310.jpg 768w\" sizes=\"(max-width: 1054px) 100vw, 1054px\" \/><\/a><\/p>\n<p>&nbsp;<\/p>\n<p><a href=\"https:\/\/static-blogs.diariosur.es\/wp-content\/uploads\/sites\/12\/2021\/05\/JUEVES.jpg\"><img loading=\"lazy\" class=\"aligncenter size-full wp-image-29961\" src=\"https:\/\/static-blogs.diariosur.es\/wp-content\/uploads\/sites\/12\/2021\/05\/JUEVES.jpg\" alt=\"\" width=\"1049\" height=\"424\" srcset=\"https:\/\/static-blogs.diariosur.es\/wp-content\/uploads\/sites\/12\/2021\/05\/JUEVES.jpg 1049w, https:\/\/static-blogs.diariosur.es\/wp-content\/uploads\/sites\/12\/2021\/05\/JUEVES-640x259.jpg 640w, https:\/\/static-blogs.diariosur.es\/wp-content\/uploads\/sites\/12\/2021\/05\/JUEVES-768x310.jpg 768w\" sizes=\"(max-width: 1049px) 100vw, 1049px\" \/><\/a><\/p>\n<p><a href=\"https:\/\/static-blogs.diariosur.es\/wp-content\/uploads\/sites\/12\/2021\/05\/viernes-1.jpg\"><img loading=\"lazy\" class=\"aligncenter size-full wp-image-29965\" src=\"https:\/\/static-blogs.diariosur.es\/wp-content\/uploads\/sites\/12\/2021\/05\/viernes-1.jpg\" alt=\"\" width=\"1047\" height=\"442\" srcset=\"https:\/\/static-blogs.diariosur.es\/wp-content\/uploads\/sites\/12\/2021\/05\/viernes-1.jpg 1047w, https:\/\/static-blogs.diariosur.es\/wp-content\/uploads\/sites\/12\/2021\/05\/viernes-1-640x270.jpg 640w, https:\/\/static-blogs.diariosur.es\/wp-content\/uploads\/sites\/12\/2021\/05\/viernes-1-768x324.jpg 768w\" sizes=\"(max-width: 1047px) 100vw, 1047px\" \/><\/a><\/p>\n<p>&nbsp;<\/p>\n<p>&nbsp;<\/p>\n<p>&nbsp;<\/p>\n<p>&nbsp;<\/p>\n<p>&nbsp;<\/p>\n<p>&nbsp;<\/p>\n<p>&nbsp;<\/p>\n<p>&nbsp;<\/p>\n<p>&nbsp;<\/p>\n","protected":false},"excerpt":{"rendered":"<p>Muy buenos d\u00edas, amigos de la meteo. Como os promet\u00ed el pasado jueves, os actualizo la previsi\u00f3n para ma\u00f1ana domingo, para confirmar que zonas de la provincia de M\u00e1laga tienen m\u00e1s probabilidad de un terral alto en temperatura. Hoy s\u00e1bado el terral y sobre todo el viento y la alergia al olivo nos dar\u00e1 un [&hellip;]<\/p>\n","protected":false},"author":16,"featured_media":29958,"comment_status":"open","ping_status":"open","sticky":false,"template":"","format":"standard","meta":[],"categories":[1],"tags":[81,1525,358,587,697,800,945,953,962,975],"_links":{"self":[{"href":"https:\/\/blogs.diariosur.es\/tormentas-y-rayos\/wp-json\/wp\/v2\/posts\/29956"}],"collection":[{"href":"https:\/\/blogs.diariosur.es\/tormentas-y-rayos\/wp-json\/wp\/v2\/posts"}],"about":[{"href":"https:\/\/blogs.diariosur.es\/tormentas-y-rayos\/wp-json\/wp\/v2\/types\/post"}],"author":[{"embeddable":true,"href":"https:\/\/blogs.diariosur.es\/tormentas-y-rayos\/wp-json\/wp\/v2\/users\/16"}],"replies":[{"embeddable":true,"href":"https:\/\/blogs.diariosur.es\/tormentas-y-rayos\/wp-json\/wp\/v2\/comments?post=29956"}],"version-history":[{"count":7,"href":"https:\/\/blogs.diariosur.es\/tormentas-y-rayos\/wp-json\/wp\/v2\/posts\/29956\/revisions"}],"predecessor-version":[{"id":29968,"href":"https:\/\/blogs.diariosur.es\/tormentas-y-rayos\/wp-json\/wp\/v2\/posts\/29956\/revisions\/29968"}],"wp:featuredmedia":[{"embeddable":true,"href":"https:\/\/blogs.diariosur.es\/tormentas-y-rayos\/wp-json\/wp\/v2\/media\/29958"}],"wp:attachment":[{"href":"https:\/\/blogs.diariosur.es\/tormentas-y-rayos\/wp-json\/wp\/v2\/media?parent=29956"}],"wp:term":[{"taxonomy":"category","embeddable":true,"href":"https:\/\/blogs.diariosur.es\/tormentas-y-rayos\/wp-json\/wp\/v2\/categories?post=29956"},{"taxonomy":"post_tag","embeddable":true,"href":"https:\/\/blogs.diariosur.es\/tormentas-y-rayos\/wp-json\/wp\/v2\/tags?post=29956"}],"curies":[{"name":"wp","href":"https:\/\/api.w.org\/{rel}","templated":true}]}}