{"id":29969,"date":"2021-05-16T20:59:30","date_gmt":"2021-05-16T18:59:30","guid":{"rendered":"https:\/\/blogs.diariosur.es\/tormentas-y-rayos\/?p=29969"},"modified":"2021-05-17T08:12:21","modified_gmt":"2021-05-17T06:12:21","slug":"ultima-hora-malaga-aeropuerto-bate-el-valor-extremo-de-temperatura-maxima-absoluta-desde-que-se-tienen-registros","status":"publish","type":"post","link":"https:\/\/blogs.diariosur.es\/tormentas-y-rayos\/2021\/05\/16\/ultima-hora-malaga-aeropuerto-bate-el-valor-extremo-de-temperatura-maxima-absoluta-desde-que-se-tienen-registros\/","title":{"rendered":"\u00daltima hora: M\u00e1laga Aeropuerto bate el valor extremo de temperatura m\u00e1xima absoluta en un mes de mayo, desde que se tienen registros."},"content":{"rendered":"<p><a href=\"https:\/\/static-blogs.diariosur.es\/wp-content\/uploads\/sites\/12\/2021\/01\/12994479_10207552114859933_1346500259674331485_n.jpg\"><img loading=\"lazy\" class=\"aligncenter size-thumbnail wp-image-29165\" src=\"https:\/\/static-blogs.diariosur.es\/wp-content\/uploads\/sites\/12\/2021\/01\/12994479_10207552114859933_1346500259674331485_n-150x150.jpg\" alt=\"\" width=\"150\" height=\"150\" srcset=\"https:\/\/static-blogs.diariosur.es\/wp-content\/uploads\/sites\/12\/2021\/01\/12994479_10207552114859933_1346500259674331485_n-150x150.jpg 150w, https:\/\/static-blogs.diariosur.es\/wp-content\/uploads\/sites\/12\/2021\/01\/12994479_10207552114859933_1346500259674331485_n-399x400.jpg 399w, https:\/\/static-blogs.diariosur.es\/wp-content\/uploads\/sites\/12\/2021\/01\/12994479_10207552114859933_1346500259674331485_n.jpg 749w\" sizes=\"(max-width: 150px) 100vw, 150px\" \/><\/a><\/p>\n<p>Buenas tardes noche, amigos de la meteo. Despu\u00e9s de un d\u00eda muy entretenido en cuanto al terral, tar\u00f3, bajada de temperaturas, subida de pronto, bajada otra vez, de nuevo subida, os informo que la estaci\u00f3n de la aemet del aeropuerto de M\u00e1laga, ha batido el extremo absoluto de m\u00e1xima temperatura para un mes de mayo, desde a\u00f1o 1942. Si, amigos de la meteo, y curiosamente se ha batido a las 19:00 horas con una temperatura de 35.4 grados, lo m\u00e1s seguro que cuando se actualicen los sinot sean 35.5 o 35.6. <strong>El anterior r\u00e9cord se dio en el a\u00f1o 1999 un 14 de mayo con 35 grados.<\/strong><\/p>\n<p>El Centro Meteorol\u00f3gico ha dado m\u00e1s temperatura ( 37 grados ) pero no se toma como referencia por no haber datos m\u00e1s antiguos como en el Aeropuerto.<\/p>\n<p>Os paso las gr\u00e1ficas de las tres estaciones de la aemet, impresionante la del Puerto cuando entro el terral, bajo 10 grados. En la estaci\u00f3n del aeropuerto bajo tambi\u00e9n, pero una pasada cuando empez\u00f3 a subir y por \u00faltimo la del Centro Meteorol\u00f3gico de Teatinos es la que menos le afecto el tar\u00f3.<\/p>\n<p>&nbsp;<\/p>\n<p><a href=\"https:\/\/static-blogs.diariosur.es\/wp-content\/uploads\/sites\/12\/2021\/05\/aeropuerto.jpg\"><img loading=\"lazy\" class=\"aligncenter size-full wp-image-29970\" src=\"https:\/\/static-blogs.diariosur.es\/wp-content\/uploads\/sites\/12\/2021\/05\/aeropuerto.jpg\" alt=\"\" width=\"1089\" height=\"485\" srcset=\"https:\/\/static-blogs.diariosur.es\/wp-content\/uploads\/sites\/12\/2021\/05\/aeropuerto.jpg 1089w, https:\/\/static-blogs.diariosur.es\/wp-content\/uploads\/sites\/12\/2021\/05\/aeropuerto-640x285.jpg 640w, https:\/\/static-blogs.diariosur.es\/wp-content\/uploads\/sites\/12\/2021\/05\/aeropuerto-768x342.jpg 768w\" sizes=\"(max-width: 1089px) 100vw, 1089px\" \/><\/a> <a href=\"https:\/\/static-blogs.diariosur.es\/wp-content\/uploads\/sites\/12\/2021\/05\/centro.jpg\"><img loading=\"lazy\" class=\"aligncenter size-full wp-image-29971\" src=\"https:\/\/static-blogs.diariosur.es\/wp-content\/uploads\/sites\/12\/2021\/05\/centro.jpg\" alt=\"\" width=\"1110\" height=\"484\" srcset=\"https:\/\/static-blogs.diariosur.es\/wp-content\/uploads\/sites\/12\/2021\/05\/centro.jpg 1110w, https:\/\/static-blogs.diariosur.es\/wp-content\/uploads\/sites\/12\/2021\/05\/centro-640x279.jpg 640w, https:\/\/static-blogs.diariosur.es\/wp-content\/uploads\/sites\/12\/2021\/05\/centro-768x335.jpg 768w\" sizes=\"(max-width: 1110px) 100vw, 1110px\" \/><\/a> <a href=\"https:\/\/static-blogs.diariosur.es\/wp-content\/uploads\/sites\/12\/2021\/05\/puerto.jpg\"><img loading=\"lazy\" class=\"aligncenter size-full wp-image-29972\" src=\"https:\/\/static-blogs.diariosur.es\/wp-content\/uploads\/sites\/12\/2021\/05\/puerto.jpg\" alt=\"\" width=\"1118\" height=\"493\" srcset=\"https:\/\/static-blogs.diariosur.es\/wp-content\/uploads\/sites\/12\/2021\/05\/puerto.jpg 1118w, https:\/\/static-blogs.diariosur.es\/wp-content\/uploads\/sites\/12\/2021\/05\/puerto-640x282.jpg 640w, https:\/\/static-blogs.diariosur.es\/wp-content\/uploads\/sites\/12\/2021\/05\/puerto-768x339.jpg 768w\" sizes=\"(max-width: 1118px) 100vw, 1118px\" \/><\/a><\/p>\n<p>En cuanto a las m\u00e1ximas de Espa\u00f1a queda a\u00fan por salir la de \u00c1lora, ya veremos si cuando actualicen los datos supera a Elche que ha registrado 37.7 grados, destacar tambi\u00e9n Co\u00edn con 36.8 grados.<\/p>\n<p>Reedito, \u00c1lora ha dado menos que Co\u00edn.<\/p>\n<p>Ma\u00f1ana os actualizar\u00e9 los datos.<\/p>\n<p>&nbsp;<\/p>\n<p><a href=\"https:\/\/static-blogs.diariosur.es\/wp-content\/uploads\/sites\/12\/2021\/05\/Captura-7.jpg\"><img loading=\"lazy\" class=\"aligncenter size-full wp-image-29974\" src=\"https:\/\/static-blogs.diariosur.es\/wp-content\/uploads\/sites\/12\/2021\/05\/Captura-7.jpg\" alt=\"\" width=\"1094\" height=\"470\" srcset=\"https:\/\/static-blogs.diariosur.es\/wp-content\/uploads\/sites\/12\/2021\/05\/Captura-7.jpg 1094w, https:\/\/static-blogs.diariosur.es\/wp-content\/uploads\/sites\/12\/2021\/05\/Captura-7-640x275.jpg 640w, https:\/\/static-blogs.diariosur.es\/wp-content\/uploads\/sites\/12\/2021\/05\/Captura-7-768x330.jpg 768w\" sizes=\"(max-width: 1094px) 100vw, 1094px\" \/><\/a><\/p>\n<p>&nbsp;<\/p>\n<p>Os dejo con esta bonita foto de Rosario Lillo desde el Rinc\u00f3n de la Victoria, cuando entraba el tar\u00f3.<\/p>\n<p>&nbsp;<\/p>\n<p><a href=\"https:\/\/static-blogs.diariosur.es\/wp-content\/uploads\/sites\/12\/2021\/05\/186530605_10222529208037902_667674381908160600_n-1-e1621191062386.jpg\"><img loading=\"lazy\" class=\"aligncenter size-full wp-image-29973\" src=\"https:\/\/static-blogs.diariosur.es\/wp-content\/uploads\/sites\/12\/2021\/05\/186530605_10222529208037902_667674381908160600_n-1-e1621191062386.jpg\" alt=\"\" width=\"1200\" height=\"675\" \/><\/a><\/p>\n","protected":false},"excerpt":{"rendered":"<p>Buenas tardes noche, amigos de la meteo. Despu\u00e9s de un d\u00eda muy entretenido en cuanto al terral, tar\u00f3, bajada de temperaturas, subida de pronto, bajada otra vez, de nuevo subida, os informo que la estaci\u00f3n de la aemet del aeropuerto de M\u00e1laga, ha batido el extremo absoluto de m\u00e1xima temperatura para un mes de mayo, [&hellip;]<\/p>\n","protected":false},"author":16,"featured_media":29973,"comment_status":"open","ping_status":"open","sticky":false,"template":"","format":"standard","meta":[],"categories":[1],"tags":[358,482,485,587,624,849,953,961,975,1028],"_links":{"self":[{"href":"https:\/\/blogs.diariosur.es\/tormentas-y-rayos\/wp-json\/wp\/v2\/posts\/29969"}],"collection":[{"href":"https:\/\/blogs.diariosur.es\/tormentas-y-rayos\/wp-json\/wp\/v2\/posts"}],"about":[{"href":"https:\/\/blogs.diariosur.es\/tormentas-y-rayos\/wp-json\/wp\/v2\/types\/post"}],"author":[{"embeddable":true,"href":"https:\/\/blogs.diariosur.es\/tormentas-y-rayos\/wp-json\/wp\/v2\/users\/16"}],"replies":[{"embeddable":true,"href":"https:\/\/blogs.diariosur.es\/tormentas-y-rayos\/wp-json\/wp\/v2\/comments?post=29969"}],"version-history":[{"count":9,"href":"https:\/\/blogs.diariosur.es\/tormentas-y-rayos\/wp-json\/wp\/v2\/posts\/29969\/revisions"}],"predecessor-version":[{"id":29988,"href":"https:\/\/blogs.diariosur.es\/tormentas-y-rayos\/wp-json\/wp\/v2\/posts\/29969\/revisions\/29988"}],"wp:featuredmedia":[{"embeddable":true,"href":"https:\/\/blogs.diariosur.es\/tormentas-y-rayos\/wp-json\/wp\/v2\/media\/29973"}],"wp:attachment":[{"href":"https:\/\/blogs.diariosur.es\/tormentas-y-rayos\/wp-json\/wp\/v2\/media?parent=29969"}],"wp:term":[{"taxonomy":"category","embeddable":true,"href":"https:\/\/blogs.diariosur.es\/tormentas-y-rayos\/wp-json\/wp\/v2\/categories?post=29969"},{"taxonomy":"post_tag","embeddable":true,"href":"https:\/\/blogs.diariosur.es\/tormentas-y-rayos\/wp-json\/wp\/v2\/tags?post=29969"}],"curies":[{"name":"wp","href":"https:\/\/api.w.org\/{rel}","templated":true}]}}