{"id":30021,"date":"2021-05-22T08:08:07","date_gmt":"2021-05-22T06:08:07","guid":{"rendered":"https:\/\/blogs.diariosur.es\/tormentas-y-rayos\/?p=30021"},"modified":"2021-05-22T11:19:14","modified_gmt":"2021-05-22T09:19:14","slug":"el-tiempo-en-andalucia-aviso-amarillo-por-lluvias-3","status":"publish","type":"post","link":"https:\/\/blogs.diariosur.es\/tormentas-y-rayos\/2021\/05\/22\/el-tiempo-en-andalucia-aviso-amarillo-por-lluvias-3\/","title":{"rendered":"El tiempo en Andaluc\u00eda, M\u00e1laga. Aviso amarillo y naranja por lluvias y tormentas."},"content":{"rendered":"<p><a href=\"https:\/\/static-blogs.diariosur.es\/wp-content\/uploads\/sites\/12\/2021\/02\/59999602_10216541055137822_8294285136585818112_o.jpg\"><img loading=\"lazy\" class=\"aligncenter size-thumbnail wp-image-29446\" src=\"https:\/\/static-blogs.diariosur.es\/wp-content\/uploads\/sites\/12\/2021\/02\/59999602_10216541055137822_8294285136585818112_o-150x150.jpg\" alt=\"\" width=\"150\" height=\"150\" \/><\/a><\/p>\n<p>Muy buenos d\u00edas, amigos de la meteo. En estos momentos, cuando son las siete y media de la ma\u00f1ana, el terral de primavera y la alergia ya son protagonistas en M\u00e1laga capital y otras zonas de la provincia.<\/p>\n<p>Mi term\u00f3metro en M\u00e1laga capital me marca 22.1 grados, destacar los 25.1 grados que se registran en la estaci\u00f3n de meteoclimatic de mi amigo Crist\u00f3bal Gambero en Mijas Pueblo.<\/p>\n<p>La m\u00e1xima en M\u00e1laga capital rondar\u00e1 los 34 grados.\u00a0 En el Valle del Guadalhorce y V\u00e9lez M\u00e1laga m\u00e1ximas parecidas a las de M\u00e1laga capital, en otras zonas de la provincia entre los 25 y 30 grados.<\/p>\n<p>Por la tarde el viento rolara a levante, empezando por la costa oriental.<\/p>\n<h3><span style=\"color: #0000ff;\"><strong>Aviso amarillo y naranja por lluvias y tormentas<\/strong><\/span><\/h3>\n<p>Fot\u00f3n de mi amigo Lui G. Mar\u00edn<\/p>\n<p><a href=\"https:\/\/static-blogs.diariosur.es\/wp-content\/uploads\/sites\/12\/2021\/05\/142791011_3604228976333013_3988173166822752707_n-e1621663296273.jpg\"><img loading=\"lazy\" class=\"aligncenter size-full wp-image-30025\" src=\"https:\/\/static-blogs.diariosur.es\/wp-content\/uploads\/sites\/12\/2021\/05\/142791011_3604228976333013_3988173166822752707_n-e1621663296273.jpg\" alt=\"\" width=\"1200\" height=\"771\" \/><\/a><\/p>\n<p>&nbsp;<\/p>\n<p>&nbsp;<\/p>\n<p>Al final la dana pondr\u00e1 el huevo en las provincias de Granada y Almer\u00eda, en esta \u00faltima, se esperan precipitaciones muy importantes para las fechas que estamos.<\/p>\n<p><strong>En la provincia malague\u00f1a y en la capital tambi\u00e9n se esperan chubascos a partir del mediod\u00eda, siendo m\u00e1s probables en la zona oriental. Probabilidad de fen\u00f3menos tormentosos. Se activa el aviso amarillo por tormentas en la Axarqu\u00eda.<\/strong><\/p>\n<p>La aemet activa el aviso amarillo y naranja por lluvias en esta provincias. Mucha precauci\u00f3n por estas zonas que os pongo a continuaci\u00f3n. Se esperan acumulados en 12 horas de 60, 70\u00a0 y 100 litros.<\/p>\n<p>&nbsp;<\/p>\n<p><strong>Valle del Almanzora y los V\u00e9lez, levante almeriense, Guadix y Baza\u00a0<\/strong><\/p>\n<p>&nbsp;<\/p>\n<p>&nbsp;<\/p>\n<p><a href=\"https:\/\/static-blogs.diariosur.es\/wp-content\/uploads\/sites\/12\/2021\/05\/Captura-15.jpg\"><img loading=\"lazy\" class=\"aligncenter size-full wp-image-30032\" src=\"https:\/\/static-blogs.diariosur.es\/wp-content\/uploads\/sites\/12\/2021\/05\/Captura-15.jpg\" alt=\"\" width=\"708\" height=\"550\" srcset=\"https:\/\/static-blogs.diariosur.es\/wp-content\/uploads\/sites\/12\/2021\/05\/Captura-15.jpg 708w, https:\/\/static-blogs.diariosur.es\/wp-content\/uploads\/sites\/12\/2021\/05\/Captura-15-515x400.jpg 515w\" sizes=\"(max-width: 708px) 100vw, 708px\" \/><\/a> <a href=\"https:\/\/static-blogs.diariosur.es\/wp-content\/uploads\/sites\/12\/2021\/05\/cccc.jpg\"><img loading=\"lazy\" class=\"aligncenter size-full wp-image-30033\" src=\"https:\/\/static-blogs.diariosur.es\/wp-content\/uploads\/sites\/12\/2021\/05\/cccc.jpg\" alt=\"\" width=\"1019\" height=\"853\" srcset=\"https:\/\/static-blogs.diariosur.es\/wp-content\/uploads\/sites\/12\/2021\/05\/cccc.jpg 1019w, https:\/\/static-blogs.diariosur.es\/wp-content\/uploads\/sites\/12\/2021\/05\/cccc-478x400.jpg 478w, https:\/\/static-blogs.diariosur.es\/wp-content\/uploads\/sites\/12\/2021\/05\/cccc-768x643.jpg 768w\" sizes=\"(max-width: 1019px) 100vw, 1019px\" \/><\/a><\/p>\n<p>&nbsp;<\/p>\n<p>&nbsp;<\/p>\n<p>Poco m\u00e1s que contar, ya veremos si la dana o mejor dicho la vaguada deja m\u00e1s lluvias en la provincia de M\u00e1laga.<\/p>\n<p>Os dejo con la entrega de premio de la porra terralera a mi amigo Ignacio Lillo.<\/p>\n<p>&nbsp;<\/p>\n<p><a href=\"https:\/\/static-blogs.diariosur.es\/wp-content\/uploads\/sites\/12\/2021\/05\/188123075_10222560310655448_8940034413164431463_n-e1621660785905.jpg\"><img loading=\"lazy\" class=\"aligncenter size-full wp-image-30024\" src=\"https:\/\/static-blogs.diariosur.es\/wp-content\/uploads\/sites\/12\/2021\/05\/188123075_10222560310655448_8940034413164431463_n-e1621660785905.jpg\" alt=\"\" width=\"1200\" height=\"900\" \/><\/a><\/p>\n","protected":false},"excerpt":{"rendered":"<p>Muy buenos d\u00edas, amigos de la meteo. En estos momentos, cuando son las siete y media de la ma\u00f1ana, el terral de primavera y la alergia ya son protagonistas en M\u00e1laga capital y otras zonas de la provincia. Mi term\u00f3metro en M\u00e1laga capital me marca 22.1 grados, destacar los 25.1 grados que se registran en [&hellip;]<\/p>\n","protected":false},"author":16,"featured_media":30025,"comment_status":"open","ping_status":"open","sticky":false,"template":"","format":"standard","meta":[],"categories":[1],"tags":[94,100,151,1525,358,569,587,676,800,945,975],"_links":{"self":[{"href":"https:\/\/blogs.diariosur.es\/tormentas-y-rayos\/wp-json\/wp\/v2\/posts\/30021"}],"collection":[{"href":"https:\/\/blogs.diariosur.es\/tormentas-y-rayos\/wp-json\/wp\/v2\/posts"}],"about":[{"href":"https:\/\/blogs.diariosur.es\/tormentas-y-rayos\/wp-json\/wp\/v2\/types\/post"}],"author":[{"embeddable":true,"href":"https:\/\/blogs.diariosur.es\/tormentas-y-rayos\/wp-json\/wp\/v2\/users\/16"}],"replies":[{"embeddable":true,"href":"https:\/\/blogs.diariosur.es\/tormentas-y-rayos\/wp-json\/wp\/v2\/comments?post=30021"}],"version-history":[{"count":7,"href":"https:\/\/blogs.diariosur.es\/tormentas-y-rayos\/wp-json\/wp\/v2\/posts\/30021\/revisions"}],"predecessor-version":[{"id":30036,"href":"https:\/\/blogs.diariosur.es\/tormentas-y-rayos\/wp-json\/wp\/v2\/posts\/30021\/revisions\/30036"}],"wp:featuredmedia":[{"embeddable":true,"href":"https:\/\/blogs.diariosur.es\/tormentas-y-rayos\/wp-json\/wp\/v2\/media\/30025"}],"wp:attachment":[{"href":"https:\/\/blogs.diariosur.es\/tormentas-y-rayos\/wp-json\/wp\/v2\/media?parent=30021"}],"wp:term":[{"taxonomy":"category","embeddable":true,"href":"https:\/\/blogs.diariosur.es\/tormentas-y-rayos\/wp-json\/wp\/v2\/categories?post=30021"},{"taxonomy":"post_tag","embeddable":true,"href":"https:\/\/blogs.diariosur.es\/tormentas-y-rayos\/wp-json\/wp\/v2\/tags?post=30021"}],"curies":[{"name":"wp","href":"https:\/\/api.w.org\/{rel}","templated":true}]}}