{"id":30064,"date":"2021-05-26T08:10:41","date_gmt":"2021-05-26T06:10:41","guid":{"rendered":"https:\/\/blogs.diariosur.es\/tormentas-y-rayos\/?p=30064"},"modified":"2021-05-26T17:52:33","modified_gmt":"2021-05-26T15:52:33","slug":"el-tiempo-en-andalucia-probabilidad-de-precipitaciones-acompanadas-de-barro-el-magon-protagonista","status":"publish","type":"post","link":"https:\/\/blogs.diariosur.es\/tormentas-y-rayos\/2021\/05\/26\/el-tiempo-en-andalucia-probabilidad-de-precipitaciones-acompanadas-de-barro-el-magon-protagonista\/","title":{"rendered":"El tiempo en Andaluc\u00eda. Probabilidad de precipitaciones acompa\u00f1adas de barro. El mag\u00f3n protagonista."},"content":{"rendered":"<p><a href=\"https:\/\/static-blogs.diariosur.es\/wp-content\/uploads\/sites\/12\/2020\/11\/72999690_10217709542349272_7908844429161529344_o.jpg\"><img loading=\"lazy\" class=\"aligncenter size-thumbnail wp-image-28642\" src=\"https:\/\/static-blogs.diariosur.es\/wp-content\/uploads\/sites\/12\/2020\/11\/72999690_10217709542349272_7908844429161529344_o-150x150.jpg\" alt=\"\" width=\"150\" height=\"150\" \/><\/a><\/p>\n<p>Muy buenos d\u00edas, amigos de la meteo. En estos momentos tenemos cielos algo nubosos en M\u00e1laga capital, registro 18 grados y el viento en mi zona sopla flojo de componente este.<\/p>\n<p>De las ocho capitales andaluzas, la temperatura m\u00e1s baja la registra Granada Aeropuerto con 11.7 grados.<\/p>\n<p>Destacar las rachas muy fuertes de levante en la zona del Estrecho y costa de Almer\u00eda, en Tarifa la aemet ha medido una racha de 73 km\/h y en el Cabo de Gata de 66 km\/h.<\/p>\n<p>Ma\u00f1ana jueves hay probabilidad de precipitaciones en las costas ba\u00f1adas por el Mar de Albor\u00e1n, sin descartarlas en Melilla y Ceuta. La peque\u00f1a dana que sube desde \u00c1frica ser\u00e1 la responsable de estas precipitaciones que ir\u00e1n acompa\u00f1adas de dep\u00f3sitos de barro.<\/p>\n<p>Los modelos no se ponen de acuerdo a tan pocas horas para saber que zonas antes mencionadas tendr\u00e1n m\u00e1s precipitaci\u00f3n o muy poca.<\/p>\n<p><strong>Estamos igual que el domingo, tocar\u00e1 mirar al cielo y al radar de lluvias, me ire para la playa por si hay nubes bonitas y cargo las pilas<\/strong>.<\/p>\n<p>Comentaros tambi\u00e9n, que el\u00a0mag\u00f3n es protagonista en estos momentos en las costas de M\u00e1laga, ma\u00f1ana jueves las olas ser\u00e1n m\u00e1s grandes.<\/p>\n<p>Os dejo con esta foto de hace un par de meses.<\/p>\n<p>&nbsp;<\/p>\n<p><a href=\"https:\/\/static-blogs.diariosur.es\/wp-content\/uploads\/sites\/12\/2021\/05\/50988190496_1b70b42d90_b.jpg\"><img loading=\"lazy\" class=\"aligncenter size-full wp-image-30065\" src=\"https:\/\/static-blogs.diariosur.es\/wp-content\/uploads\/sites\/12\/2021\/05\/50988190496_1b70b42d90_b.jpg\" alt=\"\" width=\"1024\" height=\"674\" srcset=\"https:\/\/static-blogs.diariosur.es\/wp-content\/uploads\/sites\/12\/2021\/05\/50988190496_1b70b42d90_b.jpg 1024w, https:\/\/static-blogs.diariosur.es\/wp-content\/uploads\/sites\/12\/2021\/05\/50988190496_1b70b42d90_b-608x400.jpg 608w, https:\/\/static-blogs.diariosur.es\/wp-content\/uploads\/sites\/12\/2021\/05\/50988190496_1b70b42d90_b-768x506.jpg 768w\" sizes=\"(max-width: 1024px) 100vw, 1024px\" \/><\/a><\/p>\n<p>&nbsp;<\/p>\n","protected":false},"excerpt":{"rendered":"<p>Muy buenos d\u00edas, amigos de la meteo. En estos momentos tenemos cielos algo nubosos en M\u00e1laga capital, registro 18 grados y el viento en mi zona sopla flojo de componente este. De las ocho capitales andaluzas, la temperatura m\u00e1s baja la registra Granada Aeropuerto con 11.7 grados. Destacar las rachas muy fuertes de levante en [&hellip;]<\/p>\n","protected":false},"author":16,"featured_media":30065,"comment_status":"open","ping_status":"open","sticky":false,"template":"","format":"standard","meta":[],"categories":[1],"tags":[100,171,307,1525,358,1237,587,799,800,945],"_links":{"self":[{"href":"https:\/\/blogs.diariosur.es\/tormentas-y-rayos\/wp-json\/wp\/v2\/posts\/30064"}],"collection":[{"href":"https:\/\/blogs.diariosur.es\/tormentas-y-rayos\/wp-json\/wp\/v2\/posts"}],"about":[{"href":"https:\/\/blogs.diariosur.es\/tormentas-y-rayos\/wp-json\/wp\/v2\/types\/post"}],"author":[{"embeddable":true,"href":"https:\/\/blogs.diariosur.es\/tormentas-y-rayos\/wp-json\/wp\/v2\/users\/16"}],"replies":[{"embeddable":true,"href":"https:\/\/blogs.diariosur.es\/tormentas-y-rayos\/wp-json\/wp\/v2\/comments?post=30064"}],"version-history":[{"count":4,"href":"https:\/\/blogs.diariosur.es\/tormentas-y-rayos\/wp-json\/wp\/v2\/posts\/30064\/revisions"}],"predecessor-version":[{"id":30073,"href":"https:\/\/blogs.diariosur.es\/tormentas-y-rayos\/wp-json\/wp\/v2\/posts\/30064\/revisions\/30073"}],"wp:featuredmedia":[{"embeddable":true,"href":"https:\/\/blogs.diariosur.es\/tormentas-y-rayos\/wp-json\/wp\/v2\/media\/30065"}],"wp:attachment":[{"href":"https:\/\/blogs.diariosur.es\/tormentas-y-rayos\/wp-json\/wp\/v2\/media?parent=30064"}],"wp:term":[{"taxonomy":"category","embeddable":true,"href":"https:\/\/blogs.diariosur.es\/tormentas-y-rayos\/wp-json\/wp\/v2\/categories?post=30064"},{"taxonomy":"post_tag","embeddable":true,"href":"https:\/\/blogs.diariosur.es\/tormentas-y-rayos\/wp-json\/wp\/v2\/tags?post=30064"}],"curies":[{"name":"wp","href":"https:\/\/api.w.org\/{rel}","templated":true}]}}