{"id":30085,"date":"2021-05-30T08:40:03","date_gmt":"2021-05-30T06:40:03","guid":{"rendered":"https:\/\/blogs.diariosur.es\/tormentas-y-rayos\/?p=30085"},"modified":"2021-05-30T09:47:58","modified_gmt":"2021-05-30T07:47:58","slug":"el-tiempo-en-malaga-probabilidad-de-precipitaciones-lunes-31","status":"publish","type":"post","link":"https:\/\/blogs.diariosur.es\/tormentas-y-rayos\/2021\/05\/30\/el-tiempo-en-malaga-probabilidad-de-precipitaciones-lunes-31\/","title":{"rendered":"El tiempo en M\u00e1laga. Probabilidad de precipitaciones lunes 31 y 1 ."},"content":{"rendered":"<p><a href=\"https:\/\/static-blogs.diariosur.es\/wp-content\/uploads\/sites\/12\/2021\/01\/12994479_10207552114859933_1346500259674331485_n.jpg\"><img loading=\"lazy\" class=\"aligncenter size-thumbnail wp-image-29165\" src=\"https:\/\/static-blogs.diariosur.es\/wp-content\/uploads\/sites\/12\/2021\/01\/12994479_10207552114859933_1346500259674331485_n-150x150.jpg\" alt=\"\" width=\"150\" height=\"150\" srcset=\"https:\/\/static-blogs.diariosur.es\/wp-content\/uploads\/sites\/12\/2021\/01\/12994479_10207552114859933_1346500259674331485_n-150x150.jpg 150w, https:\/\/static-blogs.diariosur.es\/wp-content\/uploads\/sites\/12\/2021\/01\/12994479_10207552114859933_1346500259674331485_n-399x400.jpg 399w, https:\/\/static-blogs.diariosur.es\/wp-content\/uploads\/sites\/12\/2021\/01\/12994479_10207552114859933_1346500259674331485_n.jpg 749w\" sizes=\"(max-width: 150px) 100vw, 150px\" \/><\/a><\/p>\n<p>&nbsp;<\/p>\n<p><span style=\"color: #ff0000;\"><strong>Reedito: En la nueva actualizaci\u00f3n del europeo, el martes tambi\u00e9n habr\u00eda probabilidad de precipitaciones, sobre todo de madrugada.\u00a0<\/strong><\/span><\/p>\n<p>Muy buenos d\u00edas, amigos de la meto. A tan pocas horas, los modelos siguen sin aclararse sobre la probabilidad de precipitaciones en la provincia malague\u00f1a, unos modelos dan algunos litros y otros nada.<\/p>\n<p>La posici\u00f3n de la dana prevista para ma\u00f1ana lunes es muy parecida a la de ayer, como pod\u00e9is comprobar en este mapa a 500 hpa.\u00a0 Frente a la nariz de Portugal.<\/p>\n<p>Fuente meteociel. Modelo europeo.<\/p>\n<p>&nbsp;<\/p>\n<p><a href=\"https:\/\/static-blogs.diariosur.es\/wp-content\/uploads\/sites\/12\/2021\/05\/ECM1-48.gif\"><img loading=\"lazy\" class=\"aligncenter size-full wp-image-30086\" src=\"https:\/\/static-blogs.diariosur.es\/wp-content\/uploads\/sites\/12\/2021\/05\/ECM1-48.gif\" alt=\"\" width=\"768\" height=\"512\" \/><\/a><\/p>\n<p>&nbsp;<\/p>\n<p>Esta misma dana, que en estos momentos esta cerca de las Madeiras, es la que trae esta nubosidad que tenemos hoy domingo en los cielos de la mayor parte de nuestra comunidad. Hoy no se esperan\u00a0 lluvias, se puede ir a la playa.<\/p>\n<p>En el mapa de superficie de la aemet previsto para ma\u00f1ana lunes al mediod\u00eda, se dibuja una l\u00ednea de inestabilidad. Las rayitas de color rojo separadas, que se ven en la zona del Estrecho y provincia de M\u00e1laga.<\/p>\n<p>Os paso el mapa y luego os explico lo que es una l\u00ednea de inestabilidad.<\/p>\n<p>&nbsp;<\/p>\n<p><a href=\"https:\/\/static-blogs.diariosur.es\/wp-content\/uploads\/sites\/12\/2021\/05\/Captura-16.jpg\"><img loading=\"lazy\" class=\"aligncenter size-full wp-image-30087\" src=\"https:\/\/static-blogs.diariosur.es\/wp-content\/uploads\/sites\/12\/2021\/05\/Captura-16.jpg\" alt=\"\" width=\"979\" height=\"665\" srcset=\"https:\/\/static-blogs.diariosur.es\/wp-content\/uploads\/sites\/12\/2021\/05\/Captura-16.jpg 979w, https:\/\/static-blogs.diariosur.es\/wp-content\/uploads\/sites\/12\/2021\/05\/Captura-16-589x400.jpg 589w, https:\/\/static-blogs.diariosur.es\/wp-content\/uploads\/sites\/12\/2021\/05\/Captura-16-768x522.jpg 768w\" sizes=\"(max-width: 979px) 100vw, 979px\" \/><\/a><\/p>\n<p>La aemet define esto:<strong> L\u00ednea de inestabilidad en aire frio\/c\u00e1lido sin organizar: Zonas, en el seno de una masa de aire<\/strong><br \/>\n<strong>fr\u00edo\/c\u00e1lido, en las que se identifica actividad convectiva significativa (desarrollos nubosos,<\/strong><br \/>\n<strong>chubascos, tormentas,\u2026)\u00a0<\/strong><\/p>\n<p><a href=\"https:\/\/static-blogs.diariosur.es\/wp-content\/uploads\/sites\/12\/2021\/05\/1-6.jpg\"><img loading=\"lazy\" class=\"aligncenter size-full wp-image-30089\" src=\"https:\/\/static-blogs.diariosur.es\/wp-content\/uploads\/sites\/12\/2021\/05\/1-6.jpg\" alt=\"\" width=\"673\" height=\"93\" srcset=\"https:\/\/static-blogs.diariosur.es\/wp-content\/uploads\/sites\/12\/2021\/05\/1-6.jpg 673w, https:\/\/static-blogs.diariosur.es\/wp-content\/uploads\/sites\/12\/2021\/05\/1-6-640x88.jpg 640w\" sizes=\"(max-width: 673px) 100vw, 673px\" \/><\/a><\/p>\n<p>&nbsp;<\/p>\n<p>Para los que quer\u00e1is aprender m\u00e1s, en los mapas de superficie se dibuja tambi\u00e9n una l\u00ednea de inestabilidad, pero en esta ocasi\u00f3n organizada<\/p>\n<p>Significa esto: <strong>L\u00ednea de inestabilidad en aire fr\u00edo\/c\u00e1lido organizada: Zonas, en el seno de una masa de aire<\/strong><br \/>\n<strong>fr\u00edo\/c\u00e1lido, en las que se identifica actividad convectiva (desarrollos nubosos, chubascos,<\/strong><br \/>\n<strong>tormentas,\u2026) con car\u00e1cter organizado lo que hace posible efectos intensos en superficie. <\/strong><\/p>\n<p><a href=\"https:\/\/static-blogs.diariosur.es\/wp-content\/uploads\/sites\/12\/2021\/05\/2-4.jpg\"><img loading=\"lazy\" class=\"aligncenter size-full wp-image-30088\" src=\"https:\/\/static-blogs.diariosur.es\/wp-content\/uploads\/sites\/12\/2021\/05\/2-4.jpg\" alt=\"\" width=\"676\" height=\"94\" srcset=\"https:\/\/static-blogs.diariosur.es\/wp-content\/uploads\/sites\/12\/2021\/05\/2-4.jpg 676w, https:\/\/static-blogs.diariosur.es\/wp-content\/uploads\/sites\/12\/2021\/05\/2-4-640x89.jpg 640w\" sizes=\"(max-width: 676px) 100vw, 676px\" \/><\/a><\/p>\n<p>&nbsp;<\/p>\n<p>Aclarado esto los s\u00edmbolos de los mapas de superficie,\u00a0 seg\u00fan donde se forme esta l\u00ednea, habr\u00e1 m\u00e1s probabilidad de precipitaciones. Mas no os puedo decir, como en otras ocasiones tendremos que mirar al cielo y al radar. Esperemos que tengamos suerte y la primavera meteorol\u00f3gica se despida con medalla de oro. Esta primavera del 2021 se merece una medalla de oro.<\/p>\n<p>&nbsp;<\/p>\n","protected":false},"excerpt":{"rendered":"<p>&nbsp; Reedito: En la nueva actualizaci\u00f3n del europeo, el martes tambi\u00e9n habr\u00eda probabilidad de precipitaciones, sobre todo de madrugada.\u00a0 Muy buenos d\u00edas, amigos de la meto. A tan pocas horas, los modelos siguen sin aclararse sobre la probabilidad de precipitaciones en la provincia malague\u00f1a, unos modelos dan algunos litros y otros nada. La posici\u00f3n de [&hellip;]<\/p>\n","protected":false},"author":16,"featured_media":30091,"comment_status":"open","ping_status":"open","sticky":false,"template":"","format":"standard","meta":[],"categories":[1],"tags":[100,307,1525,358,587,799,1429,815,945],"_links":{"self":[{"href":"https:\/\/blogs.diariosur.es\/tormentas-y-rayos\/wp-json\/wp\/v2\/posts\/30085"}],"collection":[{"href":"https:\/\/blogs.diariosur.es\/tormentas-y-rayos\/wp-json\/wp\/v2\/posts"}],"about":[{"href":"https:\/\/blogs.diariosur.es\/tormentas-y-rayos\/wp-json\/wp\/v2\/types\/post"}],"author":[{"embeddable":true,"href":"https:\/\/blogs.diariosur.es\/tormentas-y-rayos\/wp-json\/wp\/v2\/users\/16"}],"replies":[{"embeddable":true,"href":"https:\/\/blogs.diariosur.es\/tormentas-y-rayos\/wp-json\/wp\/v2\/comments?post=30085"}],"version-history":[{"count":5,"href":"https:\/\/blogs.diariosur.es\/tormentas-y-rayos\/wp-json\/wp\/v2\/posts\/30085\/revisions"}],"predecessor-version":[{"id":30095,"href":"https:\/\/blogs.diariosur.es\/tormentas-y-rayos\/wp-json\/wp\/v2\/posts\/30085\/revisions\/30095"}],"wp:featuredmedia":[{"embeddable":true,"href":"https:\/\/blogs.diariosur.es\/tormentas-y-rayos\/wp-json\/wp\/v2\/media\/30091"}],"wp:attachment":[{"href":"https:\/\/blogs.diariosur.es\/tormentas-y-rayos\/wp-json\/wp\/v2\/media?parent=30085"}],"wp:term":[{"taxonomy":"category","embeddable":true,"href":"https:\/\/blogs.diariosur.es\/tormentas-y-rayos\/wp-json\/wp\/v2\/categories?post=30085"},{"taxonomy":"post_tag","embeddable":true,"href":"https:\/\/blogs.diariosur.es\/tormentas-y-rayos\/wp-json\/wp\/v2\/tags?post=30085"}],"curies":[{"name":"wp","href":"https:\/\/api.w.org\/{rel}","templated":true}]}}