{"id":30137,"date":"2021-06-07T07:55:19","date_gmt":"2021-06-07T05:55:19","guid":{"rendered":"https:\/\/blogs.diariosur.es\/tormentas-y-rayos\/?p=30137"},"modified":"2021-06-07T07:56:32","modified_gmt":"2021-06-07T05:56:32","slug":"el-tiempo-el-calor-protagonista-esta-semana-en-andalucia","status":"publish","type":"post","link":"https:\/\/blogs.diariosur.es\/tormentas-y-rayos\/2021\/06\/07\/el-tiempo-el-calor-protagonista-esta-semana-en-andalucia\/","title":{"rendered":"El tiempo. El calor protagonista esta semana en Andaluc\u00eda."},"content":{"rendered":"<p><a href=\"https:\/\/static-blogs.diariosur.es\/wp-content\/uploads\/sites\/12\/2021\/06\/193954780_10222636052268941_1354368097572943509_n.jpg\"><img loading=\"lazy\" class=\"aligncenter size-thumbnail wp-image-30122\" src=\"https:\/\/static-blogs.diariosur.es\/wp-content\/uploads\/sites\/12\/2021\/06\/193954780_10222636052268941_1354368097572943509_n-150x150.jpg\" alt=\"\" width=\"150\" height=\"150\" \/><\/a><\/p>\n<p>Muy buenos d\u00edas, amigos de la meteo. \u00bf Qu\u00e9 tal el fin de semana ? espero que bien. Yo, lo he pasado muy bien, sobre todo el s\u00e1bado escuchando los truenos con mi nieto. El domingo tampoco estuvo mal, disfrute en la playa unas horas con mi mujer, por cierto, la temperatura del agua estaba 20.9 grados.<\/p>\n<p>&nbsp;<\/p>\n<p><a href=\"https:\/\/static-blogs.diariosur.es\/wp-content\/uploads\/sites\/12\/2021\/06\/14353538456_623f2b5b89_o.jpg\"><img loading=\"lazy\" class=\"aligncenter size-full wp-image-30138\" src=\"https:\/\/static-blogs.diariosur.es\/wp-content\/uploads\/sites\/12\/2021\/06\/14353538456_623f2b5b89_o.jpg\" alt=\"\" width=\"470\" height=\"570\" srcset=\"https:\/\/static-blogs.diariosur.es\/wp-content\/uploads\/sites\/12\/2021\/06\/14353538456_623f2b5b89_o.jpg 470w, https:\/\/static-blogs.diariosur.es\/wp-content\/uploads\/sites\/12\/2021\/06\/14353538456_623f2b5b89_o-330x400.jpg 330w\" sizes=\"(max-width: 470px) 100vw, 470px\" \/><\/a><\/p>\n<p>&nbsp;<\/p>\n<p>Esta semana el calor ser\u00e1 el protagonista a partir de ma\u00f1ana martes y hasta el viernes, sobre todo en el Valle del Guadalquivir e interior de la provincia de Huelva, los modelos dan unas m\u00e1ximas en esta zona de 37 a 39 grados. En las dem\u00e1s zonas de nuestra comunidad tambi\u00e9n tendremos calor, aunque se libraran de estas altas temperaturas las zonas ba\u00f1adas por el mar. Es posible que se activen avisos amarillos por altas temperaturas para el mi\u00e9rcoles o jueves.<\/p>\n<p>De cumplirse los modelos, a partir del viernes pueden bajar estas temperaturas tan altas en estas zonas antes mencionadas.<\/p>\n<p><strong>En la costa malague\u00f1a rondar\u00e1n entre los 26 y casi los 30 grados seg\u00fan zonas, por el interior entre los 28 y 33, d\u00e1ndose las m\u00e1s altas en la comarca de Antequera. Aunque de momento los modelos no dan terral, tendremos que estar atentos a partir del jueves en el Valle del Guadalhorce.<\/strong><\/p>\n<p>Tanto hoy lunes y hasta el mi\u00e9rcoles se esperan rachas fuertes de levante en el Estrecho, todo hace indicar que el jueves ir\u00e1 menos.<\/p>\n<p>Bueno amigos, poco m\u00e1s que contar.<\/p>\n<p>Ma\u00f1ana hablaremos de la cantidad de rayos que caen en la tierra al cabo del a\u00f1o y cuando se han dado m\u00e1s rayos en un d\u00eda en la pen\u00ednsula.<\/p>\n<p>Os dejo con esta foto de archivo de tal d\u00eda como hoy del a\u00f1o 2015. Al agua todos.<\/p>\n<p>&nbsp;<\/p>\n<p><a href=\"https:\/\/static-blogs.diariosur.es\/wp-content\/uploads\/sites\/12\/2021\/06\/11415462_10205407660369911_6236630939817245285_o.jpg\"><img loading=\"lazy\" class=\"aligncenter size-full wp-image-30141\" src=\"https:\/\/static-blogs.diariosur.es\/wp-content\/uploads\/sites\/12\/2021\/06\/11415462_10205407660369911_6236630939817245285_o.jpg\" alt=\"\" width=\"1200\" height=\"801\" srcset=\"https:\/\/static-blogs.diariosur.es\/wp-content\/uploads\/sites\/12\/2021\/06\/11415462_10205407660369911_6236630939817245285_o.jpg 1200w, https:\/\/static-blogs.diariosur.es\/wp-content\/uploads\/sites\/12\/2021\/06\/11415462_10205407660369911_6236630939817245285_o-599x400.jpg 599w, https:\/\/static-blogs.diariosur.es\/wp-content\/uploads\/sites\/12\/2021\/06\/11415462_10205407660369911_6236630939817245285_o-768x513.jpg 768w\" sizes=\"(max-width: 1200px) 100vw, 1200px\" \/><\/a><\/p>\n<p>&nbsp;<\/p>\n<p>&nbsp;<\/p>\n<p>&nbsp;<\/p>\n<p>&nbsp;<\/p>\n","protected":false},"excerpt":{"rendered":"<p>Muy buenos d\u00edas, amigos de la meteo. \u00bf Qu\u00e9 tal el fin de semana ? espero que bien. Yo, lo he pasado muy bien, sobre todo el s\u00e1bado escuchando los truenos con mi nieto. El domingo tampoco estuvo mal, disfrute en la playa unas horas con mi mujer, por cierto, la temperatura del agua estaba [&hellip;]<\/p>\n","protected":false},"author":16,"featured_media":30141,"comment_status":"open","ping_status":"open","sticky":false,"template":"","format":"standard","meta":[],"categories":[1],"tags":[94,100,151,1589,1525,358,587,945,962],"_links":{"self":[{"href":"https:\/\/blogs.diariosur.es\/tormentas-y-rayos\/wp-json\/wp\/v2\/posts\/30137"}],"collection":[{"href":"https:\/\/blogs.diariosur.es\/tormentas-y-rayos\/wp-json\/wp\/v2\/posts"}],"about":[{"href":"https:\/\/blogs.diariosur.es\/tormentas-y-rayos\/wp-json\/wp\/v2\/types\/post"}],"author":[{"embeddable":true,"href":"https:\/\/blogs.diariosur.es\/tormentas-y-rayos\/wp-json\/wp\/v2\/users\/16"}],"replies":[{"embeddable":true,"href":"https:\/\/blogs.diariosur.es\/tormentas-y-rayos\/wp-json\/wp\/v2\/comments?post=30137"}],"version-history":[{"count":5,"href":"https:\/\/blogs.diariosur.es\/tormentas-y-rayos\/wp-json\/wp\/v2\/posts\/30137\/revisions"}],"predecessor-version":[{"id":30144,"href":"https:\/\/blogs.diariosur.es\/tormentas-y-rayos\/wp-json\/wp\/v2\/posts\/30137\/revisions\/30144"}],"wp:featuredmedia":[{"embeddable":true,"href":"https:\/\/blogs.diariosur.es\/tormentas-y-rayos\/wp-json\/wp\/v2\/media\/30141"}],"wp:attachment":[{"href":"https:\/\/blogs.diariosur.es\/tormentas-y-rayos\/wp-json\/wp\/v2\/media?parent=30137"}],"wp:term":[{"taxonomy":"category","embeddable":true,"href":"https:\/\/blogs.diariosur.es\/tormentas-y-rayos\/wp-json\/wp\/v2\/categories?post=30137"},{"taxonomy":"post_tag","embeddable":true,"href":"https:\/\/blogs.diariosur.es\/tormentas-y-rayos\/wp-json\/wp\/v2\/tags?post=30137"}],"curies":[{"name":"wp","href":"https:\/\/api.w.org\/{rel}","templated":true}]}}