{"id":30194,"date":"2021-06-17T09:05:56","date_gmt":"2021-06-17T07:05:56","guid":{"rendered":"https:\/\/blogs.diariosur.es\/tormentas-y-rayos\/?p=30194"},"modified":"2021-06-17T09:05:56","modified_gmt":"2021-06-17T07:05:56","slug":"el-tiempo-fin-de-semana-que-paso-en-los-cielos-de-malaga-el-miercoles-impresionantes-mammatus","status":"publish","type":"post","link":"https:\/\/blogs.diariosur.es\/tormentas-y-rayos\/2021\/06\/17\/el-tiempo-fin-de-semana-que-paso-en-los-cielos-de-malaga-el-miercoles-impresionantes-mammatus\/","title":{"rendered":"El tiempo fin de semana. \u00bf Qu\u00e9 paso en los cielos de M\u00e1laga el mi\u00e9rcoles ? Impresionantes mammatus."},"content":{"rendered":"<p><a href=\"https:\/\/static-blogs.diariosur.es\/wp-content\/uploads\/sites\/12\/2021\/01\/12994479_10207552114859933_1346500259674331485_n.jpg\"><img loading=\"lazy\" class=\"aligncenter size-thumbnail wp-image-29165\" src=\"https:\/\/static-blogs.diariosur.es\/wp-content\/uploads\/sites\/12\/2021\/01\/12994479_10207552114859933_1346500259674331485_n-150x150.jpg\" alt=\"\" width=\"150\" height=\"150\" srcset=\"https:\/\/static-blogs.diariosur.es\/wp-content\/uploads\/sites\/12\/2021\/01\/12994479_10207552114859933_1346500259674331485_n-150x150.jpg 150w, https:\/\/static-blogs.diariosur.es\/wp-content\/uploads\/sites\/12\/2021\/01\/12994479_10207552114859933_1346500259674331485_n-399x400.jpg 399w, https:\/\/static-blogs.diariosur.es\/wp-content\/uploads\/sites\/12\/2021\/01\/12994479_10207552114859933_1346500259674331485_n.jpg 749w\" sizes=\"(max-width: 150px) 100vw, 150px\" \/><\/a><\/p>\n<p>Muy buenos d\u00edas, amigos de la meteo. Qu\u00e9 alegr\u00eda levantarse tempranito, oliendo a petricor y acompa\u00f1ado de una temperatura muy agradable en muchos puntos de Andaluc\u00eda.<\/p>\n<p>Impresionantes los cielos que tuvimos ayer por la tarde en la costa de M\u00e1laga, la tormenta que se esperaba en la Costa de Granada y Almer\u00eda, tambi\u00e9n nos afecto a nosotros.<\/p>\n<p>Esta tormenta subi\u00f3 desde el norte de \u00c1frica y se reactivo en el Mar de Albor\u00e1n, dejando unos bonitos rayos y sobre todo unos impresionantes mammatus o mamma que hacia tiempo no ve\u00eda en M\u00e1laga.<\/p>\n<p>La aemet define en su meteoglosario esto:\u00a0<strong><em>Rasgo suplementario nuboso consistente en protuberancias que cuelgan de la base de una nube, y que por su forma recuerdan a las ubres de las hembras de los mam\u00edferos. Pueden aparecer en cirros, cirroc\u00famulos, altoc\u00famulos, altoestratos, estratoc\u00famulos y cumulonimbos. En este \u00faltimo caso, suelen aparecer en la parte inferior del yunque. Aunque est\u00e1 muy extendido el nombre \u00abMammatus\u00bb para estas nubes, la Organizaci\u00f3n Meteorol\u00f3gica Mundial considera m\u00e1s correcto el uso del t\u00e9rmino \u00abmamma\u00bb<\/em><\/strong><\/p>\n<p>A estas mamma o mammatus, ( a mi me gusta decir mejor esta \u00faltima ) se le uni\u00f3 polvo en suspensi\u00f3n y la puesta de sol, por eso vimos ese color que parec\u00eda el fin del mundo.<\/p>\n<p>Mi mujer Geno y yo hicimos equipo de cacer\u00eda, mientras yo estaba en la playa de la misericordia cazando rayos, Geno cazo desde la terraza unos impresionantes mammatus. Me confeso que se asusto un poquillo jijijij.<\/p>\n<p>Tambi\u00e9n mi hija Estefan\u00eda desde la Cala del Moral hizo una bonita foto.<\/p>\n<p>Como a\u00fan no han actualizado los modelos, os pongo las fotos de Geno, Estafan\u00eda y algunas m\u00edas. Hoy se queda todo en familia jijijij.<\/p>\n<p>En facebook ten\u00e9is en mi muro un mont\u00f3n de fotos de todos vosotros que hab\u00e9is compartido.<\/p>\n<p>&nbsp;<\/p>\n<p><a href=\"https:\/\/static-blogs.diariosur.es\/wp-content\/uploads\/sites\/12\/2021\/06\/200214424_10222726336565992_518617646263260405_n-1.jpg\"><img loading=\"lazy\" class=\"aligncenter size-full wp-image-30201\" src=\"https:\/\/static-blogs.diariosur.es\/wp-content\/uploads\/sites\/12\/2021\/06\/200214424_10222726336565992_518617646263260405_n-1.jpg\" alt=\"\" width=\"960\" height=\"720\" srcset=\"https:\/\/static-blogs.diariosur.es\/wp-content\/uploads\/sites\/12\/2021\/06\/200214424_10222726336565992_518617646263260405_n-1.jpg 960w, https:\/\/static-blogs.diariosur.es\/wp-content\/uploads\/sites\/12\/2021\/06\/200214424_10222726336565992_518617646263260405_n-1-533x400.jpg 533w, https:\/\/static-blogs.diariosur.es\/wp-content\/uploads\/sites\/12\/2021\/06\/200214424_10222726336565992_518617646263260405_n-1-768x576.jpg 768w\" sizes=\"(max-width: 960px) 100vw, 960px\" \/><\/a><\/p>\n<p>&nbsp;<\/p>\n<p><a href=\"https:\/\/static-blogs.diariosur.es\/wp-content\/uploads\/sites\/12\/2021\/06\/200906838_10222726337166007_1908616489505241253_n-1.jpg\"><img loading=\"lazy\" class=\"aligncenter size-full wp-image-30202\" src=\"https:\/\/static-blogs.diariosur.es\/wp-content\/uploads\/sites\/12\/2021\/06\/200906838_10222726337166007_1908616489505241253_n-1.jpg\" alt=\"\" width=\"960\" height=\"720\" srcset=\"https:\/\/static-blogs.diariosur.es\/wp-content\/uploads\/sites\/12\/2021\/06\/200906838_10222726337166007_1908616489505241253_n-1.jpg 960w, https:\/\/static-blogs.diariosur.es\/wp-content\/uploads\/sites\/12\/2021\/06\/200906838_10222726337166007_1908616489505241253_n-1-533x400.jpg 533w, https:\/\/static-blogs.diariosur.es\/wp-content\/uploads\/sites\/12\/2021\/06\/200906838_10222726337166007_1908616489505241253_n-1-768x576.jpg 768w\" sizes=\"(max-width: 960px) 100vw, 960px\" \/><\/a><\/p>\n<p>&nbsp;<\/p>\n<p>&nbsp;<\/p>\n<p><a href=\"https:\/\/static-blogs.diariosur.es\/wp-content\/uploads\/sites\/12\/2021\/06\/200940614_10222728221973126_8870314101747699712_n.jpg\"><img loading=\"lazy\" class=\"aligncenter size-full wp-image-30203\" src=\"https:\/\/static-blogs.diariosur.es\/wp-content\/uploads\/sites\/12\/2021\/06\/200940614_10222728221973126_8870314101747699712_n.jpg\" alt=\"\" width=\"526\" height=\"701\" srcset=\"https:\/\/static-blogs.diariosur.es\/wp-content\/uploads\/sites\/12\/2021\/06\/200940614_10222728221973126_8870314101747699712_n.jpg 526w, https:\/\/static-blogs.diariosur.es\/wp-content\/uploads\/sites\/12\/2021\/06\/200940614_10222728221973126_8870314101747699712_n-300x400.jpg 300w\" sizes=\"(max-width: 526px) 100vw, 526px\" \/><\/a><\/p>\n<p>&nbsp;<\/p>\n<p>Estando en la playa, la gente alucinaba con el cielo y los rayos. Me llamo la atenci\u00f3n una parejilla que estaban sentados en una toalla en la arena d\u00e1ndose besos y ni se daban cuenta de los rayos. No miraron al cielo en ning\u00fan momento, que bonito es el amor.<\/p>\n<p>Os paso las m\u00edas y a continuaci\u00f3n os doy un avance del tiempo que se espera este fin de semana.<\/p>\n<p>&nbsp;<\/p>\n<p><a href=\"https:\/\/static-blogs.diariosur.es\/wp-content\/uploads\/sites\/12\/2021\/06\/0-e1623910596255.jpg\"><img loading=\"lazy\" class=\"aligncenter size-full wp-image-30204\" src=\"https:\/\/static-blogs.diariosur.es\/wp-content\/uploads\/sites\/12\/2021\/06\/0-e1623910596255.jpg\" alt=\"\" width=\"1200\" height=\"800\" \/><\/a><\/p>\n<p>&nbsp;<\/p>\n<p><a href=\"https:\/\/static-blogs.diariosur.es\/wp-content\/uploads\/sites\/12\/2021\/06\/1-e1623910656785.jpg\"><img loading=\"lazy\" class=\"aligncenter size-full wp-image-30205\" src=\"https:\/\/static-blogs.diariosur.es\/wp-content\/uploads\/sites\/12\/2021\/06\/1-e1623910656785.jpg\" alt=\"\" width=\"1200\" height=\"561\" \/><\/a><\/p>\n<p>&nbsp;<\/p>\n<p><a href=\"https:\/\/static-blogs.diariosur.es\/wp-content\/uploads\/sites\/12\/2021\/06\/2.jpg\"><img loading=\"lazy\" class=\"aligncenter size-full wp-image-30206\" src=\"https:\/\/static-blogs.diariosur.es\/wp-content\/uploads\/sites\/12\/2021\/06\/2-e1623910688322.jpg\" alt=\"\" width=\"1200\" height=\"571\" \/><\/a><\/p>\n<h3><span style=\"color: #0000ff;\"><strong>El tiempo fin de semana<\/strong><\/span><\/h3>\n<p>El martes os comentaba que primeramente nos afectar\u00eda la vaguada\u00a0 y a partir de esta pr\u00f3xima madrugada la vaguada que nos afecto ayer se cerrar\u00eda y se formar\u00eda una dana. La posici\u00f3n de la dana la sit\u00faan de momento los dos grandes modelos cerca de la nariz de Portugal.<\/p>\n<p>De cumplirse esa posici\u00f3n y sin sorpresas, <strong><span style=\"color: #ff0000;\">ma\u00f1ana viernes<\/span>,<\/strong>\u00a0pueden caer algunas gotas por el interior de la provincia de M\u00e1laga. Se esperan rachas moderas a fuertes de viento de poniente.<\/p>\n<p>En cuanto a las temperaturas m\u00e1ximas y m\u00ednimas bajaran, not\u00e1ndose m\u00e1s por la Comarca de Antequera y Ronda en las m\u00ednimas.<\/p>\n<p>Os paso las m\u00e1ximas y m\u00ednimas que prev\u00e9 la aemet para ma\u00f1ana viernes.<\/p>\n<p>&nbsp;<\/p>\n<p><a href=\"https:\/\/static-blogs.diariosur.es\/wp-content\/uploads\/sites\/12\/2021\/06\/viernes.jpg\"><img loading=\"lazy\" class=\"aligncenter size-full wp-image-30208\" src=\"https:\/\/static-blogs.diariosur.es\/wp-content\/uploads\/sites\/12\/2021\/06\/viernes.jpg\" alt=\"\" width=\"701\" height=\"552\" srcset=\"https:\/\/static-blogs.diariosur.es\/wp-content\/uploads\/sites\/12\/2021\/06\/viernes.jpg 701w, https:\/\/static-blogs.diariosur.es\/wp-content\/uploads\/sites\/12\/2021\/06\/viernes-508x400.jpg 508w\" sizes=\"(max-width: 701px) 100vw, 701px\" \/><\/a><\/p>\n<p>&nbsp;<\/p>\n<p><span style=\"color: #ff0000;\"><strong>El s\u00e1bado<\/strong><\/span> la probabilidad de chubascos aumentar\u00eda, pero ser\u00eda m\u00e1s bien de madrugada, a primeras horas de la ma\u00f1ana bajar\u00eda la probabilidad.<\/p>\n<p>Seguiremos con rachas moderas de viento de poniente.<\/p>\n<p>En cuanto a las temperaturas, la madrugada ser\u00eda fresquita por el interior. En M\u00e1laga capital rondar\u00e1 los 17 grados y por el interior de la provincia en algunos puntos los 11 o doce grados.<\/p>\n<p>Os paso las m\u00e1ximas y m\u00ednimas que prev\u00e9 la aemet.<\/p>\n<p>&nbsp;<\/p>\n<p><a href=\"https:\/\/static-blogs.diariosur.es\/wp-content\/uploads\/sites\/12\/2021\/06\/s\u00e1bado.jpg\"><img loading=\"lazy\" class=\"aligncenter size-full wp-image-30209\" src=\"https:\/\/static-blogs.diariosur.es\/wp-content\/uploads\/sites\/12\/2021\/06\/s\u00e1bado.jpg\" alt=\"\" width=\"697\" height=\"553\" srcset=\"https:\/\/static-blogs.diariosur.es\/wp-content\/uploads\/sites\/12\/2021\/06\/s\u00e1bado.jpg 697w, https:\/\/static-blogs.diariosur.es\/wp-content\/uploads\/sites\/12\/2021\/06\/s\u00e1bado-504x400.jpg 504w\" sizes=\"(max-width: 697px) 100vw, 697px\" \/><\/a><\/p>\n<p>&nbsp;<\/p>\n<p><span style=\"color: #ff0000;\"><strong>El domingo<\/strong><\/span> baja la probabilidad de precipitaciones en toda la provincia malague\u00f1a y Andaluc\u00eda, la dana se habr\u00e1 reintegrado a la circulaci\u00f3n general.<\/p>\n<p>Si no cambian los modelos, espero rachas m\u00e1s fuertes de poniente en la costa malague\u00f1a.<\/p>\n<p>En cuanto a las temperaturas m\u00e1ximas y m\u00ednimas la aemet prev\u00e9 estas. En M\u00e1laga capital y zonas expuestas al terral, pueden llegar a los 30 grados.<\/p>\n<p>&nbsp;<\/p>\n<p><a href=\"https:\/\/static-blogs.diariosur.es\/wp-content\/uploads\/sites\/12\/2021\/06\/domingo.jpg\"><img loading=\"lazy\" class=\"aligncenter size-full wp-image-30210\" src=\"https:\/\/static-blogs.diariosur.es\/wp-content\/uploads\/sites\/12\/2021\/06\/domingo.jpg\" alt=\"\" width=\"696\" height=\"544\" srcset=\"https:\/\/static-blogs.diariosur.es\/wp-content\/uploads\/sites\/12\/2021\/06\/domingo.jpg 696w, https:\/\/static-blogs.diariosur.es\/wp-content\/uploads\/sites\/12\/2021\/06\/domingo-512x400.jpg 512w\" sizes=\"(max-width: 696px) 100vw, 696px\" \/><\/a><\/p>\n<p>&nbsp;<\/p>\n<p>Si en estos d\u00edas hay algo nuevo, actualizo la predicci\u00f3n.<\/p>\n<p>&nbsp;<\/p>\n","protected":false},"excerpt":{"rendered":"<p>Muy buenos d\u00edas, amigos de la meteo. Qu\u00e9 alegr\u00eda levantarse tempranito, oliendo a petricor y acompa\u00f1ado de una temperatura muy agradable en muchos puntos de Andaluc\u00eda. Impresionantes los cielos que tuvimos ayer por la tarde en la costa de M\u00e1laga, la tormenta que se esperaba en la Costa de Granada y Almer\u00eda, tambi\u00e9n nos afecto [&hellip;]<\/p>\n","protected":false},"author":16,"featured_media":30201,"comment_status":"open","ping_status":"open","sticky":false,"template":"","format":"standard","meta":[],"categories":[1],"tags":[160,307,309,1525,358,410,587,1435,800,847,902,945,962,996,1039],"_links":{"self":[{"href":"https:\/\/blogs.diariosur.es\/tormentas-y-rayos\/wp-json\/wp\/v2\/posts\/30194"}],"collection":[{"href":"https:\/\/blogs.diariosur.es\/tormentas-y-rayos\/wp-json\/wp\/v2\/posts"}],"about":[{"href":"https:\/\/blogs.diariosur.es\/tormentas-y-rayos\/wp-json\/wp\/v2\/types\/post"}],"author":[{"embeddable":true,"href":"https:\/\/blogs.diariosur.es\/tormentas-y-rayos\/wp-json\/wp\/v2\/users\/16"}],"replies":[{"embeddable":true,"href":"https:\/\/blogs.diariosur.es\/tormentas-y-rayos\/wp-json\/wp\/v2\/comments?post=30194"}],"version-history":[{"count":8,"href":"https:\/\/blogs.diariosur.es\/tormentas-y-rayos\/wp-json\/wp\/v2\/posts\/30194\/revisions"}],"predecessor-version":[{"id":30211,"href":"https:\/\/blogs.diariosur.es\/tormentas-y-rayos\/wp-json\/wp\/v2\/posts\/30194\/revisions\/30211"}],"wp:featuredmedia":[{"embeddable":true,"href":"https:\/\/blogs.diariosur.es\/tormentas-y-rayos\/wp-json\/wp\/v2\/media\/30201"}],"wp:attachment":[{"href":"https:\/\/blogs.diariosur.es\/tormentas-y-rayos\/wp-json\/wp\/v2\/media?parent=30194"}],"wp:term":[{"taxonomy":"category","embeddable":true,"href":"https:\/\/blogs.diariosur.es\/tormentas-y-rayos\/wp-json\/wp\/v2\/categories?post=30194"},{"taxonomy":"post_tag","embeddable":true,"href":"https:\/\/blogs.diariosur.es\/tormentas-y-rayos\/wp-json\/wp\/v2\/tags?post=30194"}],"curies":[{"name":"wp","href":"https:\/\/api.w.org\/{rel}","templated":true}]}}