{"id":30213,"date":"2021-06-18T09:33:12","date_gmt":"2021-06-18T07:33:12","guid":{"rendered":"https:\/\/blogs.diariosur.es\/tormentas-y-rayos\/?p=30213"},"modified":"2021-06-19T06:56:36","modified_gmt":"2021-06-19T04:56:36","slug":"el-tiempo-en-malaga-ultima-hora-como-se-forman-las-granizadas","status":"publish","type":"post","link":"https:\/\/blogs.diariosur.es\/tormentas-y-rayos\/2021\/06\/18\/el-tiempo-en-malaga-ultima-hora-como-se-forman-las-granizadas\/","title":{"rendered":"El tiempo en M\u00e1laga, \u00faltima hora. \u00bfC\u00f3mo se forman las granizadas?"},"content":{"rendered":"<p><a href=\"https:\/\/static-blogs.diariosur.es\/wp-content\/uploads\/sites\/12\/2021\/02\/59999602_10216541055137822_8294285136585818112_o.jpg\"><img loading=\"lazy\" class=\"aligncenter size-thumbnail wp-image-29446\" src=\"https:\/\/static-blogs.diariosur.es\/wp-content\/uploads\/sites\/12\/2021\/02\/59999602_10216541055137822_8294285136585818112_o-150x150.jpg\" alt=\"\" width=\"150\" height=\"150\" \/><\/a><\/p>\n<p>Muy buenos d\u00edas, amigos de la meteo. Antes de poneros el enlace a cazatormentas, donde mis amigos hablan de las granizadas, os doy la \u00faltima hora del tiempo del fin de semana.<\/p>\n<p>Tengo muchos amigos, entre ellos Marilo, Jorge, Elvira, Raul, Esther, Jes\u00fas, etc etc que tienen celebraciones de comuniones ma\u00f1ana s\u00e1bado en M\u00e1laga capital. Miedo me da dar previsiones cuando hay cerca una dana, pero os cuento.<\/p>\n<p>La aemet en su predicci\u00f3n dice esto:\u00a0<strong><em>Cielos nubosos, sin descartar chubascos ocasionales a primeras horas, m\u00e1s probables durante la madrugada en la Axarqu\u00eda, donde pueden ir acompa\u00f1ados de tormentas, quedando los cielos poco nubosos por la tarde. Temperaturas m\u00ednimas en descenso; m\u00e1ximas sin cambios. Vientos del oeste o suroeste en aumento, ocasionalmente fuertes en el litoral.<\/em><\/strong><\/p>\n<p>Todos los modelos dan una probabilidad baja de precipitaciones en la capital a partir de primeras horas de la ma\u00f1ana, es decir a las seis. Solo hay un modelo que se llama Arpege que si aumenta la probabilidad de precipitaciones hasta despu\u00e9s del mediod\u00eda, siendo m\u00e1s probables en la costa de la Axarqu\u00eda, pero sin descartarlas en la capital. No tendremos d\u00eda de playa.<\/p>\n<p>Porque los modelos no se aclaran ????<\/p>\n<p>La dana esta pr\u00f3xima madrugada se acercar\u00eda m\u00e1s al centro de Portugal, para m\u00e1s tarde reintegrarse a la circulaci\u00f3n general. Cuando la dana se acerque a la pen\u00ednsula ser\u00e1 cuando nos pueda afectar una l\u00ednea de inestabilidad, esta l\u00ednea de inestabilidad se espera que afecte en mayor medida a la provincia de Granada. El modelo Arpege antes comentado, ve esa l\u00ednea de inestabilidad entre M\u00e1laga y Granada, por eso da precipitaciones. M\u00e1s no os puedo decir amigos.<\/p>\n<p>El domingo no espero lluvias en la provincia de M\u00e1laga.<\/p>\n<p>Os paso este enlace de mis amigos de cazatormentas, ver\u00e9is, fotos y videos de los granizos. Y el por qu\u00e9 se forman.<\/p>\n<h2 class=\"entry-title\"><a href=\"https:\/\/www.cazatormentas.com\/icomo-se-forman-las-granizadas\/\" rel=\"external nofollow\"><span style=\"color: #0000ff;\">\u00bfC\u00f3mo se forman las granizadas?<\/span><\/a><\/h2>\n<p>Os paso este impresionante video de la tormenta del mi\u00e9rcoles. Muchas gracias Antonio Manuel Iglesias por compartirlo.<\/p>\n<p><iframe loading=\"lazy\" title=\"YouTube video player\" src=\"https:\/\/www.youtube.com\/embed\/Tgcp3OLpwJs\" width=\"560\" height=\"315\" frameborder=\"0\" allowfullscreen=\"allowfullscreen\"><\/iframe><\/p>\n<p>&nbsp;<\/p>\n<p>&nbsp;<\/p>\n<p>Ayer me dio mucha alegr\u00eda conocer a un gran seguidor del blog de hace mucho tiempo. No usa redes sociales, en el buscador pone el nombre del blog y desde all\u00ed me lee todas las ma\u00f1anas.<\/p>\n<p>Me encanto hablar contigo de meteo amigo Manuel S\u00e1nchez Le\u00f3n, un abrazo<\/p>\n<p>&nbsp;<\/p>\n<p><a href=\"https:\/\/static-blogs.diariosur.es\/wp-content\/uploads\/sites\/12\/2021\/06\/200836502_10222730238423536_8179410724019741845_n-e1623994769144.jpg\"><img loading=\"lazy\" class=\"aligncenter size-full wp-image-30214\" src=\"https:\/\/static-blogs.diariosur.es\/wp-content\/uploads\/sites\/12\/2021\/06\/200836502_10222730238423536_8179410724019741845_n-e1623994769144.jpg\" alt=\"\" width=\"1200\" height=\"900\" \/><\/a><\/p>\n<p>&nbsp;<\/p>\n<p>Foto de portada del granizo Robert Luna.<\/p>\n","protected":false},"excerpt":{"rendered":"<p>Muy buenos d\u00edas, amigos de la meteo. Antes de poneros el enlace a cazatormentas, donde mis amigos hablan de las granizadas, os doy la \u00faltima hora del tiempo del fin de semana. Tengo muchos amigos, entre ellos Marilo, Jorge, Elvira, Raul, Esther, Jes\u00fas, etc etc que tienen celebraciones de comuniones ma\u00f1ana s\u00e1bado en M\u00e1laga capital. [&hellip;]<\/p>\n","protected":false},"author":16,"featured_media":30216,"comment_status":"open","ping_status":"open","sticky":false,"template":"","format":"standard","meta":[],"categories":[1],"tags":[1525,358,468,485,587,800,945,996,1028,1059],"_links":{"self":[{"href":"https:\/\/blogs.diariosur.es\/tormentas-y-rayos\/wp-json\/wp\/v2\/posts\/30213"}],"collection":[{"href":"https:\/\/blogs.diariosur.es\/tormentas-y-rayos\/wp-json\/wp\/v2\/posts"}],"about":[{"href":"https:\/\/blogs.diariosur.es\/tormentas-y-rayos\/wp-json\/wp\/v2\/types\/post"}],"author":[{"embeddable":true,"href":"https:\/\/blogs.diariosur.es\/tormentas-y-rayos\/wp-json\/wp\/v2\/users\/16"}],"replies":[{"embeddable":true,"href":"https:\/\/blogs.diariosur.es\/tormentas-y-rayos\/wp-json\/wp\/v2\/comments?post=30213"}],"version-history":[{"count":7,"href":"https:\/\/blogs.diariosur.es\/tormentas-y-rayos\/wp-json\/wp\/v2\/posts\/30213\/revisions"}],"predecessor-version":[{"id":30220,"href":"https:\/\/blogs.diariosur.es\/tormentas-y-rayos\/wp-json\/wp\/v2\/posts\/30213\/revisions\/30220"}],"wp:featuredmedia":[{"embeddable":true,"href":"https:\/\/blogs.diariosur.es\/tormentas-y-rayos\/wp-json\/wp\/v2\/media\/30216"}],"wp:attachment":[{"href":"https:\/\/blogs.diariosur.es\/tormentas-y-rayos\/wp-json\/wp\/v2\/media?parent=30213"}],"wp:term":[{"taxonomy":"category","embeddable":true,"href":"https:\/\/blogs.diariosur.es\/tormentas-y-rayos\/wp-json\/wp\/v2\/categories?post=30213"},{"taxonomy":"post_tag","embeddable":true,"href":"https:\/\/blogs.diariosur.es\/tormentas-y-rayos\/wp-json\/wp\/v2\/tags?post=30213"}],"curies":[{"name":"wp","href":"https:\/\/api.w.org\/{rel}","templated":true}]}}