{"id":30258,"date":"2021-06-25T10:16:16","date_gmt":"2021-06-25T08:16:16","guid":{"rendered":"https:\/\/blogs.diariosur.es\/tormentas-y-rayos\/?p=30258"},"modified":"2021-06-25T19:18:13","modified_gmt":"2021-06-25T17:18:13","slug":"el-tiempo-en-malaga-para-el-terral-y-el-poniente-un-espeto-caliente","status":"publish","type":"post","link":"https:\/\/blogs.diariosur.es\/tormentas-y-rayos\/2021\/06\/25\/el-tiempo-en-malaga-para-el-terral-y-el-poniente-un-espeto-caliente\/","title":{"rendered":"El tiempo en M\u00e1laga. Para combatir el terral y el poniente, un espeto caliente"},"content":{"rendered":"<p><a href=\"https:\/\/static-blogs.diariosur.es\/wp-content\/uploads\/sites\/12\/2021\/02\/59999602_10216541055137822_8294285136585818112_o.jpg\"><img loading=\"lazy\" class=\"aligncenter size-thumbnail wp-image-29446\" src=\"https:\/\/static-blogs.diariosur.es\/wp-content\/uploads\/sites\/12\/2021\/02\/59999602_10216541055137822_8294285136585818112_o-150x150.jpg\" alt=\"\" width=\"150\" height=\"150\" \/><\/a><\/p>\n<p>Muy buenos d\u00edas, amigos de la meteo. Se confirma el terral y el poniente para el pr\u00f3ximo domingo y el lunes. Lo que no tengo muy claro <span style=\"color: #ff0000;\"><strong>es la hora que se prev\u00e9 que entre en la capital<\/strong> <strong>y zonas habituales de la provincia de M\u00e1laga<\/strong><\/span>. Hay modelos que lo esperan a partir del mediod\u00eda y otros por la tarde.<\/p>\n<p>Tambi\u00e9n puede darse el caso que nuestro amigo vaya por barrios y llegue a toda la capital a \u00faltima hora de la tarde noche. Esto que os comento ha pasado muchas veces, por poneros un ejemplo: A las cuatro de la tarde el Centro Meteorol\u00f3gico puede marcar 36 grados y la estaci\u00f3n del Puerto 25.<\/p>\n<p>Ma\u00f1ana s\u00e1bado no tendremos sobresaltos y podremos disfrutar de un buen d\u00eda de playa. Aunque los modelos y previsiones no dan tar\u00f3, yo pienso que se pueden dar en alg\u00fan punto de la costa de Granada y M\u00e1laga.<\/p>\n<p><strong>Os aviso que a partir del 1 de julio subir\u00e1n las temperaturas m\u00e1ximas y m\u00ednimas en toda Andaluc\u00eda. Es posible que el s\u00e1bado 3 y el domingo 4 se acerquen a los 39 y 40 grados en el Valle del Guadalquivir, interior de Huelva y otros puntos de nuestra comunidad.\u00a0<\/strong><\/p>\n<p>Os dejo con esta bonita foto de mi amigo y gran fot\u00f3grafo Toni Ruiz Molero<\/p>\n<p>Cuanto m\u00e1s tarde entre el terral y el poniente el domingo, m\u00e1s disfrutaremos de la playa y el chiringuito.<\/p>\n<p>&nbsp;<\/p>\n<p><a href=\"https:\/\/static-blogs.diariosur.es\/wp-content\/uploads\/sites\/12\/2021\/06\/203301287_10223381051128050_8071155721423774616_n-e1624599846183.jpg\"><img loading=\"lazy\" class=\"aligncenter size-full wp-image-30259\" src=\"https:\/\/static-blogs.diariosur.es\/wp-content\/uploads\/sites\/12\/2021\/06\/203301287_10223381051128050_8071155721423774616_n-e1624599856869.jpg\" alt=\"\" width=\"1000\" height=\"950\" \/><\/a><\/p>\n","protected":false},"excerpt":{"rendered":"<p>Muy buenos d\u00edas, amigos de la meteo. Se confirma el terral y el poniente para el pr\u00f3ximo domingo y el lunes. Lo que no tengo muy claro es la hora que se prev\u00e9 que entre en la capital y zonas habituales de la provincia de M\u00e1laga. Hay modelos que lo esperan a partir del mediod\u00eda [&hellip;]<\/p>\n","protected":false},"author":16,"featured_media":30259,"comment_status":"open","ping_status":"open","sticky":false,"template":"","format":"standard","meta":[],"categories":[1],"tags":[100,1525,358,1599,587,791,800,945,975],"_links":{"self":[{"href":"https:\/\/blogs.diariosur.es\/tormentas-y-rayos\/wp-json\/wp\/v2\/posts\/30258"}],"collection":[{"href":"https:\/\/blogs.diariosur.es\/tormentas-y-rayos\/wp-json\/wp\/v2\/posts"}],"about":[{"href":"https:\/\/blogs.diariosur.es\/tormentas-y-rayos\/wp-json\/wp\/v2\/types\/post"}],"author":[{"embeddable":true,"href":"https:\/\/blogs.diariosur.es\/tormentas-y-rayos\/wp-json\/wp\/v2\/users\/16"}],"replies":[{"embeddable":true,"href":"https:\/\/blogs.diariosur.es\/tormentas-y-rayos\/wp-json\/wp\/v2\/comments?post=30258"}],"version-history":[{"count":7,"href":"https:\/\/blogs.diariosur.es\/tormentas-y-rayos\/wp-json\/wp\/v2\/posts\/30258\/revisions"}],"predecessor-version":[{"id":30266,"href":"https:\/\/blogs.diariosur.es\/tormentas-y-rayos\/wp-json\/wp\/v2\/posts\/30258\/revisions\/30266"}],"wp:featuredmedia":[{"embeddable":true,"href":"https:\/\/blogs.diariosur.es\/tormentas-y-rayos\/wp-json\/wp\/v2\/media\/30259"}],"wp:attachment":[{"href":"https:\/\/blogs.diariosur.es\/tormentas-y-rayos\/wp-json\/wp\/v2\/media?parent=30258"}],"wp:term":[{"taxonomy":"category","embeddable":true,"href":"https:\/\/blogs.diariosur.es\/tormentas-y-rayos\/wp-json\/wp\/v2\/categories?post=30258"},{"taxonomy":"post_tag","embeddable":true,"href":"https:\/\/blogs.diariosur.es\/tormentas-y-rayos\/wp-json\/wp\/v2\/tags?post=30258"}],"curies":[{"name":"wp","href":"https:\/\/api.w.org\/{rel}","templated":true}]}}