{"id":30283,"date":"2021-06-27T11:35:31","date_gmt":"2021-06-27T09:35:31","guid":{"rendered":"https:\/\/blogs.diariosur.es\/tormentas-y-rayos\/?p=30283"},"modified":"2021-06-27T11:39:09","modified_gmt":"2021-06-27T09:39:09","slug":"el-tiempo-en-malaga-aviso-amarillo-por-altas-temperaturas-terral-2","status":"publish","type":"post","link":"https:\/\/blogs.diariosur.es\/tormentas-y-rayos\/2021\/06\/27\/el-tiempo-en-malaga-aviso-amarillo-por-altas-temperaturas-terral-2\/","title":{"rendered":"El tiempo en M\u00e1laga. Aviso amarillo por altas temperaturas. Terral"},"content":{"rendered":"<p><a href=\"https:\/\/static-blogs.diariosur.es\/wp-content\/uploads\/sites\/12\/2021\/06\/193954780_10222636052268941_1354368097572943509_n.jpg\"><img loading=\"lazy\" class=\"aligncenter size-thumbnail wp-image-30122\" src=\"https:\/\/static-blogs.diariosur.es\/wp-content\/uploads\/sites\/12\/2021\/06\/193954780_10222636052268941_1354368097572943509_n-150x150.jpg\" alt=\"\" width=\"150\" height=\"150\" \/><\/a><\/p>\n<p>Muy buenos d\u00edas de nuevo, amigos de la meteo. La aemet acaba de activar el aviso amarillo por altas temperaturas ( 37 grados )\u00a0 para ma\u00f1ana lunes en M\u00e1laga Capital y Guadalhorce.<\/p>\n<p>Esperemos que no se cumpla lo del pr\u00f3ximo fin de semana, los modelos dan m\u00e1s de 40 grados tres d\u00edas seguidos.<\/p>\n<p>Os dejo con la brontofobia.<\/p>\n<h3 class=\"voc-blogs-section\"><a href=\"https:\/\/blogs.diariosur.es\/tormentas-y-rayos\/2021\/06\/27\/la-brontofobia-sufrir-un-miedo-irracional-a-las-tormentas\/\"><span style=\"color: #0000ff;\">La brontofobia: Sufrir un miedo irracional a las tormentas.<\/span><\/a><\/h3>\n<p>&nbsp;<\/p>\n<p><a href=\"https:\/\/static-blogs.diariosur.es\/wp-content\/uploads\/sites\/12\/2021\/06\/Captura-5.jpg\"><img loading=\"lazy\" class=\"aligncenter size-full wp-image-30286\" src=\"https:\/\/static-blogs.diariosur.es\/wp-content\/uploads\/sites\/12\/2021\/06\/Captura-5.jpg\" alt=\"\" width=\"701\" height=\"545\" srcset=\"https:\/\/static-blogs.diariosur.es\/wp-content\/uploads\/sites\/12\/2021\/06\/Captura-5.jpg 701w, https:\/\/static-blogs.diariosur.es\/wp-content\/uploads\/sites\/12\/2021\/06\/Captura-5-514x400.jpg 514w\" sizes=\"(max-width: 701px) 100vw, 701px\" \/><\/a><\/p>\n<p>&nbsp;<\/p>\n<p>&nbsp;<\/p>\n<p>&nbsp;<\/p>\n","protected":false},"excerpt":{"rendered":"<p>Muy buenos d\u00edas de nuevo, amigos de la meteo. La aemet acaba de activar el aviso amarillo por altas temperaturas ( 37 grados )\u00a0 para ma\u00f1ana lunes en M\u00e1laga Capital y Guadalhorce. Esperemos que no se cumpla lo del pr\u00f3ximo fin de semana, los modelos dan m\u00e1s de 40 grados tres d\u00edas seguidos. Os dejo [&hellip;]<\/p>\n","protected":false},"author":16,"featured_media":30285,"comment_status":"open","ping_status":"open","sticky":false,"template":"","format":"standard","meta":[],"categories":[1],"tags":[81,94,151,358,587,962,975],"_links":{"self":[{"href":"https:\/\/blogs.diariosur.es\/tormentas-y-rayos\/wp-json\/wp\/v2\/posts\/30283"}],"collection":[{"href":"https:\/\/blogs.diariosur.es\/tormentas-y-rayos\/wp-json\/wp\/v2\/posts"}],"about":[{"href":"https:\/\/blogs.diariosur.es\/tormentas-y-rayos\/wp-json\/wp\/v2\/types\/post"}],"author":[{"embeddable":true,"href":"https:\/\/blogs.diariosur.es\/tormentas-y-rayos\/wp-json\/wp\/v2\/users\/16"}],"replies":[{"embeddable":true,"href":"https:\/\/blogs.diariosur.es\/tormentas-y-rayos\/wp-json\/wp\/v2\/comments?post=30283"}],"version-history":[{"count":4,"href":"https:\/\/blogs.diariosur.es\/tormentas-y-rayos\/wp-json\/wp\/v2\/posts\/30283\/revisions"}],"predecessor-version":[{"id":30289,"href":"https:\/\/blogs.diariosur.es\/tormentas-y-rayos\/wp-json\/wp\/v2\/posts\/30283\/revisions\/30289"}],"wp:featuredmedia":[{"embeddable":true,"href":"https:\/\/blogs.diariosur.es\/tormentas-y-rayos\/wp-json\/wp\/v2\/media\/30285"}],"wp:attachment":[{"href":"https:\/\/blogs.diariosur.es\/tormentas-y-rayos\/wp-json\/wp\/v2\/media?parent=30283"}],"wp:term":[{"taxonomy":"category","embeddable":true,"href":"https:\/\/blogs.diariosur.es\/tormentas-y-rayos\/wp-json\/wp\/v2\/categories?post=30283"},{"taxonomy":"post_tag","embeddable":true,"href":"https:\/\/blogs.diariosur.es\/tormentas-y-rayos\/wp-json\/wp\/v2\/tags?post=30283"}],"curies":[{"name":"wp","href":"https:\/\/api.w.org\/{rel}","templated":true}]}}