{"id":30300,"date":"2021-06-30T08:12:29","date_gmt":"2021-06-30T06:12:29","guid":{"rendered":"https:\/\/blogs.diariosur.es\/tormentas-y-rayos\/?p=30300"},"modified":"2021-06-30T18:25:22","modified_gmt":"2021-06-30T16:25:22","slug":"el-tiempo-en-malaga-valores-extremo-en-julio-efemerides-en-espana","status":"publish","type":"post","link":"https:\/\/blogs.diariosur.es\/tormentas-y-rayos\/2021\/06\/30\/el-tiempo-en-malaga-valores-extremo-en-julio-efemerides-en-espana\/","title":{"rendered":"El tiempo en M\u00e1laga, valores extremos en julio. Efem\u00e9rides en Espa\u00f1a."},"content":{"rendered":"<p><a href=\"https:\/\/static-blogs.diariosur.es\/wp-content\/uploads\/sites\/12\/2020\/11\/72999690_10217709542349272_7908844429161529344_o.jpg\"><img loading=\"lazy\" class=\"aligncenter size-thumbnail wp-image-28642\" src=\"https:\/\/static-blogs.diariosur.es\/wp-content\/uploads\/sites\/12\/2020\/11\/72999690_10217709542349272_7908844429161529344_o-150x150.jpg\" alt=\"\" width=\"150\" height=\"150\" \/><\/a><\/p>\n<p>Muy buenos d\u00edas, amigos de la meteo. Ya se ven algunos bancos de tar\u00f3 frente a la costa malague\u00f1a, esperemos que entren a tierra para fotografiarlos desde el Parador de Gibralfaro.<\/p>\n<p>La temperatura tan agradable que tenemos ahora mismo en toda la costa malague\u00f1a es gracias al terral, si amigos. La superficie del mar se ha puesto muy fr\u00eda, esto hace que las brisas marinas se enfr\u00eden y tengamos en estos momentos 19 grados. Cuando el mar esta muy caliente, es todo lo contrario, las brisas se calientan y es imposible conciliar el sue\u00f1o.<\/p>\n<p>Como ma\u00f1ana actualizar\u00e9 el blog dando la previsi\u00f3n del fin de semana, os adelanto los valores extremos de julio que a\u00fan no se han batido en el Aeropuerto. Y unas efem\u00e9rides muy curiosas que se han dado en julio en Espa\u00f1a, algunas impresionantes, merece la pena leerlo.<\/p>\n<h3><span style=\"color: #0000ff;\"><strong>Valores extremos en M\u00e1laga en un mes de julio<\/strong><\/span><\/h3>\n<p><strong>M\u00e1ximo n\u00famero de lluvias en el mes, a\u00f1o 2016, llovi\u00f3 6 d\u00edas<\/strong><\/p>\n<p><strong>M\u00e1ximo n\u00famero de dias tormentas se dieron en el a\u00f1o 1979 con 2 d\u00edas<\/strong><\/p>\n<p><strong>Precipitaci\u00f3n m\u00e1xima en un d\u00eda 22 litros en el a\u00f1o. A\u00f1o 1942 un 19 de julio<\/strong><\/p>\n<p><b>Racha m\u00e1xima de viento: Velocidad\u00a069 km\/h, Direcci\u00f3n 330 grados (19 jul. 2001 03:46)<\/b><\/p>\n<p><strong>Temperatura m\u00e1xima absoluta 44.2 grados, a\u00f1o 1978 un 18 de julio<\/strong><\/p>\n<p><strong>Temperatura media de las m\u00e1x. m\u00e1s alta (\u00b0C)\u00a033.3 (jul. 2015)<\/strong><\/p>\n<p><strong>Temperatura media de las m\u00edn. m\u00e1s baja (\u00b0C)\u00a0\u00a018.2 (jul. 1980)<\/strong><\/p>\n<p><strong>Temperatura media m\u00e1s alta (\u00b0C)\u00a0\u00a028.3 (jul. 2015)<\/strong><\/p>\n<p><strong>Temperatura\u00a0 media m\u00e1s baja (\u00b0C)\u00a0\u00a023.5 (jul. 1977)<\/strong><\/p>\n<p><strong>Temperatura m\u00edn. absoluta (\u00b0C)\u00a010.0 (18 jul. 1956)<\/strong><\/p>\n<h3><span style=\"color: #0000ff;\"><strong>Efem\u00e9rides en Espa\u00f1a<\/strong><\/span><\/h3>\n<ul>\n<li><strong><strong>1 de julio del 1979<br \/>\nTormenta que origina un aluvi\u00f3n que arrasa muchas viviendas en Valdepe\u00f1as (Ciudad Real), con la p\u00e9rdida de 23 vidas humanas. En Pollen\u00e7a (Mallorca) se recogen 155 l\/m2 .<\/strong>1\u00a0julio\u00a01979<\/strong><\/li>\n<\/ul>\n<ul>\n<li><strong>1\u00a0julio\u00a02009<\/strong><\/li>\n<\/ul>\n<p><strong>Fuerte granizada en Vitoria que provoca cuantiosos da\u00f1os en coches y viviendas.<\/strong><\/p>\n<ul>\n<li><strong>1\u00a0julio\u00a02013<\/strong><\/li>\n<\/ul>\n<p><strong>Fuerte granizada en Daroca (Zaragoza). Un rayo rompe un remate de la torre de la iglesia de Santa Mar\u00eda de los Sagrados Corporales.<\/strong><\/p>\n<ul>\n<li><strong>2\u00a0julio\u00a01991<\/strong><\/li>\n<\/ul>\n<p><strong>M\u00e1xima precipitaci\u00f3n de 82,4 l\/m2 en 24 horas, en Teruel.<\/strong><\/p>\n<ul>\n<li><strong>2\u00a0julio\u00a01999<\/strong><\/li>\n<\/ul>\n<p><strong>&#8220;Revent\u00f3n c\u00e1lido&#8221; en el entorno de San Javier (Murcia), con s\u00fabito aumento de temperaturas y reducci\u00f3n de la visibilidad por el polvo y los fuertes vientos.<\/strong><\/p>\n<ul>\n<li><strong>2\u00a0julio\u00a02010<\/strong><\/li>\n<\/ul>\n<p><strong>Precipitaci\u00f3n de 12,3 l\/m\u00b2 en 10 minutos en Torrej\u00f3n de Ardoz (Madrid).<\/strong><\/p>\n<ul>\n<li><strong>2\u00a0julio\u00a02015<\/strong><\/li>\n<\/ul>\n<p><strong>Durante la madrugada no se baja de los 26,5 \u00baC en Carcastillo (Ribera Alta navarra), fijando un nuevo r\u00e9cord de temperatura m\u00ednima m\u00e1s alta de julio y absoluta de todo el a\u00f1o.<\/strong><\/p>\n<ul>\n<li><strong>3\u00a0julio\u00a01977<\/strong><\/li>\n<\/ul>\n<p><strong>Importante granizada en Zaragoza, con pedrisco que rompe cristales techumbres y jardines, adem\u00e1s de inundaciones.<\/strong><\/p>\n<ul>\n<li><strong>3\u00a0julio\u00a01985<\/strong><\/li>\n<\/ul>\n<p><strong>Una &#8220;rissaga&#8221; en el puerto de Ciutadella (Menorca), con oscilaci\u00f3n m\u00e1xima de 3,10 metros, produjo da\u00f1os importantes en embarcaciones y veh\u00edculos.<\/strong><\/p>\n<ul>\n<li><strong>3\u00a0julio\u00a01994<\/strong><\/li>\n<\/ul>\n<p><strong>M\u00e1ximas Mallorca: 44,2 \u00baC en Muro, 41,6 \u00baC en Lluc y 41 \u00baC en Inca .<\/strong><\/p>\n<ul>\n<li><strong>3\u00a0julio\u00a02015<\/strong><\/li>\n<\/ul>\n<p><strong>La ola de calor que afecta a la Pen\u00ednsula entre 27 de junio y el 22 de julio, registra 20 d\u00edas con temperaturas superiores a 40 \u00baC en C\u00f3rdoba.<\/strong><\/p>\n<ul>\n<li><strong>4\u00a0julio\u00a01407<\/strong><\/li>\n<\/ul>\n<p><strong>Nube de langostas sobre Valencia que procede de la costa africana.<\/strong><\/p>\n<ul>\n<li><strong>4\u00a0julio\u00a01994<\/strong><\/li>\n<\/ul>\n<p><strong>M\u00e1ximas de 45,5 \u00baC en La Oliva (Fuerteventura), 40 \u00baC en Santa Eulalia (Ibiza), 42,6 \u00baC en Lluc (Mallorca) y 46,1 \u00baC en Alcantarilla (Murcia). En Murcia-Alfonso X se registran 47,2 \u00baC, r\u00e9cord absoluto de temperatura registrado en los principales observatorios de Espa\u00f1a. Resulta ser en conjunto uno de los d\u00edas m\u00e1s calurosos del siglo XX.<\/strong><\/p>\n<ul>\n<li><strong>4\u00a0julio\u00a02014<\/strong><\/li>\n<\/ul>\n<p><strong>Graves inundaciones del r\u00edo Bazt\u00e1n en Elizondo y Erratzu (Navarra). Se estiman los da\u00f1os en viviendas, comercios, veh\u00edculos, carreteras y caminos en unos 7,6 millones de euros. Las precipitaciones en la zona dejaron picos m\u00e1ximos de 20-30 l\/m2 en 1 hora, 70-80 l\/m2 en menos de 7 horas y unos 80-110 l\/m2 en 24 horas.<\/strong><\/p>\n<ul>\n<li><strong>4\u00a0julio\u00a02018<\/strong><\/li>\n<\/ul>\n<p><strong>Tornado en la Sierra de Entzia (\u00c1lava), el 2\u00ba oficialmente certificado en Euskadi. 200 metros de traza, 72 hect\u00e1reas destruidas, 18.000 metros c\u00fabicos de madera arrancada y una racha m\u00e1xima estimada de 180 km\/h.<\/strong><\/p>\n<ul>\n<li><strong>5\u00a0julio\u00a01977<\/strong><\/li>\n<\/ul>\n<p><strong>En el Alto Ebro (Navarra, La Rioja y La Rioja alavesa), hasta 32 t\u00e9rminos municipales se ven afectados por el granizo.<\/strong><\/p>\n<ul>\n<li><strong>5\u00a0julio\u00a01994<\/strong><\/li>\n<\/ul>\n<p><strong>Segunda m\u00e1xima hist\u00f3rica de 44 \u00baC en M\u00e1laga-aeropuerto.<\/strong><\/p>\n<ul>\n<li><strong>5\u00a0julio\u00a02003<\/strong><\/li>\n<\/ul>\n<p><strong>Violenta granizada sobre Morella (Castell\u00f3n) que deja 82,7 l\/m2.<\/strong><\/p>\n<ul>\n<li><strong>6\u00a0julio\u00a01993<\/strong><\/li>\n<\/ul>\n<p><strong>Trece ba\u00f1istas perecieron ahogados y siete desaparecieron en las costas catalanas durante el temporal de viento, con una racha m\u00e1xima de 130 km\/h en Vandell\u00f3s (Tarragona).<\/strong><\/p>\n<ul>\n<li><strong>6\u00a0julio\u00a02013<\/strong><\/li>\n<\/ul>\n<p><strong>M\u00ednima de 28,1 \u00baC en Fisterra (A Coru\u00f1a).<\/strong><\/p>\n<ul>\n<li><strong>7\u00a0julio\u00a01930<\/strong><\/li>\n<\/ul>\n<p><strong>Una tormenta deja 105,2 l\/m2 en Lluc (Mallorca).<\/strong><\/p>\n<ul>\n<li><strong>7\u00a0julio\u00a01982<\/strong><\/li>\n<\/ul>\n<p><strong>M\u00e1ximas de 42,8 \u00baC en Lleida, 43 \u00baC en Tortosa (Tarragona) y 39,8 \u00baC en Fabra (Barcelona).<\/strong><\/p>\n<ul>\n<li><strong>7\u00a0julio\u00a01989<\/strong><\/li>\n<\/ul>\n<p><strong>Fuerte &#8220;rissaga&#8221; en el puerto de Ciutadella (Menorca). La elevaci\u00f3n de las aguas del mar invade muelles y casas del \u00e1rea portuaria.<\/strong><\/p>\n<ul>\n<li><strong>7\u00a0julio\u00a02011<\/strong><\/li>\n<\/ul>\n<p><strong>Ola de calor en el sureste. Se registran 43\u00baC en Albox (Almeria)<\/strong><\/p>\n<ul>\n<li><strong>7\u00a0julio\u00a02015<\/strong><\/li>\n<\/ul>\n<p><strong>M\u00e1xima de 44,5 \u00baC en Zaragoza-aeropuerto que es la m\u00e1s alta desde que existen registros (1951). Temperaturas de 45 \u00baC en Linares (Ja\u00e9n), 44 \u00baC en Teba (M\u00e1laga) y 43,9 \u00baC en Granada<\/strong><\/p>\n<ul>\n<li><strong>8\u00a0julio\u00a01982<\/strong><\/li>\n<\/ul>\n<p><strong>M\u00e1ximas en Mallorca: 44 \u00baC en Manacor y 43,8 \u00baC en Inca.<\/strong><\/p>\n<ul>\n<li><strong>8\u00a0julio\u00a02002<\/strong><\/li>\n<\/ul>\n<p><strong>Caen 5.365 rayos en La Rioja.<\/strong><\/p>\n<ul>\n<li><strong>8\u00a0julio\u00a02010<\/strong><\/li>\n<\/ul>\n<p><strong>M\u00ednima de 24,8\u00baC en la Ciudad Universitaria de Madrid.<\/strong><\/p>\n<ul>\n<li><strong>9\u00a0julio\u00a01904<\/strong><\/li>\n<\/ul>\n<p><strong>Inundaciones en la provincia de Valladolid.<\/strong><\/p>\n<ul>\n<li><strong>9\u00a0julio\u00a01982<\/strong><\/li>\n<\/ul>\n<p><strong>M\u00e1xima de 39,2 \u00baC en La Savina (Formentera).<\/strong><\/p>\n<ul>\n<li><strong>9\u00a0julio\u00a02016<\/strong><\/li>\n<\/ul>\n<p><strong>Ola de calor en muchos puntos de Andaluc\u00eda. Se registran 44\u00baC en Pinos Puente (Granada) y 43,5\u00baC en Villatorres (Ja\u00e9n).<\/strong><\/p>\n<ul>\n<li><strong>10\u00a0julio\u00a01923<\/strong><\/li>\n<\/ul>\n<p><strong>Zaragoza mide 122 l\/m2 de agua con granizo que provoca riadas del G\u00e1llego y el Ebro; arrasan el pueblo de Mozarrifar y se hunden 33 casas.<\/strong><\/p>\n<ul>\n<li><strong>11\u00a0julio\u00a01792<\/strong><\/li>\n<\/ul>\n<p><strong>Inundaci\u00f3n de Tarragona.<\/strong><\/p>\n<ul>\n<li><strong>11\u00a0julio\u00a01954<\/strong><\/li>\n<\/ul>\n<p><strong>Racha de viento que superior a 160 km\/h en Zaragoza. El Far de Illa Cabrera (Baleares) recoge 104,4 l\/m2.<\/strong><\/p>\n<ul>\n<li><strong>11\u00a0julio\u00a01993<\/strong><\/li>\n<\/ul>\n<p><strong>Heladas d\u00e9biles en Castilla y Le\u00f3n, llegando a alcanzar -2.0 \u00baC en el norte de Palencia y Le\u00f3n. Burgos-Villafr\u00eda registra una m\u00ednima de 0,1 \u00baC y \u00c1vila, 1 \u00baC.<\/strong><\/p>\n<ul>\n<li><strong>11\u00a0julio\u00a02006<\/strong><\/li>\n<\/ul>\n<p><strong>M\u00e1xima de 42,2 \u00baC en la Base Naval de Rota (C\u00e1diz).<\/strong><\/p>\n<ul>\n<li><strong>11\u00a0julio\u00a02010<\/strong><\/li>\n<\/ul>\n<p><strong>M\u00e1xima de 42,9 \u00baC San Bartolom\u00e9 de Tirajana (Gran Canaria).<\/strong><\/p>\n<ul>\n<li><strong>12\u00a0julio\u00a01908<\/strong><\/li>\n<\/ul>\n<p><strong>Galerna en el Cant\u00e1brico. Las violentas rachas del noroeste provocan desgracias en el mar.<\/strong><\/p>\n<ul>\n<li><strong>12\u00a0julio\u00a01961<\/strong><\/li>\n<\/ul>\n<p><strong>En plena costera del bonito, una galerna se cobra la vida de 83 marineros en el Cant\u00e1brico, entre los d\u00edas 12 y 15, consider\u00e1ndose la mayor tragedia pesquera del siglo XX. M\u00e1xima de 40,5 \u00baC en San Javier (Murcia).<\/strong><\/p>\n<ul>\n<li><strong>12\u00a0julio\u00a01986<\/strong><\/li>\n<\/ul>\n<p><strong>Caen 114,2 l\/m2 en Dei\u00e0 Son Bujosa y 110 l\/m2 en Fornalutx Binibass\u00ed (Mallorca).<\/strong><\/p>\n<ul>\n<li><strong>12\u00a0julio\u00a01999<\/strong><\/li>\n<\/ul>\n<p><strong>Tormenta con lluvia y granizo en Valladolid con una precipitaci\u00f3n total de 44,9 l\/m2 y una intensidad m\u00e1xima de 108,6 l\/m2\/h.<\/strong><\/p>\n<ul>\n<li><strong>13\u00a0julio\u00a01975<\/strong><\/li>\n<\/ul>\n<p><strong>M\u00e1xima absoluta del Pa\u00eds Vasco con 44 \u00baC en Balmaseda (Bizkaia).<\/strong><\/p>\n<ul>\n<li><strong>13\u00a0julio\u00a02017<\/strong><\/li>\n<\/ul>\n<p><strong>Una ola de calor que se extiende desde el 12 hasta el 16 de julio deja este d\u00eda una m\u00e1xima en C\u00f3rdoba-aeropuerto de 46,9\u00baC, la mayor temperatura alcanzada en un observatorio de la red principal. Se superan los 45\u00baC en muchas otras zonas de la mitad sur.<\/strong><\/p>\n<ul>\n<li><strong>14\u00a0julio\u00a01541<\/strong><\/li>\n<\/ul>\n<p><strong>Lluvia y pedrisco en Valencia.<\/strong><\/p>\n<ul>\n<li><strong>14\u00a0julio\u00a02001<\/strong><\/li>\n<\/ul>\n<p><strong>Caen 6.417 rayos en la provincia de Lleida.<\/strong><\/p>\n<ul>\n<li><strong>14\u00a0julio\u00a02002<\/strong><\/li>\n<\/ul>\n<p><strong>Racha m\u00e1xima de 122 km\/h en Teruel.<\/strong><\/p>\n<ul>\n<li><strong>15\u00a0julio\u00a01616<\/strong><\/li>\n<\/ul>\n<p><strong>Avenida poco importante del Turia.<\/strong><\/p>\n<ul>\n<li><strong>15\u00a0julio\u00a01997<\/strong><\/li>\n<\/ul>\n<p><strong>Palencia registra 70,3 l\/m2 y Valladolid-Villanubla 49,3 l\/m2, con una intensidad de 153,6 l\/m2\/h en forma de lluvia y granizo.<\/strong><\/p>\n<ul>\n<li><strong>15\u00a0julio\u00a02001<\/strong><\/li>\n<\/ul>\n<p><strong>Temporal de alisio, con rachas de entre 70 y 112 km\/h, en el litoral sureste de Tenerife.<\/strong><\/p>\n<ul>\n<li><strong>15\u00a0julio\u00a02003<\/strong><\/li>\n<\/ul>\n<p><strong>Precipitaci\u00f3n m\u00e1xima de 50,6 l\/m2 en A Coru\u00f1a-aeropuerto y de 6,6 l\/m2 en La Palma-aeropuerto.<\/strong><\/p>\n<ul>\n<li><strong>16\u00a0julio\u00a01803<\/strong><\/li>\n<\/ul>\n<p><strong>Inundaciones en el Bes\u00f3s (Barcelona).<\/strong><\/p>\n<ul>\n<li><strong>16\u00a0julio\u00a02001<\/strong><\/li>\n<\/ul>\n<p><strong>Se recogen 116,2 l\/m2 en La Savina (Formentera) y 104 l\/m2 en Sant Josep (Ibiza).<\/strong><\/p>\n<ul>\n<li><strong>16\u00a0julio\u00a02005<\/strong><\/li>\n<\/ul>\n<p><strong>&#8220;Revent\u00f3n c\u00e1lido&#8221; en la carretera nacional 340, entre Alhama y Totana (Murcia), que destroza las se\u00f1ales y causa da\u00f1os en veh\u00edculos.<\/strong><\/p>\n<ul>\n<li><strong>16\u00a0julio\u00a02013<\/strong><\/li>\n<\/ul>\n<p><strong>Tormenta con intensidad de 99,6 l\/m\u00b2\/h y una racha m\u00e1xima de 122 Km\/h de forma simult\u00e1nea en Miranda de Ebro (Burgos).<\/strong><\/p>\n<ul>\n<li><strong>17\u00a0julio\u00a01357<\/strong><\/li>\n<\/ul>\n<p><strong>Plaga de langosta en Tortosa (Tarragona).<\/strong><\/p>\n<ul>\n<li><strong>17\u00a0julio\u00a01617<\/strong><\/li>\n<\/ul>\n<p><strong>Una riada en Valencia se lleva las 3\/4 partes de la madera que hab\u00eda en el cauce del Turia.<\/strong><\/p>\n<ul>\n<li><strong>17\u00a0julio\u00a01978<\/strong><\/li>\n<\/ul>\n<p><strong>M\u00e1ximas superiores a 40 \u00baC en varias estaciones de Tenerife.<\/strong><\/p>\n<ul>\n<li><strong>17\u00a0julio\u00a02006<\/strong><\/li>\n<\/ul>\n<p><strong>M\u00e1xima de 39,5 \u00baC en Pontevedra.<\/strong><\/p>\n<ul>\n<li><strong>17\u00a0julio\u00a02012<\/strong><\/li>\n<\/ul>\n<p><strong>M\u00e1xima de 43,5 \u00baC en San Bartolom\u00e9 Tirajana (Gran Canaria).<\/strong><\/p>\n<ul>\n<li><strong>18\u00a0julio\u00a01978<\/strong><\/li>\n<\/ul>\n<p><strong>M\u00e1xima hist\u00f3rica de 44,2 \u00baC en M\u00e1laga-aeropuerto.<\/strong><\/p>\n<ul>\n<li><strong>18\u00a0julio\u00a02016<\/strong><\/li>\n<\/ul>\n<p><strong>Se alcanzan 40,5\u00baC en Ter\u00e1n de Cabu\u00e9rniga (Cantabria), que iguala el mismo registro del 31 de julio de 2013.<\/strong><\/p>\n<ul>\n<li><strong>19\u00a0julio\u00a01551<\/strong><\/li>\n<\/ul>\n<p><strong>Cae un rayo en el postiguillo de la puerta de la ciudad de Soria y lo destroza.<\/strong><\/p>\n<ul>\n<li><strong>20\u00a0julio\u00a01628<\/strong><\/li>\n<\/ul>\n<p><strong>Un gran pedrisco asola los campos de Calahorra (La Rioja).<\/strong><\/p>\n<ul>\n<li><strong>20\u00a0julio\u00a01991<\/strong><\/li>\n<\/ul>\n<p><strong>Vientos de hasta 100 km\/h azotan Madrid. Varias zonas de la capital quedan sin suministro el\u00e9ctrico.<\/strong><\/p>\n<ul>\n<li><strong>20\u00a0julio\u00a02015<\/strong><\/li>\n<\/ul>\n<p><strong>Efem\u00e9ride absoluta de m\u00ednima m\u00e1s alta de 21,7 \u00baC en el observatorio de Ourense.<\/strong><\/p>\n<ul>\n<li><strong>20\u00a0julio\u00a02016<\/strong><\/li>\n<\/ul>\n<p><strong>Temporal de viento del d\u00eda 3 al 6 en Extremadura, con las siguientes efem\u00e9rides de racha m\u00e1xima: Serradilla (98 Km\/h) y Valencia de Alc\u00e1ntara y Castuera, ambas con 91 Km\/h. En la madrugada de ese d\u00eda la temperatura no baja de 25,1 \u00baC en \u00c1vila y de 24,1 \u00baC en Segovia. En Almagro, la m\u00ednima es de 26.4 \u00ba C en Almagro y de 26.9 \u00ba C en Ciudad Real<\/strong><\/p>\n<ul>\n<li><strong>21\u00a0julio\u00a01577<\/strong><\/li>\n<\/ul>\n<p><strong>Una tormenta descarga un rayo en la esquina de la torre de la Botica del Monasterio de El Escorial. En San Mart\u00edn de Valdeiglesias (Madrid), el pedrisco arrasa la cosecha de vino.<\/strong><\/p>\n<ul>\n<li><strong>21\u00a0julio\u00a01898<\/strong><\/li>\n<\/ul>\n<p><strong>Violenta tormenta sobre Madrid, con vientos muy fuertes que derriban farolas, vallas, \u00e1rboles y cornisas. Causa algunos heridos.<\/strong><\/p>\n<ul>\n<li><strong>21\u00a0julio\u00a02013<\/strong><\/li>\n<\/ul>\n<p><strong>Un rayo alcanza a un ni\u00f1o en el Pico Pertrechena en Ans\u00f3 (Huesca) y, aunque precisa atenci\u00f3n m\u00e9dica, se recupera.<\/strong><\/p>\n<ul>\n<li><strong>21\u00a0julio\u00a02016<\/strong><\/li>\n<\/ul>\n<p><strong>M\u00ednima en Teruel de 20\u00baC, la m\u00e1s alta registrada en un mes de julio.<\/strong><\/p>\n<ul>\n<li><strong>22\u00a0julio\u00a01956<\/strong><\/li>\n<\/ul>\n<p><strong>Se recogen 117,5 l\/m2 en Banyalbufar Son Creus y 105 l\/m2 en S\u00f3ller Far de Sa Creu y Valldemossa Son Mas (Mallorca).<\/strong><\/p>\n<ul>\n<li><strong>22\u00a0julio\u00a01967<\/strong><\/li>\n<\/ul>\n<p><strong>M\u00e1xima de 44 \u00baC en Sa Pobla y 43,2 \u00baC en Inca (Mallorca).<\/strong><\/p>\n<ul>\n<li><strong>22\u00a0julio\u00a01997<\/strong><\/li>\n<\/ul>\n<p><strong>Caen unos 20.000 rayos en toda Espa\u00f1a. En la zona de Madrid, 1.735 en 11 horas.<\/strong><\/p>\n<ul>\n<li><strong>22\u00a0julio\u00a02002<\/strong><\/li>\n<\/ul>\n<p><strong>En la playa de O Bao de la isla de Arousa (Pontevedra), un rayo mata a un muchacho cuando se encontraba mariscando.<\/strong><\/p>\n<ul>\n<li><strong>22\u00a0julio\u00a02006<\/strong><\/li>\n<\/ul>\n<p><strong>M\u00ednima de 11 \u00baC en Sa Pobla-Sa Canova (Baleares).<\/strong><\/p>\n<ul>\n<li><strong>23\u00a0julio\u00a01995<\/strong><\/li>\n<\/ul>\n<p><strong>Se alcanzan en Sevilla y C\u00f3rdoba m\u00e1ximas de 46,6 \u00b0C. En varios puntos de Extremadura se miden 44 \u00baC.<\/strong><\/p>\n<ul>\n<li><strong>23\u00a0julio\u00a02000<\/strong><\/li>\n<\/ul>\n<p><strong>Racha de 136 km\/h en San Nicol\u00e1s de Tolentino (Gran Canaria).<\/strong><\/p>\n<ul>\n<li><strong>23\u00a0julio\u00a02001<\/strong><\/li>\n<\/ul>\n<p><strong>Melilla sufre dos subidas bruscas de temperatura. En la primera, a las 08h 24m, el term\u00f3metro sube 17 \u00baC, pasando de 24 \u00baC a 41 \u00baC. A las 10h se repite el fen\u00f3meno, esta vez con una subida de 15 \u00baC.<\/strong><\/p>\n<ul>\n<li><strong>23\u00a0julio\u00a02003<\/strong><\/li>\n<\/ul>\n<p><strong>Tornado de categor\u00eda F-3 en el Valdealgorfa (Teruel). Produce numerosos da\u00f1os a lo largo de 12 km, en una zona de cultivos de almendro y olivar.<\/strong><\/p>\n<ul>\n<li><strong>23\u00a0julio\u00a02008<\/strong><\/li>\n<\/ul>\n<p><strong>M\u00e1xima de 40,6 \u00baC en Castell\u00f3n, el valor m\u00e1s alto registrado en esta ciudad.<\/strong><\/p>\n<ul>\n<li><strong>23\u00a0julio\u00a02009<\/strong><\/li>\n<\/ul>\n<p><strong>Ola de calor hasta el d\u00eda 29, con temperaturas superiores a 44 \u00baC, en el prelitoral de Valencia y Alicante. Tambi\u00e9n en Baleares, con m\u00e1xima de 42,6 \u00baC en Manacor (Mallorca).<\/strong><\/p>\n<ul>\n<li><strong>23\u00a0julio\u00a02013<\/strong><\/li>\n<\/ul>\n<p><strong>Severa granizada en el entorno de Zuf\u00eda (Navarra) con pedrisco del tama\u00f1o de huevos de paloma que arrasa campos de cereal y huertas.<\/strong><\/p>\n<ul>\n<li><strong>23\u00a0julio\u00a02017<\/strong><\/li>\n<\/ul>\n<p><strong>L\u00ednea de turbonada que atraves\u00f3 Teruel, Castell\u00f3n y Tarragona el d\u00eda 23 de julio. A su paso por el aeropuerto de Reus dej\u00f3 rachas de viento de 113 km\/h\u00a0\u00a0y una precipitaci\u00f3n de 27,2 l\/m2 en 10 minutos.<\/strong><\/p>\n<ul>\n<li><strong>24\u00a0julio\u00a01602<\/strong><\/li>\n<\/ul>\n<p><strong>En Barcelona y Maresme, temporal de viento, lluvia y pedrisco que causa grandes da\u00f1os.<\/strong><\/p>\n<ul>\n<li><strong>24\u00a0julio\u00a01984<\/strong><\/li>\n<\/ul>\n<p><strong>M\u00e1ximas en Mallorca, con 42 \u00baC en Felanitx Can Adrover y 43,8 \u00baC en Manacor.<\/strong><\/p>\n<ul>\n<li><strong>24\u00a0julio\u00a01995<\/strong><\/li>\n<\/ul>\n<p><strong>M\u00e1ximas de 37,6 \u00baC en \u00c1vila, 42,4 \u00baC Toledo, 38,6 \u00baC Segovia, 39,4 \u00baC Valladodid-Villanubla y 41,0 \u00baC en Zamora.<\/strong><\/p>\n<ul>\n<li><strong>24\u00a0julio\u00a02004<\/strong><\/li>\n<\/ul>\n<p><strong>Ola de calor de 5 d\u00edas que afecta al archipi\u00e9lago Canario y causa siete muertes. Las m\u00ednimas no bajan de los 27 \u00baC.<\/strong><\/p>\n<ul>\n<li><strong>25\u00a0julio\u00a01986<\/strong><\/li>\n<\/ul>\n<p><strong>Intensas granizadas en las comarcas del sur de Valencia y norte de Alicante. Algunas &#8220;piedras&#8221; tienen 12 cm de di\u00e1metro y 300 gr de peso.<\/strong><\/p>\n<ul>\n<li><strong>25\u00a0julio\u00a01995<\/strong><\/li>\n<\/ul>\n<p><strong>Ola de calor, desde el d\u00eda 16, que causa 28 v\u00edctimas en Andaluc\u00eda, 2 en Madrid y 3 en Arag\u00f3n. Muchas personas son hospitalizadas. Galerna en la costa vasca con vientos medios de 80 km\/h y racha de 92 km\/h en Hondarribia (Guip\u00fazcoa).<\/strong><\/p>\n<ul>\n<li><strong>25\u00a0julio\u00a02004<\/strong><\/li>\n<\/ul>\n<p><strong>M\u00e1ximas de 44 \u00baC en Badajoz, 43,8 \u00baC en Huelva y 42,9 \u00baC en Lanzarote.<\/strong><\/p>\n<ul>\n<li><strong>26\u00a0julio\u00a01782<\/strong><\/li>\n<\/ul>\n<p><strong>Granizada en Madrid, descrita por Salanova.<\/strong><\/p>\n<ul>\n<li><strong>26\u00a0julio\u00a01996<\/strong><\/li>\n<\/ul>\n<p><strong>Racha m\u00e1xima de 72 l\/m2 en 24 h en Calamocha (Teruel).<\/strong><\/p>\n<ul>\n<li><strong>26\u00a0julio\u00a01881<\/strong><\/li>\n<\/ul>\n<p><strong>Se alcanzan los 43 \u00baC en la ciudad de Valencia, su registro m\u00e1s alto que se repite el 27 de agosto de 2010.<\/strong><\/p>\n<ul>\n<li><strong>26\u00a0julio\u00a01983<\/strong><\/li>\n<\/ul>\n<p><strong>M\u00e1ximas de 39,6 \u00baC en el aeropuerto de Menorca y 41,3 \u00baC en Sant Llu\u00eds.<\/strong><\/p>\n<ul>\n<li><strong>26\u00a0julio\u00a02011<\/strong><\/li>\n<\/ul>\n<p><strong>M\u00e1xima de 108 l\/m2 en 24 horas en Girona. Fuerte tormenta en el centro de Menorca que desborda el torrente de Binimel\u00b7l\u00e0, arrastra varios coches y deja una m\u00e1xima de 111,5 l\/m2 en 24 h en Mercadal.<\/strong><\/p>\n<ul>\n<li><strong>27\u00a0julio\u00a01610<\/strong><\/li>\n<\/ul>\n<p><strong>Crecida del Turia en Valencia.<\/strong><\/p>\n<ul>\n<li><strong>28\u00a0julio\u00a02015<\/strong><\/li>\n<\/ul>\n<p><strong>M\u00ednima de 26,7\u00baC en el observatorio de Alcantarilla, la m\u00e1s alta de su serie (desde 1942).<\/strong><\/p>\n<ul>\n<li><strong>29\u00a0julio\u00a01876<\/strong><\/li>\n<\/ul>\n<p><strong>M\u00e1xima absoluta en el observatorio de Murcia, &#8220;Murcia Instituto&#8221;\u00a0 de 47,8\u00baC<\/strong><\/p>\n<ul>\n<li><strong>29\u00a0julio\u00a01908<\/strong><\/li>\n<\/ul>\n<p><strong>M\u00e1ximas de 46 \u00baC en Badajoz-capital, 37,4 \u00baC en San Sebasti\u00e1n (Santa Cruz de Tenerife), 42,9 \u00baC en el aeropuerto de Tenerife-sur y 43,2 \u00baC en San Bartolom\u00e9 de Tirajana (Las Palmas).<\/strong><\/p>\n<ul>\n<li><strong>29\u00a0julio\u00a02007<\/strong><\/li>\n<\/ul>\n<p><strong>Ola de calor de tres d\u00edas en Canarias con m\u00e1xima de 46,5 \u00baC en Agaete (Las Palmas); se registran 43,2 \u00baC en San Bartolom\u00e9 de Tirajana (Las Palmas) y 42,9 \u00baC en el aeropuerto de Tenerife-sur.<\/strong><\/p>\n<ul>\n<li><strong>30\u00a0julio\u00a01981<\/strong><\/li>\n<\/ul>\n<p><strong>M\u00e1xima de 41,2 \u00baC en la ciudad de Almer\u00eda.<\/strong><\/p>\n<ul>\n<li><strong>30\u00a0julio\u00a01983<\/strong><\/li>\n<\/ul>\n<p><strong>M\u00e1xima de 40,6 \u00baC en Palma-aeropuerto (Mallorca).<\/strong><\/p>\n<ul>\n<li><strong>30\u00a0julio\u00a02009<\/strong><\/li>\n<\/ul>\n<p><strong>M\u00e1xima de 45,4 \u00baC en Arona (Tenerife).<\/strong><\/p>\n<ul>\n<li><strong>30\u00a0julio\u00a02011<\/strong><\/li>\n<\/ul>\n<p><strong>Tormenta acompa\u00f1ada de trombas marinas en Barcelona. Se recogen 178 l\/m2\/h en la Delegaci\u00f3n de AEMET y se miden 30 l\/m2 en 10 minutos, con viento de 116 km\/h.<\/strong><\/p>\n<ul>\n<li><strong>31\u00a0julio\u00a01915<\/strong><\/li>\n<\/ul>\n<p><strong>Extraordinaria tormenta que pr\u00e1cticamente asola la localidad de Zuera (Zaragoza).<\/strong><\/p>\n<ul>\n<li><strong>31\u00a0julio\u00a02002<\/strong><\/li>\n<\/ul>\n<p><strong>En Mallorca, una tormenta deja 127 l\/m2 en Albarca, 110 l\/m2 en Ca Nova y 100 l\/m2 en Lluc.<\/strong><\/p>\n<ul>\n<li><strong>31\u00a0julio\u00a02003<\/strong><\/li>\n<\/ul>\n<p><strong>M\u00e1xima de 40,4 \u00baC en Madrid-Ciudad Universitaria.<\/strong><\/p>\n<ul>\n<li><strong>31\u00a0julio\u00a02009<\/strong><\/li>\n<\/ul>\n<p><strong>M\u00e1xima de 44 \u00baC en Yaiza (Lanzarote).<\/strong><\/p>\n<ul>\n<li><strong>31\u00a0julio\u00a02013<\/strong><\/li>\n<\/ul>\n<p><strong>M\u00e1xima de 42,0 \u00baC en Amieva-Camporriondi (Asturias), la m\u00e1s alta registrada en Asturias desde 1910.<\/strong><\/p>\n<ul>\n<li><strong>31\u00a0julio\u00a02015<\/strong><\/li>\n<\/ul>\n<p><strong>Alrededor de las 14:45 h una fuerte tormenta deja granizo de tama\u00f1o de pelotas de golf en Ribaforada, Bu\u00f1uel y Fusti\u00f1ana (Ribera Baja navarra), provocando da\u00f1os en lunas y chapas de coches, y en muchas hect\u00e1reas de huerta y ma\u00edz. En Yecla (Murcia) una fuerte tormenta deja granizo de 6 cm di\u00e1metro.<\/strong><\/p>\n<p><strong>\u00a0<\/strong><\/p>\n","protected":false},"excerpt":{"rendered":"<p>Muy buenos d\u00edas, amigos de la meteo. Ya se ven algunos bancos de tar\u00f3 frente a la costa malague\u00f1a, esperemos que entren a tierra para fotografiarlos desde el Parador de Gibralfaro. La temperatura tan agradable que tenemos ahora mismo en toda la costa malague\u00f1a es gracias al terral, si amigos. La superficie del mar se [&hellip;]<\/p>\n","protected":false},"author":16,"featured_media":30138,"comment_status":"open","ping_status":"open","sticky":false,"template":"","format":"standard","meta":[],"categories":[1],"tags":[1525,1340,358,375,1324,587,809,945,1323],"_links":{"self":[{"href":"https:\/\/blogs.diariosur.es\/tormentas-y-rayos\/wp-json\/wp\/v2\/posts\/30300"}],"collection":[{"href":"https:\/\/blogs.diariosur.es\/tormentas-y-rayos\/wp-json\/wp\/v2\/posts"}],"about":[{"href":"https:\/\/blogs.diariosur.es\/tormentas-y-rayos\/wp-json\/wp\/v2\/types\/post"}],"author":[{"embeddable":true,"href":"https:\/\/blogs.diariosur.es\/tormentas-y-rayos\/wp-json\/wp\/v2\/users\/16"}],"replies":[{"embeddable":true,"href":"https:\/\/blogs.diariosur.es\/tormentas-y-rayos\/wp-json\/wp\/v2\/comments?post=30300"}],"version-history":[{"count":4,"href":"https:\/\/blogs.diariosur.es\/tormentas-y-rayos\/wp-json\/wp\/v2\/posts\/30300\/revisions"}],"predecessor-version":[{"id":30304,"href":"https:\/\/blogs.diariosur.es\/tormentas-y-rayos\/wp-json\/wp\/v2\/posts\/30300\/revisions\/30304"}],"wp:featuredmedia":[{"embeddable":true,"href":"https:\/\/blogs.diariosur.es\/tormentas-y-rayos\/wp-json\/wp\/v2\/media\/30138"}],"wp:attachment":[{"href":"https:\/\/blogs.diariosur.es\/tormentas-y-rayos\/wp-json\/wp\/v2\/media?parent=30300"}],"wp:term":[{"taxonomy":"category","embeddable":true,"href":"https:\/\/blogs.diariosur.es\/tormentas-y-rayos\/wp-json\/wp\/v2\/categories?post=30300"},{"taxonomy":"post_tag","embeddable":true,"href":"https:\/\/blogs.diariosur.es\/tormentas-y-rayos\/wp-json\/wp\/v2\/tags?post=30300"}],"curies":[{"name":"wp","href":"https:\/\/api.w.org\/{rel}","templated":true}]}}