{"id":30318,"date":"2021-07-02T07:47:33","date_gmt":"2021-07-02T05:47:33","guid":{"rendered":"https:\/\/blogs.diariosur.es\/tormentas-y-rayos\/?p=30318"},"modified":"2021-07-02T12:00:35","modified_gmt":"2021-07-02T10:00:35","slug":"aviso-amarillo-por-altas-y-minimas-temperaturas-el-terral-protagonista-en-la-provincia-de-malaga","status":"publish","type":"post","link":"https:\/\/blogs.diariosur.es\/tormentas-y-rayos\/2021\/07\/02\/aviso-amarillo-por-altas-y-minimas-temperaturas-el-terral-protagonista-en-la-provincia-de-malaga\/","title":{"rendered":"Aviso naranja y amarillo por altas y m\u00ednimas temperaturas. El terral protagonista en la provincia de M\u00e1laga."},"content":{"rendered":"<p><a href=\"https:\/\/static-blogs.diariosur.es\/wp-content\/uploads\/sites\/12\/2021\/06\/193954780_10222636052268941_1354368097572943509_n.jpg\"><img loading=\"lazy\" class=\"aligncenter size-thumbnail wp-image-30122\" src=\"https:\/\/static-blogs.diariosur.es\/wp-content\/uploads\/sites\/12\/2021\/06\/193954780_10222636052268941_1354368097572943509_n-150x150.jpg\" alt=\"\" width=\"150\" height=\"150\" \/><\/a><\/p>\n<p>\u00daltima hora: Se activa el aviso naranja en el valle del guadalhorce y M\u00e1laga capital.<\/p>\n<p>Muy buenos d\u00edas, amigos de la meteo. El mar sigue fr\u00edo, contribuyendo a que podamos conciliar el sue\u00f1o a los malague\u00f1os que vivimos en la costa, las brisas marinas llegan muy fresquitas.\u00a0Ahora mismo a las siete de la ma\u00f1ana tenemos 19.4 grados.<\/p>\n<p>Ayer por la noche, mi amigo Pepe Rueda me comentaba que viendo el cine de verano en la playa de la misericordia, tuvieron que ponerse una rebeca, este hombre es muy friolero jijij. Aunque sea pesao, esto ha sido gracias al terral que ha hecho aflorar aguas m\u00e1s fr\u00edas en la costa de M\u00e1laga.<\/p>\n<p>Ma\u00f1ana con la entrada del terral, espero m\u00ednimas muy altas durante la madrugada del domingo en zonas habituales, pueden rondar los 24 y 27 grados, para ver el cine de verano tendremos que estar en ba\u00f1ador, lo mejor, que no sudaremos y tendremos el agua cerca.<\/p>\n<p>La aemet adem\u00e1s de activar el aviso por altas temperaturas para ma\u00f1ana s\u00e1bado y el domingo, tambi\u00e9n lo activa por m\u00ednimas muy altas durante la madrugada de estos d\u00edas.<\/p>\n<p><strong>Ma\u00f1ana adelantare la previsi\u00f3n del lunes, martes, mi\u00e9rcoles y jueves. El lunes podemos tener una peque\u00f1a &#8220;tregua&#8221; de nuestro amigo, pero todo hace indicar que volver\u00e1 el martes, mi\u00e9rcoles y jueves.<\/strong><\/p>\n<p>Os doy la previsi\u00f3n para hoy viernes.<\/p>\n<p>En la comarca de Antequera se registrar\u00e1n hoy viernes las m\u00e1ximas m\u00e1s altas de nuestra provincia. En zonas de costa de la provincia de M\u00e1laga hay probabilidad de que tengamos, brumas, nubes bajas e incluso tar\u00f3. Por la tarde noche ya espero que entre viento de componente oeste, el terral llamar\u00e1 a la puerta.<\/p>\n<p>Os dejo con esta preciosas foto de mi amigo Cristobal Gambero.<\/p>\n<p>&nbsp;<\/p>\n<p><a href=\"https:\/\/static-blogs.diariosur.es\/wp-content\/uploads\/sites\/12\/2021\/07\/206852656_4057039407678356_5700264042798452141_n.jpg\"><img loading=\"lazy\" class=\"aligncenter size-full wp-image-30319\" src=\"https:\/\/static-blogs.diariosur.es\/wp-content\/uploads\/sites\/12\/2021\/07\/206852656_4057039407678356_5700264042798452141_n.jpg\" alt=\"\" width=\"960\" height=\"720\" srcset=\"https:\/\/static-blogs.diariosur.es\/wp-content\/uploads\/sites\/12\/2021\/07\/206852656_4057039407678356_5700264042798452141_n.jpg 960w, https:\/\/static-blogs.diariosur.es\/wp-content\/uploads\/sites\/12\/2021\/07\/206852656_4057039407678356_5700264042798452141_n-533x400.jpg 533w, https:\/\/static-blogs.diariosur.es\/wp-content\/uploads\/sites\/12\/2021\/07\/206852656_4057039407678356_5700264042798452141_n-768x576.jpg 768w\" sizes=\"(max-width: 960px) 100vw, 960px\" \/><\/a><\/p>\n<p>&nbsp;<\/p>\n","protected":false},"excerpt":{"rendered":"<p>\u00daltima hora: Se activa el aviso naranja en el valle del guadalhorce y M\u00e1laga capital. Muy buenos d\u00edas, amigos de la meteo. El mar sigue fr\u00edo, contribuyendo a que podamos conciliar el sue\u00f1o a los malague\u00f1os que vivimos en la costa, las brisas marinas llegan muy fresquitas.\u00a0Ahora mismo a las siete de la ma\u00f1ana tenemos [&hellip;]<\/p>\n","protected":false},"author":16,"featured_media":30319,"comment_status":"open","ping_status":"open","sticky":false,"template":"","format":"standard","meta":[],"categories":[1],"tags":[81,94,151,1525,358,587,627,660,676,945,962,975],"_links":{"self":[{"href":"https:\/\/blogs.diariosur.es\/tormentas-y-rayos\/wp-json\/wp\/v2\/posts\/30318"}],"collection":[{"href":"https:\/\/blogs.diariosur.es\/tormentas-y-rayos\/wp-json\/wp\/v2\/posts"}],"about":[{"href":"https:\/\/blogs.diariosur.es\/tormentas-y-rayos\/wp-json\/wp\/v2\/types\/post"}],"author":[{"embeddable":true,"href":"https:\/\/blogs.diariosur.es\/tormentas-y-rayos\/wp-json\/wp\/v2\/users\/16"}],"replies":[{"embeddable":true,"href":"https:\/\/blogs.diariosur.es\/tormentas-y-rayos\/wp-json\/wp\/v2\/comments?post=30318"}],"version-history":[{"count":4,"href":"https:\/\/blogs.diariosur.es\/tormentas-y-rayos\/wp-json\/wp\/v2\/posts\/30318\/revisions"}],"predecessor-version":[{"id":30323,"href":"https:\/\/blogs.diariosur.es\/tormentas-y-rayos\/wp-json\/wp\/v2\/posts\/30318\/revisions\/30323"}],"wp:featuredmedia":[{"embeddable":true,"href":"https:\/\/blogs.diariosur.es\/tormentas-y-rayos\/wp-json\/wp\/v2\/media\/30319"}],"wp:attachment":[{"href":"https:\/\/blogs.diariosur.es\/tormentas-y-rayos\/wp-json\/wp\/v2\/media?parent=30318"}],"wp:term":[{"taxonomy":"category","embeddable":true,"href":"https:\/\/blogs.diariosur.es\/tormentas-y-rayos\/wp-json\/wp\/v2\/categories?post=30318"},{"taxonomy":"post_tag","embeddable":true,"href":"https:\/\/blogs.diariosur.es\/tormentas-y-rayos\/wp-json\/wp\/v2\/tags?post=30318"}],"curies":[{"name":"wp","href":"https:\/\/api.w.org\/{rel}","templated":true}]}}