{"id":30365,"date":"2021-07-06T08:21:39","date_gmt":"2021-07-06T06:21:39","guid":{"rendered":"https:\/\/blogs.diariosur.es\/tormentas-y-rayos\/?p=30365"},"modified":"2021-07-07T15:41:47","modified_gmt":"2021-07-07T13:41:47","slug":"el-tiempo-en-malaga-aviso-amarillo-manana-miercoles-ultimo-dia-de-terral","status":"publish","type":"post","link":"https:\/\/blogs.diariosur.es\/tormentas-y-rayos\/2021\/07\/06\/el-tiempo-en-malaga-aviso-amarillo-manana-miercoles-ultimo-dia-de-terral\/","title":{"rendered":"El tiempo en M\u00e1laga. Aviso amarillo. Ma\u00f1ana mi\u00e9rcoles \u00faltimo d\u00eda de terral."},"content":{"rendered":"<blockquote><p><a href=\"https:\/\/static-blogs.diariosur.es\/wp-content\/uploads\/sites\/12\/2021\/02\/59999602_10216541055137822_8294285136585818112_o.jpg\">.<img loading=\"lazy\" class=\"aligncenter size-thumbnail wp-image-29446\" src=\"https:\/\/static-blogs.diariosur.es\/wp-content\/uploads\/sites\/12\/2021\/02\/59999602_10216541055137822_8294285136585818112_o-150x150.jpg\" alt=\"\" width=\"150\" height=\"150\" \/><\/a><\/p><\/blockquote>\n<p>Muy buenos d\u00edas, amigos de la meteo. Ayer lunes el terral dio un respiro a la capital malague\u00f1a, las brisas costeras le ganaron la partida al terral. Pero en el Valle del Guadalhorce y en Estepona el terral siguio de protagonista. Destacar \u00c1lora con <strong>40.3 grados<\/strong>, en Pizarra la misma temperatura, Estepona con <strong>37.1 grados<\/strong>, Co\u00edn con <strong>37.8 grados<\/strong>, Alhaur\u00edn de la Torre con <strong>38.6 grados<\/strong>, Tolox <strong>38.9 grados.<\/strong> Fuente aemet, meteoclimatic<\/p>\n<p>En M\u00e1laga capital paso una cosa muy curiosa debida al terral, la m\u00e1xima en el Aeropuerto se dio a las 00:50 de la madrugada con 33.5 grados y la m\u00ednima a las 9:20 de la ma\u00f1ana con 23.4 grados. En la estaci\u00f3n del Puerto paso lo mismo, pero en la del Centro Meteorol\u00f3gico no, en esta \u00faltima el terral llegaba en ocasiones.<\/p>\n<p><span style=\"color: #ff0000;\"><strong>Previsi\u00f3n martes 6 de julio. Aviso amarillo por altas temperaturas<\/strong><\/span><\/p>\n<p>Sobre las dos de la madrugada de hoy martes, ha entrado nuevamente el terral en la capital malague\u00f1a. A esa hora llegamos a 30.4 grados, m\u00e1s tarde ha ido bajando y en estos momentos tenemos 28.5 grados. En estas gr\u00e1ficas de temperatura y humedad de la estaci\u00f3n del Aeropuerto se ve claramente. Fuente Aemet.<\/p>\n<p>&nbsp;<\/p>\n<p><a href=\"https:\/\/static-blogs.diariosur.es\/wp-content\/uploads\/sites\/12\/2021\/07\/a.jpg\"><img loading=\"lazy\" class=\"aligncenter size-full wp-image-30367\" src=\"https:\/\/static-blogs.diariosur.es\/wp-content\/uploads\/sites\/12\/2021\/07\/a.jpg\" alt=\"\" width=\"1040\" height=\"469\" srcset=\"https:\/\/static-blogs.diariosur.es\/wp-content\/uploads\/sites\/12\/2021\/07\/a.jpg 1040w, https:\/\/static-blogs.diariosur.es\/wp-content\/uploads\/sites\/12\/2021\/07\/a-640x289.jpg 640w, https:\/\/static-blogs.diariosur.es\/wp-content\/uploads\/sites\/12\/2021\/07\/a-768x346.jpg 768w\" sizes=\"(max-width: 1040px) 100vw, 1040px\" \/><\/a> <a href=\"https:\/\/static-blogs.diariosur.es\/wp-content\/uploads\/sites\/12\/2021\/07\/a1.jpg\"><img loading=\"lazy\" class=\"aligncenter size-full wp-image-30368\" src=\"https:\/\/static-blogs.diariosur.es\/wp-content\/uploads\/sites\/12\/2021\/07\/a1.jpg\" alt=\"\" width=\"1042\" height=\"493\" srcset=\"https:\/\/static-blogs.diariosur.es\/wp-content\/uploads\/sites\/12\/2021\/07\/a1.jpg 1042w, https:\/\/static-blogs.diariosur.es\/wp-content\/uploads\/sites\/12\/2021\/07\/a1-640x303.jpg 640w, https:\/\/static-blogs.diariosur.es\/wp-content\/uploads\/sites\/12\/2021\/07\/a1-768x363.jpg 768w\" sizes=\"(max-width: 1042px) 100vw, 1042px\" \/><\/a><\/p>\n<p>Hoy entramos en aviso amarillo por altas temperaturas en las zonas habituales cuando sopla el terral. La aemet comenta esto para la zona del Guadalhorce, Sol y Axarqu\u00eda.<\/p>\n<p>Temperatura m\u00e1xima: 38 \u00baC. Vientos terrales. Se pueden superar puntualmente los 38 grados en el Valle del Guadalhorce. Para la Axarqu\u00eda: Temperatura m\u00e1xima: 36 \u00baC. Vientos terrales<\/p>\n<p>Las rachas fuertes de poniente tambi\u00e9n tomar\u00e1n protagonismo.<\/p>\n<h3><span style=\"color: #0000ff;\"><strong>Ma\u00f1ana mi\u00e9rcoles \u00faltimo d\u00eda de terral.<\/strong><\/span><\/h3>\n<p>La aemet de momento no activa avisos amarillos por altas temperaturas, es posible que las m\u00e1ximas ronden entre los 33 y 35 grados. El umbral para activar el aviso es de 36 grados. Ya veremos a lo largo del d\u00eda de hoy si se activa.<\/p>\n<p><span style=\"color: #ff0000;\"><strong>Destacar tambi\u00e9n para ma\u00f1ana mi\u00e9rcoles las rachas fuertes de poniente que se dar\u00e1n en zonas de costa, no creo que tengamos un buen d\u00eda de playa.<\/strong><\/span><\/p>\n<p>Os paso las temperaturas m\u00e1ximas y m\u00ednimas que prev\u00e9 la aemet para la provincia malague\u00f1a.<\/p>\n<p>&nbsp;<\/p>\n<p><a href=\"https:\/\/static-blogs.diariosur.es\/wp-content\/uploads\/sites\/12\/2021\/07\/Captura-9.jpg\"><img loading=\"lazy\" class=\"aligncenter size-full wp-image-30369\" src=\"https:\/\/static-blogs.diariosur.es\/wp-content\/uploads\/sites\/12\/2021\/07\/Captura-9.jpg\" alt=\"\" width=\"694\" height=\"550\" srcset=\"https:\/\/static-blogs.diariosur.es\/wp-content\/uploads\/sites\/12\/2021\/07\/Captura-9.jpg 694w, https:\/\/static-blogs.diariosur.es\/wp-content\/uploads\/sites\/12\/2021\/07\/Captura-9-505x400.jpg 505w\" sizes=\"(max-width: 694px) 100vw, 694px\" \/><\/a><\/p>\n<p>&nbsp;<\/p>\n<p><strong>Os comento un par de cosas. Las altas temperaturas que se esperan con una probabilidad alta a partir del s\u00e1bado y hasta el martes en nuestra comunidad, lo iremos viendo a partir del jueves. Ya veremos si la aemet lo cataloga con un episodio fuerte de altas temperaturas o por ola de calor y sobre todo que m\u00e1ximas podemos alcanzar.<\/strong><\/p>\n<p><strong>Para mis amigos de Tarifa comentaros que el viernes se esperan rachas muy fuerte de levante. Disfrutar.<\/strong><\/p>\n<p>Os dejo con esta foto de archivo refrescante.<\/p>\n<p>&nbsp;<\/p>\n<p><a href=\"https:\/\/static-blogs.diariosur.es\/wp-content\/uploads\/sites\/12\/2021\/07\/44706611110_ebb4b8ae80_b.jpg\"><img loading=\"lazy\" class=\"aligncenter size-full wp-image-30370\" src=\"https:\/\/static-blogs.diariosur.es\/wp-content\/uploads\/sites\/12\/2021\/07\/44706611110_ebb4b8ae80_b.jpg\" alt=\"\" width=\"1023\" height=\"484\" srcset=\"https:\/\/static-blogs.diariosur.es\/wp-content\/uploads\/sites\/12\/2021\/07\/44706611110_ebb4b8ae80_b.jpg 1023w, https:\/\/static-blogs.diariosur.es\/wp-content\/uploads\/sites\/12\/2021\/07\/44706611110_ebb4b8ae80_b-640x303.jpg 640w, https:\/\/static-blogs.diariosur.es\/wp-content\/uploads\/sites\/12\/2021\/07\/44706611110_ebb4b8ae80_b-768x363.jpg 768w\" sizes=\"(max-width: 1023px) 100vw, 1023px\" \/><\/a><\/p>\n<p>&nbsp;<\/p>\n","protected":false},"excerpt":{"rendered":"<p>. Muy buenos d\u00edas, amigos de la meteo. Ayer lunes el terral dio un respiro a la capital malague\u00f1a, las brisas costeras le ganaron la partida al terral. Pero en el Valle del Guadalhorce y en Estepona el terral siguio de protagonista. Destacar \u00c1lora con 40.3 grados, en Pizarra la misma temperatura, Estepona con 37.1 [&hellip;]<\/p>\n","protected":false},"author":16,"featured_media":30370,"comment_status":"open","ping_status":"open","sticky":false,"template":"","format":"standard","meta":[],"categories":[1],"tags":[81,94,151,1525,358,587,791,800,945,962,975],"_links":{"self":[{"href":"https:\/\/blogs.diariosur.es\/tormentas-y-rayos\/wp-json\/wp\/v2\/posts\/30365"}],"collection":[{"href":"https:\/\/blogs.diariosur.es\/tormentas-y-rayos\/wp-json\/wp\/v2\/posts"}],"about":[{"href":"https:\/\/blogs.diariosur.es\/tormentas-y-rayos\/wp-json\/wp\/v2\/types\/post"}],"author":[{"embeddable":true,"href":"https:\/\/blogs.diariosur.es\/tormentas-y-rayos\/wp-json\/wp\/v2\/users\/16"}],"replies":[{"embeddable":true,"href":"https:\/\/blogs.diariosur.es\/tormentas-y-rayos\/wp-json\/wp\/v2\/comments?post=30365"}],"version-history":[{"count":5,"href":"https:\/\/blogs.diariosur.es\/tormentas-y-rayos\/wp-json\/wp\/v2\/posts\/30365\/revisions"}],"predecessor-version":[{"id":30374,"href":"https:\/\/blogs.diariosur.es\/tormentas-y-rayos\/wp-json\/wp\/v2\/posts\/30365\/revisions\/30374"}],"wp:featuredmedia":[{"embeddable":true,"href":"https:\/\/blogs.diariosur.es\/tormentas-y-rayos\/wp-json\/wp\/v2\/media\/30370"}],"wp:attachment":[{"href":"https:\/\/blogs.diariosur.es\/tormentas-y-rayos\/wp-json\/wp\/v2\/media?parent=30365"}],"wp:term":[{"taxonomy":"category","embeddable":true,"href":"https:\/\/blogs.diariosur.es\/tormentas-y-rayos\/wp-json\/wp\/v2\/categories?post=30365"},{"taxonomy":"post_tag","embeddable":true,"href":"https:\/\/blogs.diariosur.es\/tormentas-y-rayos\/wp-json\/wp\/v2\/tags?post=30365"}],"curies":[{"name":"wp","href":"https:\/\/api.w.org\/{rel}","templated":true}]}}