{"id":30375,"date":"2021-07-08T08:29:58","date_gmt":"2021-07-08T06:29:58","guid":{"rendered":"https:\/\/blogs.diariosur.es\/tormentas-y-rayos\/?p=30375"},"modified":"2021-07-09T20:25:32","modified_gmt":"2021-07-09T18:25:32","slug":"ele-tiempo-fin-de-semana-en-malaga-y-andalucia-tendremos-una-ola-de-calor-llegaremos-a-50-grados","status":"publish","type":"post","link":"https:\/\/blogs.diariosur.es\/tormentas-y-rayos\/2021\/07\/08\/ele-tiempo-fin-de-semana-en-malaga-y-andalucia-tendremos-una-ola-de-calor-llegaremos-a-50-grados\/","title":{"rendered":"El tiempo fin de semana en M\u00e1laga y Andaluc\u00eda. \u00bfTendremos una ola de calor, llegaremos a 50 grados?"},"content":{"rendered":"<p><a href=\"https:\/\/static-blogs.diariosur.es\/wp-content\/uploads\/sites\/12\/2021\/06\/193954780_10222636052268941_1354368097572943509_n.jpg\"><img loading=\"lazy\" class=\"aligncenter size-thumbnail wp-image-30122\" src=\"https:\/\/static-blogs.diariosur.es\/wp-content\/uploads\/sites\/12\/2021\/06\/193954780_10222636052268941_1354368097572943509_n-150x150.jpg\" alt=\"\" width=\"150\" height=\"150\" \/><\/a><\/p>\n<p>Muy buenos d\u00edas, amigos de la meteo. Ya tenemos al levante soplando en la costa malague\u00f1a, hoy pod\u00e9is ir tranquilamente a la playa, lo \u00fanico que el agua estar\u00e1 fr\u00eda, todo no se puede tener. Hay probabilidad de brumas y tar\u00f3 en alta mar y en la costa.<\/p>\n<p>Antes de daros el avance de la probable previsi\u00f3n del tiempo para el fin de semana y lunes d\u00eda doce, les doy una buena noticia para mis amigos que practican los deportes de viento en Tarifa. A partir de ma\u00f1ana y el s\u00e1bado se esperan rachas de viento muy fuertes de levante en Tarifa, Estrecho y costa de C\u00e1diz. El mag\u00f3n tambi\u00e9n puede ser protagonista en la costa de M\u00e1laga<\/p>\n<p>La Aemet activa el aviso amarillo por rachas de viento y el naranja por fen\u00f3menos costeros. En Tarifa las rachas pueden llegar a los 90 km\/h, en las dem\u00e1s zonas entre los 65 y 80 km\/h.<\/p>\n<p>Mal d\u00eda de playa en la costa de C\u00e1diz para algunos.<\/p>\n<p>&nbsp;<\/p>\n<p><a href=\"https:\/\/static-blogs.diariosur.es\/wp-content\/uploads\/sites\/12\/2020\/09\/DSC3060.jpg\"><img loading=\"lazy\" class=\"aligncenter size-full wp-image-27990\" src=\"https:\/\/static-blogs.diariosur.es\/wp-content\/uploads\/sites\/12\/2020\/09\/DSC3060.jpg\" alt=\"\" width=\"1200\" height=\"801\" srcset=\"https:\/\/static-blogs.diariosur.es\/wp-content\/uploads\/sites\/12\/2020\/09\/DSC3060.jpg 1200w, https:\/\/static-blogs.diariosur.es\/wp-content\/uploads\/sites\/12\/2020\/09\/DSC3060-599x400.jpg 599w, https:\/\/static-blogs.diariosur.es\/wp-content\/uploads\/sites\/12\/2020\/09\/DSC3060-768x513.jpg 768w\" sizes=\"(max-width: 1200px) 100vw, 1200px\" \/><\/a><\/p>\n<h3><\/h3>\n<h3><span style=\"color: #ff0000;\"><strong>\u00bf Tendremos una ola de calor, llegaremos a 50 grados ?<\/strong><\/span><\/h3>\n<p>&nbsp;<\/p>\n<p><a href=\"https:\/\/static-blogs.diariosur.es\/wp-content\/uploads\/sites\/12\/2021\/05\/14396804033_f8f14bfeac_o.jpg\"><img loading=\"lazy\" class=\"aligncenter size-large wp-image-29958\" src=\"https:\/\/static-blogs.diariosur.es\/wp-content\/uploads\/sites\/12\/2021\/05\/14396804033_f8f14bfeac_o-297x400.jpg\" alt=\"\" width=\"297\" height=\"400\" srcset=\"https:\/\/static-blogs.diariosur.es\/wp-content\/uploads\/sites\/12\/2021\/05\/14396804033_f8f14bfeac_o-297x400.jpg 297w, https:\/\/static-blogs.diariosur.es\/wp-content\/uploads\/sites\/12\/2021\/05\/14396804033_f8f14bfeac_o.jpg 450w\" sizes=\"(max-width: 297px) 100vw, 297px\" \/><\/a><\/p>\n<p>&nbsp;<\/p>\n<p>Desde hace una semana, algunos medios informativos est\u00e1n lanzando ( para vender m\u00e1s ) noticias de una gran ola de calor y temperaturas de 50 grados. Media Espa\u00f1a de Madrid para abajo esta acojonada con estas noticias.<\/p>\n<p>Primeramente no ser\u00e1 una ola de calor, si no, un episodio corto de temperaturas muy altas, como comenta el portavoz de la aemet Rub\u00e9n del Campo en la nota informativa, que pondr\u00e9 al final.<\/p>\n<p>Este episodio de calor comenzar\u00e1 el s\u00e1bado, siendo m\u00e1s fuerte durante el domingo. A partir del lunes esa masa de aire muy c\u00e1lida de origen africana se ir\u00e1 desplazando hacia el este de la pen\u00ednsula, d\u00e1ndose las temperaturas m\u00e1s altas en esa zona y bajando en la zona oeste hasta 12 grados.<\/p>\n<p>En lo que respecta a nuestra comunidad, el dia m\u00e1s caluroso ser\u00e1 el domingo, pero el s\u00e1bado ya tendremos un anticipo como pod\u00e9is ver en este mapa de avisos por altas temperaturas. Toda Andaluc\u00eda menos las provincias de M\u00e1laga y Almer\u00eda entran en aviso.<\/p>\n<p>Hasta ma\u00f1ana no saldr\u00e1n los avisos para el domingo, posiblemente se activen en todas las provincias, seg\u00fan zonas.<\/p>\n<p>Mapa de avisos para el s\u00e1bado. Fuente aemet.<\/p>\n<p>&nbsp;<\/p>\n<p><a href=\"https:\/\/static-blogs.diariosur.es\/wp-content\/uploads\/sites\/12\/2021\/07\/Captura-11.jpg\"><img loading=\"lazy\" class=\"aligncenter size-full wp-image-30379\" src=\"https:\/\/static-blogs.diariosur.es\/wp-content\/uploads\/sites\/12\/2021\/07\/Captura-11.jpg\" alt=\"\" width=\"695\" height=\"548\" srcset=\"https:\/\/static-blogs.diariosur.es\/wp-content\/uploads\/sites\/12\/2021\/07\/Captura-11.jpg 695w, https:\/\/static-blogs.diariosur.es\/wp-content\/uploads\/sites\/12\/2021\/07\/Captura-11-507x400.jpg 507w\" sizes=\"(max-width: 695px) 100vw, 695px\" \/><\/a><\/p>\n<p>&nbsp;<\/p>\n<p><strong>Los malague\u00f1os, almerienses y murcianos, tenemos que estar atentos al probable terral que pueda afectarnos el lunes 12 con altas temperaturas, algunos modelos dan m\u00e1ximas de entre 41 y 44 grados. Esto lo sabremos con m\u00e1s seguridad el pr\u00f3ximo s\u00e1bado.\u00a0<\/strong><\/p>\n<p>Comentaros tambi\u00e9n que tendremos polvo en suspensi\u00f3n ( calima ) a partir del s\u00e1bado.<\/p>\n<p>Os voy a poner un par de mapas de temperaturas a 850 hpa 1500 metros. Uno es del domingo y otro el del martes, fijaros que diferencia. Por eso dura tan poco este episodio de temperaturas muy altas. En el norte peninsular har\u00e1 hasta fr\u00edo el pr\u00f3ximo martes jijijiji.<\/p>\n<p>&nbsp;<\/p>\n<p><a href=\"https:\/\/static-blogs.diariosur.es\/wp-content\/uploads\/sites\/12\/2021\/07\/ECS0-96.png\"><img loading=\"lazy\" class=\"aligncenter size-full wp-image-30380\" src=\"https:\/\/static-blogs.diariosur.es\/wp-content\/uploads\/sites\/12\/2021\/07\/ECS0-96.png\" alt=\"\" width=\"768\" height=\"768\" srcset=\"https:\/\/static-blogs.diariosur.es\/wp-content\/uploads\/sites\/12\/2021\/07\/ECS0-96.png 768w, https:\/\/static-blogs.diariosur.es\/wp-content\/uploads\/sites\/12\/2021\/07\/ECS0-96-150x150.png 150w, https:\/\/static-blogs.diariosur.es\/wp-content\/uploads\/sites\/12\/2021\/07\/ECS0-96-400x400.png 400w\" sizes=\"(max-width: 768px) 100vw, 768px\" \/><\/a><\/p>\n<p><a href=\"https:\/\/static-blogs.diariosur.es\/wp-content\/uploads\/sites\/12\/2021\/07\/ECS0-144.png\"><img loading=\"lazy\" class=\"aligncenter size-full wp-image-30381\" src=\"https:\/\/static-blogs.diariosur.es\/wp-content\/uploads\/sites\/12\/2021\/07\/ECS0-144.png\" alt=\"\" width=\"768\" height=\"768\" srcset=\"https:\/\/static-blogs.diariosur.es\/wp-content\/uploads\/sites\/12\/2021\/07\/ECS0-144.png 768w, https:\/\/static-blogs.diariosur.es\/wp-content\/uploads\/sites\/12\/2021\/07\/ECS0-144-150x150.png 150w, https:\/\/static-blogs.diariosur.es\/wp-content\/uploads\/sites\/12\/2021\/07\/ECS0-144-400x400.png 400w\" sizes=\"(max-width: 768px) 100vw, 768px\" \/><\/a><\/p>\n<p><a href=\"https:\/\/static-blogs.diariosur.es\/wp-content\/uploads\/sites\/12\/2021\/07\/Captura-10.jpg\"><img loading=\"lazy\" class=\"aligncenter size-full wp-image-30377\" src=\"https:\/\/static-blogs.diariosur.es\/wp-content\/uploads\/sites\/12\/2021\/07\/Captura-10.jpg\" alt=\"\" width=\"787\" height=\"848\" srcset=\"https:\/\/static-blogs.diariosur.es\/wp-content\/uploads\/sites\/12\/2021\/07\/Captura-10.jpg 787w, https:\/\/static-blogs.diariosur.es\/wp-content\/uploads\/sites\/12\/2021\/07\/Captura-10-371x400.jpg 371w, https:\/\/static-blogs.diariosur.es\/wp-content\/uploads\/sites\/12\/2021\/07\/Captura-10-768x828.jpg 768w\" sizes=\"(max-width: 787px) 100vw, 787px\" \/><\/a><\/p>\n","protected":false},"excerpt":{"rendered":"<p>Muy buenos d\u00edas, amigos de la meteo. Ya tenemos al levante soplando en la costa malague\u00f1a, hoy pod\u00e9is ir tranquilamente a la playa, lo \u00fanico que el agua estar\u00e1 fr\u00eda, todo no se puede tener. Hay probabilidad de brumas y tar\u00f3 en alta mar y en la costa. Antes de daros el avance de la [&hellip;]<\/p>\n","protected":false},"author":16,"featured_media":29958,"comment_status":"open","ping_status":"open","sticky":false,"template":"","format":"standard","meta":[],"categories":[1],"tags":[81,94,100,151,212,1525,358,587,676,732,809,945,962],"_links":{"self":[{"href":"https:\/\/blogs.diariosur.es\/tormentas-y-rayos\/wp-json\/wp\/v2\/posts\/30375"}],"collection":[{"href":"https:\/\/blogs.diariosur.es\/tormentas-y-rayos\/wp-json\/wp\/v2\/posts"}],"about":[{"href":"https:\/\/blogs.diariosur.es\/tormentas-y-rayos\/wp-json\/wp\/v2\/types\/post"}],"author":[{"embeddable":true,"href":"https:\/\/blogs.diariosur.es\/tormentas-y-rayos\/wp-json\/wp\/v2\/users\/16"}],"replies":[{"embeddable":true,"href":"https:\/\/blogs.diariosur.es\/tormentas-y-rayos\/wp-json\/wp\/v2\/comments?post=30375"}],"version-history":[{"count":8,"href":"https:\/\/blogs.diariosur.es\/tormentas-y-rayos\/wp-json\/wp\/v2\/posts\/30375\/revisions"}],"predecessor-version":[{"id":30404,"href":"https:\/\/blogs.diariosur.es\/tormentas-y-rayos\/wp-json\/wp\/v2\/posts\/30375\/revisions\/30404"}],"wp:featuredmedia":[{"embeddable":true,"href":"https:\/\/blogs.diariosur.es\/tormentas-y-rayos\/wp-json\/wp\/v2\/media\/29958"}],"wp:attachment":[{"href":"https:\/\/blogs.diariosur.es\/tormentas-y-rayos\/wp-json\/wp\/v2\/media?parent=30375"}],"wp:term":[{"taxonomy":"category","embeddable":true,"href":"https:\/\/blogs.diariosur.es\/tormentas-y-rayos\/wp-json\/wp\/v2\/categories?post=30375"},{"taxonomy":"post_tag","embeddable":true,"href":"https:\/\/blogs.diariosur.es\/tormentas-y-rayos\/wp-json\/wp\/v2\/tags?post=30375"}],"curies":[{"name":"wp","href":"https:\/\/api.w.org\/{rel}","templated":true}]}}