{"id":30412,"date":"2021-07-11T08:38:19","date_gmt":"2021-07-11T06:38:19","guid":{"rendered":"https:\/\/blogs.diariosur.es\/tormentas-y-rayos\/?p=30412"},"modified":"2021-07-11T13:56:28","modified_gmt":"2021-07-11T11:56:28","slug":"ultima-hora-del-episodio-de-temperaturas-muy-altas-en-andalucia-espana-aviso-rojo-y-naranja","status":"publish","type":"post","link":"https:\/\/blogs.diariosur.es\/tormentas-y-rayos\/2021\/07\/11\/ultima-hora-del-episodio-de-temperaturas-muy-altas-en-andalucia-espana-aviso-rojo-y-naranja\/","title":{"rendered":"\u00daltima hora del episodio de temperaturas muy altas en Andaluc\u00eda, Espa\u00f1a. Aviso rojo y naranja."},"content":{"rendered":"<p><a href=\"https:\/\/static-blogs.diariosur.es\/wp-content\/uploads\/sites\/12\/2021\/06\/193954780_10222636052268941_1354368097572943509_n.jpg\"><img loading=\"lazy\" class=\"aligncenter size-thumbnail wp-image-30122\" src=\"https:\/\/static-blogs.diariosur.es\/wp-content\/uploads\/sites\/12\/2021\/06\/193954780_10222636052268941_1354368097572943509_n-150x150.jpg\" alt=\"\" width=\"150\" height=\"150\" \/><\/a><\/p>\n<p>Muy buenos d\u00edas, amigos de la meteo. Aunque la humedad esta pasada madrugada ha sido alta, la temperatura ha rondado los 22 grados en M\u00e1laga capital, siendo la m\u00ednima m\u00e1s baja de las ocho capitales andaluzas. Nuevamente ha salido el sol acompa\u00f1ado de calima, cuando ve\u00e1is la foto al final del post no se sabe si es la luna o el sol.<\/p>\n<p>Antes de daros la \u00faltima hora de este episodio de calor, os pongo las temperaturas m\u00e1ximas que se dieron ayer en Espa\u00f1a, nada del otro mundo. Tambi\u00e9n tuvimos tormentas secas en la provincia de Almer\u00eda y rachas de viento en Barbate de 90 km\/h.<\/p>\n<p>Fuente aemet.<\/p>\n<p><a href=\"https:\/\/static-blogs.diariosur.es\/wp-content\/uploads\/sites\/12\/2021\/07\/Captura-12.jpg\"><img loading=\"lazy\" class=\"aligncenter size-full wp-image-30413\" src=\"https:\/\/static-blogs.diariosur.es\/wp-content\/uploads\/sites\/12\/2021\/07\/Captura-12.jpg\" alt=\"\" width=\"1119\" height=\"443\" srcset=\"https:\/\/static-blogs.diariosur.es\/wp-content\/uploads\/sites\/12\/2021\/07\/Captura-12.jpg 1119w, https:\/\/static-blogs.diariosur.es\/wp-content\/uploads\/sites\/12\/2021\/07\/Captura-12-640x253.jpg 640w, https:\/\/static-blogs.diariosur.es\/wp-content\/uploads\/sites\/12\/2021\/07\/Captura-12-768x304.jpg 768w\" sizes=\"(max-width: 1119px) 100vw, 1119px\" \/><\/a><\/p>\n<p>&nbsp;<\/p>\n<h3><span style=\"color: #ff0000;\"><strong>\u00daltima hora del episodio de temperaturas muy altas en Andaluc\u00eda.<\/strong><\/span><\/h3>\n<h3><span style=\"color: #0000ff;\"><strong>Domingo 11 de julio<\/strong><\/span><\/h3>\n<p>&nbsp;<\/p>\n<p><a href=\"https:\/\/static-blogs.diariosur.es\/wp-content\/uploads\/sites\/12\/2021\/05\/14396804033_f8f14bfeac_o.jpg\"><img loading=\"lazy\" class=\"aligncenter size-full wp-image-29958\" src=\"https:\/\/static-blogs.diariosur.es\/wp-content\/uploads\/sites\/12\/2021\/05\/14396804033_f8f14bfeac_o.jpg\" alt=\"\" width=\"450\" height=\"606\" srcset=\"https:\/\/static-blogs.diariosur.es\/wp-content\/uploads\/sites\/12\/2021\/05\/14396804033_f8f14bfeac_o.jpg 450w, https:\/\/static-blogs.diariosur.es\/wp-content\/uploads\/sites\/12\/2021\/05\/14396804033_f8f14bfeac_o-297x400.jpg 297w\" sizes=\"(max-width: 450px) 100vw, 450px\" \/><\/a><\/p>\n<p>&nbsp;<\/p>\n<p>Comenzaremos con la actualizaci\u00f3n de los avisos. Destacar que hoy domingo se activa el aviso naranja por altas temperaturas en las comarcas de Ronda y Antequera, las m\u00e1ximas pueden llegar a los 40 grados, si no hay sorpresas por debajo o por arriba.<\/p>\n<p>En las dem\u00e1s provincias andaluzas, donde tambi\u00e9n tiene activado el aviso naranja, las m\u00e1ximas rondaran entre los 42 y 44 grados. Al final del d\u00eda veremos si hay sorpresas y no es pa tanto.<\/p>\n<p>Os pongo el mapa de avisos.<\/p>\n<p>&nbsp;<\/p>\n<p><a href=\"https:\/\/static-blogs.diariosur.es\/wp-content\/uploads\/sites\/12\/2021\/07\/domingo-1.jpg\"><img loading=\"lazy\" class=\"aligncenter size-full wp-image-30414\" src=\"https:\/\/static-blogs.diariosur.es\/wp-content\/uploads\/sites\/12\/2021\/07\/domingo-1.jpg\" alt=\"\" width=\"693\" height=\"546\" srcset=\"https:\/\/static-blogs.diariosur.es\/wp-content\/uploads\/sites\/12\/2021\/07\/domingo-1.jpg 693w, https:\/\/static-blogs.diariosur.es\/wp-content\/uploads\/sites\/12\/2021\/07\/domingo-1-508x400.jpg 508w\" sizes=\"(max-width: 693px) 100vw, 693px\" \/><\/a><\/p>\n<h3><\/h3>\n<h3><span style=\"color: #ff0000;\"><strong>\u00daltima hora del episodio de temperaturas muy altas en Andaluc\u00eda.<\/strong><\/span><\/h3>\n<h3><span style=\"color: #0000ff;\"><strong>Lunes 12 de julio<\/strong><\/span><\/h3>\n<p>&nbsp;<\/p>\n<p><a href=\"https:\/\/static-blogs.diariosur.es\/wp-content\/uploads\/sites\/12\/2021\/06\/pastedImage.png\"><img loading=\"lazy\" class=\"aligncenter size-full wp-image-30285\" src=\"https:\/\/static-blogs.diariosur.es\/wp-content\/uploads\/sites\/12\/2021\/06\/pastedImage.png\" alt=\"\" width=\"600\" height=\"437\" srcset=\"https:\/\/static-blogs.diariosur.es\/wp-content\/uploads\/sites\/12\/2021\/06\/pastedImage.png 600w, https:\/\/static-blogs.diariosur.es\/wp-content\/uploads\/sites\/12\/2021\/06\/pastedImage-549x400.png 549w\" sizes=\"(max-width: 600px) 100vw, 600px\" \/><\/a><\/p>\n<p>&nbsp;<\/p>\n<p>Donde hoy domingo se superen los 40 grados, ma\u00f1ana lunes tendr\u00e1n hasta doce grados menos, llegar\u00e1 desde el Atl\u00e1ntico una masa de aire m\u00e1s fresca que trasladar\u00e1 a la africana hacia el este.<\/p>\n<p>Os paso los avisos actualizados<\/p>\n<p>Se activa el aviso naranja en sol, Guadalhorce y Axaqu\u00eda. En sol y guadalhorce temperatura m\u00e1xima: 41 \u00baC. Puntualmente pueden alcanzarse los 42\u00baC. En la Axarqu\u00eda por 40 grados.<\/p>\n<p>En la provincia de Almer\u00eda\u00a0<span class=\"la-zona-zona\" data-zona-id=\"610401\">Valle del Almanzora y Los V\u00e9lez<\/span>&#8211;<span class=\"la-zona-provincia\" data-zona-id=\"6104\">Almer\u00eda: Temperatura m\u00e1xima: 43 \u00baC. Puntualmente pueden alcanzarse los 44\u00baC.\u00a0<\/span><\/p>\n<p><span class=\"la-zona-provincia\" data-zona-id=\"6104\"><span class=\"la-zona-zona\" data-zona-id=\"610404\">Levante almeriense<\/span>-Almer\u00eda: Temperatura m\u00e1xima: 39 \u00baC. Las temperaturas m\u00e1s altas se esperan en el norte de la comarca, donde puntualmente pueden alcanzar los 42\u00baC<\/span><\/p>\n<p>El aviso rojo se activa en Murcia y Comunidad Valenciana, m\u00e1ximas entre 42 y 44 grados.<\/p>\n<p>Os paso el mapa de avisos. Fuente aemet.<\/p>\n<p>&nbsp;<\/p>\n<p><a href=\"https:\/\/static-blogs.diariosur.es\/wp-content\/uploads\/sites\/12\/2021\/07\/lunes-1.jpg\"><img loading=\"lazy\" class=\"aligncenter size-full wp-image-30415\" src=\"https:\/\/static-blogs.diariosur.es\/wp-content\/uploads\/sites\/12\/2021\/07\/lunes-1.jpg\" alt=\"\" width=\"696\" height=\"552\" srcset=\"https:\/\/static-blogs.diariosur.es\/wp-content\/uploads\/sites\/12\/2021\/07\/lunes-1.jpg 696w, https:\/\/static-blogs.diariosur.es\/wp-content\/uploads\/sites\/12\/2021\/07\/lunes-1-504x400.jpg 504w\" sizes=\"(max-width: 696px) 100vw, 696px\" \/><\/a><\/p>\n<p>&nbsp;<\/p>\n<p>As\u00ed amanec\u00eda hoy en M\u00e1laga capital, parec\u00eda la luna.<\/p>\n<p>&nbsp;<\/p>\n<p><a href=\"https:\/\/static-blogs.diariosur.es\/wp-content\/uploads\/sites\/12\/2021\/07\/DSC3490.jpg\"><img loading=\"lazy\" class=\"aligncenter size-full wp-image-30416\" src=\"https:\/\/static-blogs.diariosur.es\/wp-content\/uploads\/sites\/12\/2021\/07\/DSC3490.jpg\" alt=\"\" width=\"1200\" height=\"800\" srcset=\"https:\/\/static-blogs.diariosur.es\/wp-content\/uploads\/sites\/12\/2021\/07\/DSC3490.jpg 1200w, https:\/\/static-blogs.diariosur.es\/wp-content\/uploads\/sites\/12\/2021\/07\/DSC3490-600x400.jpg 600w, https:\/\/static-blogs.diariosur.es\/wp-content\/uploads\/sites\/12\/2021\/07\/DSC3490-768x512.jpg 768w\" sizes=\"(max-width: 1200px) 100vw, 1200px\" \/><\/a><\/p>\n<p>&nbsp;<\/p>\n<p>Estas dos fotos son de archivo del a\u00f1o pasado en este mismo mes. Para que cargu\u00e9is las pilas<\/p>\n<p>&nbsp;<\/p>\n<p><a href=\"https:\/\/static-blogs.diariosur.es\/wp-content\/uploads\/sites\/12\/2021\/07\/48548854916_9fb2058098_b.jpg\"><img loading=\"lazy\" class=\"aligncenter size-full wp-image-30418\" src=\"https:\/\/static-blogs.diariosur.es\/wp-content\/uploads\/sites\/12\/2021\/07\/48548854916_9fb2058098_b.jpg\" alt=\"\" width=\"1024\" height=\"683\" srcset=\"https:\/\/static-blogs.diariosur.es\/wp-content\/uploads\/sites\/12\/2021\/07\/48548854916_9fb2058098_b.jpg 1024w, https:\/\/static-blogs.diariosur.es\/wp-content\/uploads\/sites\/12\/2021\/07\/48548854916_9fb2058098_b-600x400.jpg 600w, https:\/\/static-blogs.diariosur.es\/wp-content\/uploads\/sites\/12\/2021\/07\/48548854916_9fb2058098_b-768x512.jpg 768w\" sizes=\"(max-width: 1024px) 100vw, 1024px\" \/><\/a><\/p>\n<p>&nbsp;<\/p>\n<p><a href=\"https:\/\/static-blogs.diariosur.es\/wp-content\/uploads\/sites\/12\/2021\/07\/48549001472_fb4a7e555e_b.jpg\"><img loading=\"lazy\" class=\"aligncenter size-full wp-image-30419\" src=\"https:\/\/static-blogs.diariosur.es\/wp-content\/uploads\/sites\/12\/2021\/07\/48549001472_fb4a7e555e_b.jpg\" alt=\"\" width=\"1024\" height=\"684\" srcset=\"https:\/\/static-blogs.diariosur.es\/wp-content\/uploads\/sites\/12\/2021\/07\/48549001472_fb4a7e555e_b.jpg 1024w, https:\/\/static-blogs.diariosur.es\/wp-content\/uploads\/sites\/12\/2021\/07\/48549001472_fb4a7e555e_b-599x400.jpg 599w, https:\/\/static-blogs.diariosur.es\/wp-content\/uploads\/sites\/12\/2021\/07\/48549001472_fb4a7e555e_b-768x513.jpg 768w\" sizes=\"(max-width: 1024px) 100vw, 1024px\" \/><\/a><\/p>\n","protected":false},"excerpt":{"rendered":"<p>Muy buenos d\u00edas, amigos de la meteo. Aunque la humedad esta pasada madrugada ha sido alta, la temperatura ha rondado los 22 grados en M\u00e1laga capital, siendo la m\u00ednima m\u00e1s baja de las ocho capitales andaluzas. Nuevamente ha salido el sol acompa\u00f1ado de calima, cuando ve\u00e1is la foto al final del post no se sabe [&hellip;]<\/p>\n","protected":false},"author":16,"featured_media":30418,"comment_status":"open","ping_status":"open","sticky":false,"template":"","format":"standard","meta":[],"categories":[1],"tags":[81,100,151,212,358,369,375,485,676,732,872,962,1028],"_links":{"self":[{"href":"https:\/\/blogs.diariosur.es\/tormentas-y-rayos\/wp-json\/wp\/v2\/posts\/30412"}],"collection":[{"href":"https:\/\/blogs.diariosur.es\/tormentas-y-rayos\/wp-json\/wp\/v2\/posts"}],"about":[{"href":"https:\/\/blogs.diariosur.es\/tormentas-y-rayos\/wp-json\/wp\/v2\/types\/post"}],"author":[{"embeddable":true,"href":"https:\/\/blogs.diariosur.es\/tormentas-y-rayos\/wp-json\/wp\/v2\/users\/16"}],"replies":[{"embeddable":true,"href":"https:\/\/blogs.diariosur.es\/tormentas-y-rayos\/wp-json\/wp\/v2\/comments?post=30412"}],"version-history":[{"count":4,"href":"https:\/\/blogs.diariosur.es\/tormentas-y-rayos\/wp-json\/wp\/v2\/posts\/30412\/revisions"}],"predecessor-version":[{"id":30422,"href":"https:\/\/blogs.diariosur.es\/tormentas-y-rayos\/wp-json\/wp\/v2\/posts\/30412\/revisions\/30422"}],"wp:featuredmedia":[{"embeddable":true,"href":"https:\/\/blogs.diariosur.es\/tormentas-y-rayos\/wp-json\/wp\/v2\/media\/30418"}],"wp:attachment":[{"href":"https:\/\/blogs.diariosur.es\/tormentas-y-rayos\/wp-json\/wp\/v2\/media?parent=30412"}],"wp:term":[{"taxonomy":"category","embeddable":true,"href":"https:\/\/blogs.diariosur.es\/tormentas-y-rayos\/wp-json\/wp\/v2\/categories?post=30412"},{"taxonomy":"post_tag","embeddable":true,"href":"https:\/\/blogs.diariosur.es\/tormentas-y-rayos\/wp-json\/wp\/v2\/tags?post=30412"}],"curies":[{"name":"wp","href":"https:\/\/api.w.org\/{rel}","templated":true}]}}