{"id":30423,"date":"2021-07-11T22:04:01","date_gmt":"2021-07-11T20:04:01","guid":{"rendered":"https:\/\/blogs.diariosur.es\/tormentas-y-rayos\/?p=30423"},"modified":"2021-07-12T06:14:08","modified_gmt":"2021-07-12T04:14:08","slug":"la-bestia-africana-pasa-con-mas-pena-que-gloria-resumen-del-domingo","status":"publish","type":"post","link":"https:\/\/blogs.diariosur.es\/tormentas-y-rayos\/2021\/07\/11\/la-bestia-africana-pasa-con-mas-pena-que-gloria-resumen-del-domingo\/","title":{"rendered":"La tan temida &#8220;bestia africana&#8221; pasa con mas pena que gloria. Resumen del domingo"},"content":{"rendered":"<p><a href=\"https:\/\/static-blogs.diariosur.es\/wp-content\/uploads\/sites\/12\/2021\/02\/59999602_10216541055137822_8294285136585818112_o.jpg\"><img loading=\"lazy\" class=\"aligncenter size-thumbnail wp-image-29446\" src=\"https:\/\/static-blogs.diariosur.es\/wp-content\/uploads\/sites\/12\/2021\/02\/59999602_10216541055137822_8294285136585818112_o-150x150.jpg\" alt=\"\" width=\"150\" height=\"150\" \/><\/a><\/p>\n<p>Reedito: Se forman tormentas en las provincias de Sevilla y C\u00f3rdoba<\/p>\n<p>Buenas noches, amigos de la meteo. La tan temida<strong> &#8220;bestia africana&#8221;<\/strong> pasa con m\u00e1s pena que gloria en toda la pen\u00ednsula, centr\u00e1ndonos en nuestra comunidad andaluza destacar estas m\u00e1ximas:<\/p>\n<p>Fuente aemet<\/p>\n<p><strong>Granada Aeropuerto con 42.6 grados<\/strong><\/p>\n<p><strong>Base A\u00e9rea de Armilla 43.5 grados<\/strong><\/p>\n<p><strong>Sevilla Aeropuerto 37.5 grados<\/strong><\/p>\n<p><strong>C\u00f3rdoba Aeropuerto 40.1 grados<\/strong><\/p>\n<p><strong>M\u00e1laga Aeropuerto\u00a0 \u00a027.9 grados<\/strong><\/p>\n<p><strong>Ronda\u00a0 \u00a035.8 grados<\/strong><\/p>\n<p><strong>Antequera\u00a0 36.8 grados<\/strong><\/p>\n<p><strong>\u00c1lora\u00a0 33.8 grados<\/strong><\/p>\n<p><strong>Ja\u00e9n\u00a0 40.6 grados<\/strong><\/p>\n<p><strong>Almer\u00eda Aeropuerto 27.5 grados<\/strong><\/p>\n<p><strong>C\u00e1diz\u00a0 30.1 grados<\/strong><\/p>\n<p><strong>Huelva\u00a0 33.8\u00a0 grados<\/strong><\/p>\n<p><strong>Hinojosa del Duque 42 grados<\/strong><\/p>\n<p><strong>Baza 41.4 grados , curiosamente m\u00ednima 18 grados<\/strong><\/p>\n<p><strong>Jerez de la Frontera 38.3<\/strong><\/p>\n<p><strong>\u00c9cija 39.9 grados<\/strong><\/p>\n<p><strong>Montoro 40.8 grados<\/strong><\/p>\n<h3><span style=\"color: #0000ff;\"><strong>Os paso otras m\u00e1ximas de Espa\u00f1a<\/strong><\/span><\/h3>\n<p><strong>Badajoz Aeropuerto\u00a0 39.5 grados<\/strong><\/p>\n<p><strong>C\u00e1ceres\u00a0 \u00a038.5 grados<\/strong><\/p>\n<p><strong>Toledo 42.3 grados<\/strong><\/p>\n<p><strong>Talavera de la Reina 43.7 grados<\/strong><\/p>\n<p><strong>Albacete 37 grados<\/strong><\/p>\n<p><strong>Madrid Aeropuerto 40.2 grados<\/strong><\/p>\n<p><strong>Madrid Retiro\u00a0 \u00a037.9 grados<\/strong><\/p>\n<p><strong>Guadalajara\u00a0 \u00a038.8 grados<\/strong><\/p>\n<p><strong>Salamanca 36.1 grados\u00a0<\/strong><\/p>\n<p><strong>Ciudad Real\u00a0 40.8 grados<\/strong><\/p>\n<p>Queda ma\u00f1ana lunes para ver que m\u00e1ximas damos en las provincias de M\u00e1laga, Almer\u00eda,\u00a0 Regi\u00f3n de Murcia y Comunidad Valenciana, estas dos \u00faltimas est\u00e1n en aviso rojo.<\/p>\n<p>Os dejo hasta ma\u00f1ana, que hablaremos de otra <strong>bestia que viene<\/strong>&#8230;&#8230;<\/p>\n<p>Fot\u00f3n de mi amigo Crist\u00f3bal Gambero.<\/p>\n<p>&nbsp;<\/p>\n<p><a href=\"https:\/\/static-blogs.diariosur.es\/wp-content\/uploads\/sites\/12\/2021\/07\/206852656_4057039407678356_5700264042798452141_n-533x400-1.jpg\"><img loading=\"lazy\" class=\"aligncenter size-full wp-image-30425\" src=\"https:\/\/static-blogs.diariosur.es\/wp-content\/uploads\/sites\/12\/2021\/07\/206852656_4057039407678356_5700264042798452141_n-533x400-1.jpg\" alt=\"\" width=\"533\" height=\"400\" \/><\/a><\/p>\n<p>&nbsp;<\/p>\n<p>&nbsp;<\/p>\n<p>&nbsp;<\/p>\n","protected":false},"excerpt":{"rendered":"<p>Reedito: Se forman tormentas en las provincias de Sevilla y C\u00f3rdoba Buenas noches, amigos de la meteo. La tan temida &#8220;bestia africana&#8221; pasa con m\u00e1s pena que gloria en toda la pen\u00ednsula, centr\u00e1ndonos en nuestra comunidad andaluza destacar estas m\u00e1ximas: Fuente aemet Granada Aeropuerto con 42.6 grados Base A\u00e9rea de Armilla 43.5 grados Sevilla Aeropuerto [&hellip;]<\/p>\n","protected":false},"author":16,"featured_media":30319,"comment_status":"open","ping_status":"open","sticky":false,"template":"","format":"standard","meta":[],"categories":[1],"tags":[81,1605,212,358,1606,732,962],"_links":{"self":[{"href":"https:\/\/blogs.diariosur.es\/tormentas-y-rayos\/wp-json\/wp\/v2\/posts\/30423"}],"collection":[{"href":"https:\/\/blogs.diariosur.es\/tormentas-y-rayos\/wp-json\/wp\/v2\/posts"}],"about":[{"href":"https:\/\/blogs.diariosur.es\/tormentas-y-rayos\/wp-json\/wp\/v2\/types\/post"}],"author":[{"embeddable":true,"href":"https:\/\/blogs.diariosur.es\/tormentas-y-rayos\/wp-json\/wp\/v2\/users\/16"}],"replies":[{"embeddable":true,"href":"https:\/\/blogs.diariosur.es\/tormentas-y-rayos\/wp-json\/wp\/v2\/comments?post=30423"}],"version-history":[{"count":6,"href":"https:\/\/blogs.diariosur.es\/tormentas-y-rayos\/wp-json\/wp\/v2\/posts\/30423\/revisions"}],"predecessor-version":[{"id":30432,"href":"https:\/\/blogs.diariosur.es\/tormentas-y-rayos\/wp-json\/wp\/v2\/posts\/30423\/revisions\/30432"}],"wp:featuredmedia":[{"embeddable":true,"href":"https:\/\/blogs.diariosur.es\/tormentas-y-rayos\/wp-json\/wp\/v2\/media\/30319"}],"wp:attachment":[{"href":"https:\/\/blogs.diariosur.es\/tormentas-y-rayos\/wp-json\/wp\/v2\/media?parent=30423"}],"wp:term":[{"taxonomy":"category","embeddable":true,"href":"https:\/\/blogs.diariosur.es\/tormentas-y-rayos\/wp-json\/wp\/v2\/categories?post=30423"},{"taxonomy":"post_tag","embeddable":true,"href":"https:\/\/blogs.diariosur.es\/tormentas-y-rayos\/wp-json\/wp\/v2\/tags?post=30423"}],"curies":[{"name":"wp","href":"https:\/\/api.w.org\/{rel}","templated":true}]}}