{"id":30451,"date":"2021-07-13T08:34:02","date_gmt":"2021-07-13T06:34:02","guid":{"rendered":"https:\/\/blogs.diariosur.es\/tormentas-y-rayos\/?p=30451"},"modified":"2021-07-13T08:34:22","modified_gmt":"2021-07-13T06:34:22","slug":"el-tiempo-en-malaga-andalucia-las-altas-temperaturas-nos-da-un-respiro","status":"publish","type":"post","link":"https:\/\/blogs.diariosur.es\/tormentas-y-rayos\/2021\/07\/13\/el-tiempo-en-malaga-andalucia-las-altas-temperaturas-nos-da-un-respiro\/","title":{"rendered":"El tiempo en M\u00e1laga, Andaluc\u00eda. Las altas temperaturas nos dan un respiro."},"content":{"rendered":"<p><a href=\"https:\/\/static-blogs.diariosur.es\/wp-content\/uploads\/sites\/12\/2021\/07\/14918998_10209205702198583_610172030922997961_o.jpg\"><img loading=\"lazy\" class=\"aligncenter size-thumbnail wp-image-30441\" src=\"https:\/\/static-blogs.diariosur.es\/wp-content\/uploads\/sites\/12\/2021\/07\/14918998_10209205702198583_610172030922997961_o-150x150.jpg\" alt=\"\" width=\"150\" height=\"150\" \/><\/a><\/p>\n<p>Muy buenos d\u00edas, amigos de la meteo. Aunque en estos momentos cuando son las ocho de la ma\u00f1ana, sigue el viento de terral en M\u00e1laga capital, sobre las diez de la ma\u00f1ana cambiara a levante.\u00a0En el trascurso de cambio de viento se producir\u00e1n rachas fuetes, los cazatormentas le llamamos minigalerna.<\/p>\n<p>Como os comentaba ayer, las temperaturas m\u00e1ximas y m\u00ednimas, estar\u00e1n con valores &#8220;agradables&#8221; hasta el jueves en toda la comunidad. Con esto no quiero decir que pasemos fr\u00edo, simplemente que durante estos d\u00edas ser\u00e1 dif\u00edcil que se superen los 37 o 38 grados en las zonas m\u00e1s calurosas de Andaluc\u00eda. En las dem\u00e1s zonas entre los 25 y 28 grados, las m\u00ednimas tambi\u00e9n ser\u00e1n agradables.<\/p>\n<p>Para el fin de semana se espera que suban nuevamente las temperaturas m\u00e1ximas y m\u00ednimas en toda la comunidad.<\/p>\n<p>Os opongo los datos m\u00e1s destacados que se dieron ayer en Andaluc\u00eda.<\/p>\n<p>&nbsp;<\/p>\n<p><a href=\"https:\/\/static-blogs.diariosur.es\/wp-content\/uploads\/sites\/12\/2021\/07\/Captura-14.jpg\"><img loading=\"lazy\" class=\"aligncenter size-full wp-image-30452\" src=\"https:\/\/static-blogs.diariosur.es\/wp-content\/uploads\/sites\/12\/2021\/07\/Captura-14.jpg\" alt=\"\" width=\"1012\" height=\"932\" srcset=\"https:\/\/static-blogs.diariosur.es\/wp-content\/uploads\/sites\/12\/2021\/07\/Captura-14.jpg 1012w, https:\/\/static-blogs.diariosur.es\/wp-content\/uploads\/sites\/12\/2021\/07\/Captura-14-434x400.jpg 434w, https:\/\/static-blogs.diariosur.es\/wp-content\/uploads\/sites\/12\/2021\/07\/Captura-14-768x707.jpg 768w\" sizes=\"(max-width: 1012px) 100vw, 1012px\" \/><\/a><\/p>\n<p>&nbsp;<\/p>\n<p>Nos vemos ma\u00f1ana o el jueves. Foto de archivo.<\/p>\n<p>&nbsp;<\/p>\n<p><a href=\"https:\/\/static-blogs.diariosur.es\/wp-content\/uploads\/sites\/12\/2021\/07\/48686589363_5774b5a9b2_b.jpg\"><img loading=\"lazy\" class=\"aligncenter size-full wp-image-30453\" src=\"https:\/\/static-blogs.diariosur.es\/wp-content\/uploads\/sites\/12\/2021\/07\/48686589363_5774b5a9b2_b.jpg\" alt=\"\" width=\"1024\" height=\"683\" srcset=\"https:\/\/static-blogs.diariosur.es\/wp-content\/uploads\/sites\/12\/2021\/07\/48686589363_5774b5a9b2_b.jpg 1024w, https:\/\/static-blogs.diariosur.es\/wp-content\/uploads\/sites\/12\/2021\/07\/48686589363_5774b5a9b2_b-600x400.jpg 600w, https:\/\/static-blogs.diariosur.es\/wp-content\/uploads\/sites\/12\/2021\/07\/48686589363_5774b5a9b2_b-768x512.jpg 768w\" sizes=\"(max-width: 1024px) 100vw, 1024px\" \/><\/a><\/p>\n","protected":false},"excerpt":{"rendered":"<p>Muy buenos d\u00edas, amigos de la meteo. Aunque en estos momentos cuando son las ocho de la ma\u00f1ana, sigue el viento de terral en M\u00e1laga capital, sobre las diez de la ma\u00f1ana cambiara a levante.\u00a0En el trascurso de cambio de viento se producir\u00e1n rachas fuetes, los cazatormentas le llamamos minigalerna. Como os comentaba ayer, las [&hellip;]<\/p>\n","protected":false},"author":16,"featured_media":30453,"comment_status":"open","ping_status":"open","sticky":false,"template":"","format":"standard","meta":[],"categories":[1],"tags":[100,164,1525,358,553,587,945,962,975],"_links":{"self":[{"href":"https:\/\/blogs.diariosur.es\/tormentas-y-rayos\/wp-json\/wp\/v2\/posts\/30451"}],"collection":[{"href":"https:\/\/blogs.diariosur.es\/tormentas-y-rayos\/wp-json\/wp\/v2\/posts"}],"about":[{"href":"https:\/\/blogs.diariosur.es\/tormentas-y-rayos\/wp-json\/wp\/v2\/types\/post"}],"author":[{"embeddable":true,"href":"https:\/\/blogs.diariosur.es\/tormentas-y-rayos\/wp-json\/wp\/v2\/users\/16"}],"replies":[{"embeddable":true,"href":"https:\/\/blogs.diariosur.es\/tormentas-y-rayos\/wp-json\/wp\/v2\/comments?post=30451"}],"version-history":[{"count":2,"href":"https:\/\/blogs.diariosur.es\/tormentas-y-rayos\/wp-json\/wp\/v2\/posts\/30451\/revisions"}],"predecessor-version":[{"id":30455,"href":"https:\/\/blogs.diariosur.es\/tormentas-y-rayos\/wp-json\/wp\/v2\/posts\/30451\/revisions\/30455"}],"wp:featuredmedia":[{"embeddable":true,"href":"https:\/\/blogs.diariosur.es\/tormentas-y-rayos\/wp-json\/wp\/v2\/media\/30453"}],"wp:attachment":[{"href":"https:\/\/blogs.diariosur.es\/tormentas-y-rayos\/wp-json\/wp\/v2\/media?parent=30451"}],"wp:term":[{"taxonomy":"category","embeddable":true,"href":"https:\/\/blogs.diariosur.es\/tormentas-y-rayos\/wp-json\/wp\/v2\/categories?post=30451"},{"taxonomy":"post_tag","embeddable":true,"href":"https:\/\/blogs.diariosur.es\/tormentas-y-rayos\/wp-json\/wp\/v2\/tags?post=30451"}],"curies":[{"name":"wp","href":"https:\/\/api.w.org\/{rel}","templated":true}]}}