{"id":30456,"date":"2021-07-14T08:37:34","date_gmt":"2021-07-14T06:37:34","guid":{"rendered":"https:\/\/blogs.diariosur.es\/tormentas-y-rayos\/?p=30456"},"modified":"2021-07-14T08:37:34","modified_gmt":"2021-07-14T06:37:34","slug":"el-tiempo-en-espana-se-registran-temperaturas-minimas-otonales","status":"publish","type":"post","link":"https:\/\/blogs.diariosur.es\/tormentas-y-rayos\/2021\/07\/14\/el-tiempo-en-espana-se-registran-temperaturas-minimas-otonales\/","title":{"rendered":"El tiempo en Espa\u00f1a. Se registran temperaturas m\u00ednimas oto\u00f1ales."},"content":{"rendered":"<p><a href=\"https:\/\/static-blogs.diariosur.es\/wp-content\/uploads\/sites\/12\/2021\/07\/14918998_10209205702198583_610172030922997961_o.jpg\"><img loading=\"lazy\" class=\"aligncenter size-thumbnail wp-image-30441\" src=\"https:\/\/static-blogs.diariosur.es\/wp-content\/uploads\/sites\/12\/2021\/07\/14918998_10209205702198583_610172030922997961_o-150x150.jpg\" alt=\"\" width=\"150\" height=\"150\" \/><\/a><\/p>\n<p>Muy buenos d\u00edas, amigos de la meteo.\u00a0 \u00a0Os paso temperaturas m\u00ednimas que se han dado hoy en Espa\u00f1a. En algunos puntos ha hecho hasta fr\u00edo.<\/p>\n<p>Empezaremos con Andaluc\u00eda, Ceuta y Melilla que para las fechas que estamos no esta nada mal y a continuaci\u00f3n del resto de Espa\u00f1a de las capitales. Y para terminar las m\u00ednimas m\u00e1s bajas que se han dado que no son capitales.\u00a0 Fuente aemet.<\/p>\n<p>&nbsp;<\/p>\n<p><strong>M\u00c1LAGA AEROPUERTO\u00a0 20.8 GRADOS<\/strong><\/p>\n<p><strong>SEVILLA AEROPUERTO\u00a0 17.2 GRADOS<\/strong><\/p>\n<p><strong>C\u00d3RDOBA AEROPUERTO 16.8 GRADOS<\/strong><\/p>\n<p><strong>GRANADA AEROPUERTO\u00a0 14.3 GRADOS<\/strong><\/p>\n<p><strong>JA\u00c9N 18.9 GRADOS<\/strong><\/p>\n<p><strong>JEREZ DE LA FRONTERA\u00a0 14.1 GRADOS<\/strong><\/p>\n<p><strong>C\u00c1DIZ\u00a0 20.5 GRADOS<\/strong><\/p>\n<p><strong>BAZA\u00a0 13.6 GRADOS<\/strong><\/p>\n<p><strong>ALMER\u00cdA AEROPUERTO\u00a0 22.2 GRADOS<\/strong><\/p>\n<p><strong>TARIFA\u00a0 15.3 GRADOS<\/strong><\/p>\n<p><strong>CEUTA\u00a0 18.7 GRADOS<\/strong><\/p>\n<p><strong>MELILLA\u00a0 20.5 GRADOS<\/strong><\/p>\n<p><strong>ESTEPONA 18 GRADOS<\/strong><\/p>\n<p><strong>MARBELLA\u00a0 18.4 GRADOS<\/strong><\/p>\n<p><strong><a href=\"https:\/\/static-blogs.diariosur.es\/wp-content\/uploads\/sites\/12\/2021\/07\/ANDALUC\u00cdA.jpg\"><img loading=\"lazy\" class=\"aligncenter size-full wp-image-30457\" src=\"https:\/\/static-blogs.diariosur.es\/wp-content\/uploads\/sites\/12\/2021\/07\/ANDALUC\u00cdA.jpg\" alt=\"\" width=\"999\" height=\"249\" srcset=\"https:\/\/static-blogs.diariosur.es\/wp-content\/uploads\/sites\/12\/2021\/07\/ANDALUC\u00cdA.jpg 999w, https:\/\/static-blogs.diariosur.es\/wp-content\/uploads\/sites\/12\/2021\/07\/ANDALUC\u00cdA-640x160.jpg 640w, https:\/\/static-blogs.diariosur.es\/wp-content\/uploads\/sites\/12\/2021\/07\/ANDALUC\u00cdA-768x191.jpg 768w\" sizes=\"(max-width: 999px) 100vw, 999px\" \/><\/a><\/strong><\/p>\n<p>&nbsp;<\/p>\n<p><strong>CORU\u00d1A\u00a0 15.7 GRADOS<\/strong><\/p>\n<p><strong>PONTEVEDRA\u00a0 \u00a014.5 GRADOS<\/strong><\/p>\n<p><strong>VIGO AEROPUERTO\u00a0 \u00a014.2 GRADOS\u00a0<\/strong><\/p>\n<p><strong>SANTIAGO DE COMPOSTELA\u00a0 \u00a012.9 GRADOS<\/strong><\/p>\n<p><strong>OVIEDO\u00a0 13.8 GRADOS\u00a0<\/strong><\/p>\n<p><strong>GIJ\u00d3N\u00a0 \u00a015.9 GRADOS<\/strong><\/p>\n<p><strong>SANTANDER\u00a0 \u00a016.5 GRADOS<\/strong><\/p>\n<p><strong>SAN SEBASTIAN\u00a0 \u00a016.2 GRADOS<\/strong><\/p>\n<p><strong>BILBAO AEROPUERTO\u00a0 15.1 GRADOS<\/strong><\/p>\n<p><strong>PAMPLONA\u00a0 12.4 GRADOS<\/strong><\/p>\n<p><strong>ZARAGOZA\u00a0 15.6 GRADOS<\/strong><\/p>\n<p><strong>HUESCA AEROPUERTO 12.2 GRADOS<\/strong><\/p>\n<p><strong>TERUEL\u00a0 8.4 GRADOS<\/strong><\/p>\n<p><strong>BARCELONA\u00a0 18.9 GRADOS<\/strong><\/p>\n<p><strong>LLEIDA\u00a0 13.4 GRADOS<\/strong><\/p>\n<p><strong>VALENCIA AEROPUERTO\u00a0 17 GRADOS<\/strong><\/p>\n<p><strong>TOLEDO\u00a0 \u00a014.6 GRADOS<\/strong><\/p>\n<p><strong>CIUDAD REAL\u00a0 \u00a015.5 GRADOS<\/strong><\/p>\n<p><strong>CUENCA\u00a0 11.3 GRADOS<\/strong><\/p>\n<p><strong>ALBACETE\u00a0 14.5 GRADOS<\/strong><\/p>\n<p><strong>GUADALAJARA\u00a0 12.5 GRADOS<\/strong><\/p>\n<p><strong>MADRID AEROPUERTO\u00a0 14.2 GRADOS<\/strong><\/p>\n<p><strong>LE\u00d3N VIRGEN DEL CAMINO\u00a0 8 GRADOS<\/strong><\/p>\n<p><strong>VALLADOLID\u00a0 11.3 GRADOS<\/strong><\/p>\n<p><strong>AVILA\u00a0 10.4 GRADOS<\/strong><\/p>\n<p><strong>ZAMORA\u00a0 11.7 GRADOS<\/strong><\/p>\n<p><strong>SEGOVIA\u00a0 8.9 GRADOS<\/strong><\/p>\n<p><strong>SORIA\u00a0 \u00a08.6 GRADOS<\/strong><\/p>\n<p><strong>C\u00c1CERES\u00a0 16.1 GRADOS<\/strong><\/p>\n<p><strong>BADAJOZ AEROPUERTO\u00a0 16 GRADOS<\/strong><\/p>\n<p><strong>PALMA DE MALLORCA AEROPUERTO\u00a0 17.3 GRADOS<\/strong><\/p>\n<p>&nbsp;<\/p>\n<p><a href=\"https:\/\/static-blogs.diariosur.es\/wp-content\/uploads\/sites\/12\/2021\/07\/Captura-15.jpg\"><img loading=\"lazy\" class=\"aligncenter size-full wp-image-30458\" src=\"https:\/\/static-blogs.diariosur.es\/wp-content\/uploads\/sites\/12\/2021\/07\/Captura-15.jpg\" alt=\"\" width=\"924\" height=\"339\" srcset=\"https:\/\/static-blogs.diariosur.es\/wp-content\/uploads\/sites\/12\/2021\/07\/Captura-15.jpg 924w, https:\/\/static-blogs.diariosur.es\/wp-content\/uploads\/sites\/12\/2021\/07\/Captura-15-640x235.jpg 640w, https:\/\/static-blogs.diariosur.es\/wp-content\/uploads\/sites\/12\/2021\/07\/Captura-15-768x282.jpg 768w\" sizes=\"(max-width: 924px) 100vw, 924px\" \/><\/a><\/p>\n<p>&nbsp;<\/p>\n<p>Fuente acamet, destacan tres estaciones de M\u00e1laga.<\/p>\n<p>&nbsp;<\/p>\n<p><a href=\"https:\/\/static-blogs.diariosur.es\/wp-content\/uploads\/sites\/12\/2021\/07\/ACAMENT.jpg\"><img loading=\"lazy\" class=\"aligncenter size-full wp-image-30459\" src=\"https:\/\/static-blogs.diariosur.es\/wp-content\/uploads\/sites\/12\/2021\/07\/ACAMENT.jpg\" alt=\"\" width=\"441\" height=\"581\" srcset=\"https:\/\/static-blogs.diariosur.es\/wp-content\/uploads\/sites\/12\/2021\/07\/ACAMENT.jpg 441w, https:\/\/static-blogs.diariosur.es\/wp-content\/uploads\/sites\/12\/2021\/07\/ACAMENT-304x400.jpg 304w\" sizes=\"(max-width: 441px) 100vw, 441px\" \/><\/a><\/p>\n<p>&nbsp;<\/p>\n<p>Ma\u00f1ana os dar\u00e9 la previsi\u00f3n del pr\u00f3ximo fin de semana.<\/p>\n<p>Os dejo con esta foto de archivo.<\/p>\n<p>&nbsp;<\/p>\n<p><a href=\"https:\/\/static-blogs.diariosur.es\/wp-content\/uploads\/sites\/12\/2021\/07\/50958419621_9184c13319_b.jpg\"><img loading=\"lazy\" class=\"aligncenter size-full wp-image-30460\" src=\"https:\/\/static-blogs.diariosur.es\/wp-content\/uploads\/sites\/12\/2021\/07\/50958419621_9184c13319_b.jpg\" alt=\"\" width=\"1024\" height=\"683\" srcset=\"https:\/\/static-blogs.diariosur.es\/wp-content\/uploads\/sites\/12\/2021\/07\/50958419621_9184c13319_b.jpg 1024w, https:\/\/static-blogs.diariosur.es\/wp-content\/uploads\/sites\/12\/2021\/07\/50958419621_9184c13319_b-600x400.jpg 600w, https:\/\/static-blogs.diariosur.es\/wp-content\/uploads\/sites\/12\/2021\/07\/50958419621_9184c13319_b-768x512.jpg 768w\" sizes=\"(max-width: 1024px) 100vw, 1024px\" \/><\/a><\/p>\n","protected":false},"excerpt":{"rendered":"<p>Muy buenos d\u00edas, amigos de la meteo.\u00a0 \u00a0Os paso temperaturas m\u00ednimas que se han dado hoy en Espa\u00f1a. En algunos puntos ha hecho hasta fr\u00edo. Empezaremos con Andaluc\u00eda, Ceuta y Melilla que para las fechas que estamos no esta nada mal y a continuaci\u00f3n del resto de Espa\u00f1a de las capitales. Y para terminar las [&hellip;]<\/p>\n","protected":false},"author":16,"featured_media":30460,"comment_status":"open","ping_status":"open","sticky":false,"template":"","format":"standard","meta":[],"categories":[1],"tags":[1525,358,375,660,1227,945,962,1052],"_links":{"self":[{"href":"https:\/\/blogs.diariosur.es\/tormentas-y-rayos\/wp-json\/wp\/v2\/posts\/30456"}],"collection":[{"href":"https:\/\/blogs.diariosur.es\/tormentas-y-rayos\/wp-json\/wp\/v2\/posts"}],"about":[{"href":"https:\/\/blogs.diariosur.es\/tormentas-y-rayos\/wp-json\/wp\/v2\/types\/post"}],"author":[{"embeddable":true,"href":"https:\/\/blogs.diariosur.es\/tormentas-y-rayos\/wp-json\/wp\/v2\/users\/16"}],"replies":[{"embeddable":true,"href":"https:\/\/blogs.diariosur.es\/tormentas-y-rayos\/wp-json\/wp\/v2\/comments?post=30456"}],"version-history":[{"count":1,"href":"https:\/\/blogs.diariosur.es\/tormentas-y-rayos\/wp-json\/wp\/v2\/posts\/30456\/revisions"}],"predecessor-version":[{"id":30461,"href":"https:\/\/blogs.diariosur.es\/tormentas-y-rayos\/wp-json\/wp\/v2\/posts\/30456\/revisions\/30461"}],"wp:featuredmedia":[{"embeddable":true,"href":"https:\/\/blogs.diariosur.es\/tormentas-y-rayos\/wp-json\/wp\/v2\/media\/30460"}],"wp:attachment":[{"href":"https:\/\/blogs.diariosur.es\/tormentas-y-rayos\/wp-json\/wp\/v2\/media?parent=30456"}],"wp:term":[{"taxonomy":"category","embeddable":true,"href":"https:\/\/blogs.diariosur.es\/tormentas-y-rayos\/wp-json\/wp\/v2\/categories?post=30456"},{"taxonomy":"post_tag","embeddable":true,"href":"https:\/\/blogs.diariosur.es\/tormentas-y-rayos\/wp-json\/wp\/v2\/tags?post=30456"}],"curies":[{"name":"wp","href":"https:\/\/api.w.org\/{rel}","templated":true}]}}