{"id":30520,"date":"2021-07-25T13:15:23","date_gmt":"2021-07-25T11:15:23","guid":{"rendered":"https:\/\/blogs.diariosur.es\/tormentas-y-rayos\/?p=30520"},"modified":"2021-07-26T11:37:03","modified_gmt":"2021-07-26T09:37:03","slug":"ultima-hora-aviso-amarillo-por-lluvias-y-tormentas-en-andalucia-oriental","status":"publish","type":"post","link":"https:\/\/blogs.diariosur.es\/tormentas-y-rayos\/2021\/07\/25\/ultima-hora-aviso-amarillo-por-lluvias-y-tormentas-en-andalucia-oriental\/","title":{"rendered":"\u00daltima hora: Aviso  naranja y amarillo por lluvias y tormentas en Andaluc\u00eda oriental."},"content":{"rendered":"<p><a href=\"https:\/\/static-blogs.diariosur.es\/wp-content\/uploads\/sites\/12\/2021\/07\/14918998_10209205702198583_610172030922997961_o.jpg\"><img loading=\"lazy\" class=\"aligncenter size-thumbnail wp-image-30441\" src=\"https:\/\/static-blogs.diariosur.es\/wp-content\/uploads\/sites\/12\/2021\/07\/14918998_10209205702198583_610172030922997961_o-150x150.jpg\" alt=\"\" width=\"150\" height=\"150\" \/><\/a><\/p>\n<p>Buenas tardes, amigos de la meteo.<\/p>\n<p>La aemet activa el aviso amarillo por lluvias y tormentas en la provincia de Almer\u00eda.<\/p>\n<p><span class=\"la-zona-zona\" data-zona-id=\"610404\">Levante almeriense<\/span>&#8211;<span class=\"la-zona-provincia\" data-zona-id=\"6104\">Almer\u00eda por precipitaciones de 15 litros y tormentas.<\/span><\/p>\n<p><span class=\"la-zona-zona\" data-zona-id=\"610401\">Valle del Almanzora y Los V\u00e9lez<\/span>&#8211;<span class=\"la-zona-provincia\" data-zona-id=\"6104\">Almer\u00eda por precipitaciones de 25 litros y tormentas.\u00a0<\/span><\/p>\n<p>En la Regi\u00f3n de Murcia y Comunidad Valenciana se activa el aviso naranja por tormentas y lluvias. El aviso amarillo se activa tambi\u00e9n en Ibiza.<\/p>\n<p>El aire fr\u00edo en altura, el calor acumulado y vientos h\u00famedos de origen mar\u00edtimo, contribuir\u00e1n a que se formen estas tormentas.<\/p>\n<p>Poco m\u00e1s que contar, os dejo con este foton de archivo de mi amiga Nany Lavado.<\/p>\n<p><a href=\"https:\/\/static-blogs.diariosur.es\/wp-content\/uploads\/sites\/12\/2021\/05\/nany-e1621318036150.jpg\"><img loading=\"lazy\" class=\"aligncenter size-thumbnail wp-image-29995\" src=\"https:\/\/static-blogs.diariosur.es\/wp-content\/uploads\/sites\/12\/2021\/05\/nany-150x150.jpg\" alt=\"\" width=\"150\" height=\"150\" \/><\/a><\/p>\n<p>&nbsp;<\/p>\n<p>&nbsp;<\/p>\n<p>&nbsp;<\/p>\n<p>&nbsp;<\/p>\n","protected":false},"excerpt":{"rendered":"<p>Buenas tardes, amigos de la meteo. La aemet activa el aviso amarillo por lluvias y tormentas en la provincia de Almer\u00eda. Levante almeriense&#8211;Almer\u00eda por precipitaciones de 15 litros y tormentas. Valle del Almanzora y Los V\u00e9lez&#8211;Almer\u00eda por precipitaciones de 25 litros y tormentas.\u00a0 En la Regi\u00f3n de Murcia y Comunidad Valenciana se activa el aviso [&hellip;]<\/p>\n","protected":false},"author":16,"featured_media":29995,"comment_status":"open","ping_status":"open","sticky":false,"template":"","format":"standard","meta":[],"categories":[1],"tags":[76,94,100,151,1525,358,485,569,676,945,996,1028],"_links":{"self":[{"href":"https:\/\/blogs.diariosur.es\/tormentas-y-rayos\/wp-json\/wp\/v2\/posts\/30520"}],"collection":[{"href":"https:\/\/blogs.diariosur.es\/tormentas-y-rayos\/wp-json\/wp\/v2\/posts"}],"about":[{"href":"https:\/\/blogs.diariosur.es\/tormentas-y-rayos\/wp-json\/wp\/v2\/types\/post"}],"author":[{"embeddable":true,"href":"https:\/\/blogs.diariosur.es\/tormentas-y-rayos\/wp-json\/wp\/v2\/users\/16"}],"replies":[{"embeddable":true,"href":"https:\/\/blogs.diariosur.es\/tormentas-y-rayos\/wp-json\/wp\/v2\/comments?post=30520"}],"version-history":[{"count":5,"href":"https:\/\/blogs.diariosur.es\/tormentas-y-rayos\/wp-json\/wp\/v2\/posts\/30520\/revisions"}],"predecessor-version":[{"id":30541,"href":"https:\/\/blogs.diariosur.es\/tormentas-y-rayos\/wp-json\/wp\/v2\/posts\/30520\/revisions\/30541"}],"wp:featuredmedia":[{"embeddable":true,"href":"https:\/\/blogs.diariosur.es\/tormentas-y-rayos\/wp-json\/wp\/v2\/media\/29995"}],"wp:attachment":[{"href":"https:\/\/blogs.diariosur.es\/tormentas-y-rayos\/wp-json\/wp\/v2\/media?parent=30520"}],"wp:term":[{"taxonomy":"category","embeddable":true,"href":"https:\/\/blogs.diariosur.es\/tormentas-y-rayos\/wp-json\/wp\/v2\/categories?post=30520"},{"taxonomy":"post_tag","embeddable":true,"href":"https:\/\/blogs.diariosur.es\/tormentas-y-rayos\/wp-json\/wp\/v2\/tags?post=30520"}],"curies":[{"name":"wp","href":"https:\/\/api.w.org\/{rel}","templated":true}]}}