{"id":30525,"date":"2021-07-25T19:13:56","date_gmt":"2021-07-25T17:13:56","guid":{"rendered":"https:\/\/blogs.diariosur.es\/tormentas-y-rayos\/?p=30525"},"modified":"2021-07-26T16:48:48","modified_gmt":"2021-07-26T14:48:48","slug":"el-tiempo-en-malaga-cuando-terminara-el-terral","status":"publish","type":"post","link":"https:\/\/blogs.diariosur.es\/tormentas-y-rayos\/2021\/07\/25\/el-tiempo-en-malaga-cuando-terminara-el-terral\/","title":{"rendered":"El tiempo en M\u00e1laga. \u00bfCuando terminara el terral?"},"content":{"rendered":"<p><a href=\"https:\/\/static-blogs.diariosur.es\/wp-content\/uploads\/sites\/12\/2021\/07\/14918998_10209205702198583_610172030922997961_o.jpg\"><img loading=\"lazy\" class=\"aligncenter size-thumbnail wp-image-30441\" src=\"https:\/\/static-blogs.diariosur.es\/wp-content\/uploads\/sites\/12\/2021\/07\/14918998_10209205702198583_610172030922997961_o-150x150.jpg\" alt=\"\" width=\"150\" height=\"150\" \/><\/a><\/p>\n<p>Buenas tardes, amigos de la meteo. Como estoy recibiendo muchos mensajes pregunt\u00e1ndome hasta cuando tendremos terral, os doy una noticia buena y otra mala.<\/p>\n<p>\u00bfCu\u00e1l prefer\u00eds primero?<\/p>\n<p>La buena que ma\u00f1ana a \u00faltima hora de la noche el terral abandonara tierras malague\u00f1as y entrara el levante con rachas fuertes durante el cambio. Hay modelos que lo atrasan y otros que lo adelantan sobre las ocho de la tarde.<\/p>\n<p>Si hoy domingo hemos dado 38 de m\u00e1xima, ma\u00f1ana rondaremos los 34 y 36 grados en zonas expuestas al viento malague\u00f1o. La aemet de momento no ha activado el aviso por altas temperaturas, ni creo que lo haga. En las comarcas de Antequera y Ronda entre los 28 y 31 grados. En el litoral donde no entre el terral rondar\u00e1n los 25 y 27 grados.<\/p>\n<p>Esta pr\u00f3xima madrugada, nuevamente tendremos rachas fuertes de viento de terral, pero ser\u00e1n m\u00e1s frescas.<\/p>\n<p>Aunque ma\u00f1ana cuando nuevamente actualice el blog lo comentar\u00e9, el martes hay probabilidad de tar\u00f3 y brumas en el litoral malague\u00f1o.<\/p>\n<p>La mala noticia es que muchos modelos dan probabilidad de terral para la tarde del viernes y el s\u00e1bado. El mi\u00e9rcoles lo confirmare.<\/p>\n<p>Os dejo con este fot\u00f3n de mi amigo Pepe Gandia.<\/p>\n<p><a href=\"https:\/\/static-blogs.diariosur.es\/wp-content\/uploads\/sites\/12\/2021\/07\/FB_IMG_1627229754682-e1627229997356.jpg\"><img loading=\"lazy\" class=\"aligncenter size-full wp-image-30530\" src=\"https:\/\/static-blogs.diariosur.es\/wp-content\/uploads\/sites\/12\/2021\/07\/FB_IMG_1627229754682-e1627229997356.jpg\" alt=\"\" width=\"700\" height=\"1042\" \/><\/a><\/p>\n<p>&nbsp;<\/p>\n<p>&nbsp;<\/p>\n<p>&nbsp;<\/p>\n<p>&nbsp;<\/p>\n","protected":false},"excerpt":{"rendered":"<p>Buenas tardes, amigos de la meteo. Como estoy recibiendo muchos mensajes pregunt\u00e1ndome hasta cuando tendremos terral, os doy una noticia buena y otra mala. \u00bfCu\u00e1l prefer\u00eds primero? La buena que ma\u00f1ana a \u00faltima hora de la noche el terral abandonara tierras malague\u00f1as y entrara el levante con rachas fuertes durante el cambio. Hay modelos que [&hellip;]<\/p>\n","protected":false},"author":16,"featured_media":30530,"comment_status":"open","ping_status":"open","sticky":false,"template":"","format":"standard","meta":[],"categories":[1],"tags":[1525,358,587,800,945,975],"_links":{"self":[{"href":"https:\/\/blogs.diariosur.es\/tormentas-y-rayos\/wp-json\/wp\/v2\/posts\/30525"}],"collection":[{"href":"https:\/\/blogs.diariosur.es\/tormentas-y-rayos\/wp-json\/wp\/v2\/posts"}],"about":[{"href":"https:\/\/blogs.diariosur.es\/tormentas-y-rayos\/wp-json\/wp\/v2\/types\/post"}],"author":[{"embeddable":true,"href":"https:\/\/blogs.diariosur.es\/tormentas-y-rayos\/wp-json\/wp\/v2\/users\/16"}],"replies":[{"embeddable":true,"href":"https:\/\/blogs.diariosur.es\/tormentas-y-rayos\/wp-json\/wp\/v2\/comments?post=30525"}],"version-history":[{"count":10,"href":"https:\/\/blogs.diariosur.es\/tormentas-y-rayos\/wp-json\/wp\/v2\/posts\/30525\/revisions"}],"predecessor-version":[{"id":30546,"href":"https:\/\/blogs.diariosur.es\/tormentas-y-rayos\/wp-json\/wp\/v2\/posts\/30525\/revisions\/30546"}],"wp:featuredmedia":[{"embeddable":true,"href":"https:\/\/blogs.diariosur.es\/tormentas-y-rayos\/wp-json\/wp\/v2\/media\/30530"}],"wp:attachment":[{"href":"https:\/\/blogs.diariosur.es\/tormentas-y-rayos\/wp-json\/wp\/v2\/media?parent=30525"}],"wp:term":[{"taxonomy":"category","embeddable":true,"href":"https:\/\/blogs.diariosur.es\/tormentas-y-rayos\/wp-json\/wp\/v2\/categories?post=30525"},{"taxonomy":"post_tag","embeddable":true,"href":"https:\/\/blogs.diariosur.es\/tormentas-y-rayos\/wp-json\/wp\/v2\/tags?post=30525"}],"curies":[{"name":"wp","href":"https:\/\/api.w.org\/{rel}","templated":true}]}}