{"id":30562,"date":"2021-07-27T08:43:49","date_gmt":"2021-07-27T06:43:49","guid":{"rendered":"https:\/\/blogs.diariosur.es\/tormentas-y-rayos\/?p=30562"},"modified":"2021-07-27T08:43:49","modified_gmt":"2021-07-27T06:43:49","slug":"el-tiempo-en-malaga-el-levante-y-los-sudores-protagonistas-se-cumplio-la-minigalerna","status":"publish","type":"post","link":"https:\/\/blogs.diariosur.es\/tormentas-y-rayos\/2021\/07\/27\/el-tiempo-en-malaga-el-levante-y-los-sudores-protagonistas-se-cumplio-la-minigalerna\/","title":{"rendered":"El tiempo en M\u00e1laga. El levante y los sudores protagonistas. Se cumpli\u00f3 la minigalerna."},"content":{"rendered":"<p><a href=\"https:\/\/static-blogs.diariosur.es\/wp-content\/uploads\/sites\/12\/2021\/06\/193954780_10222636052268941_1354368097572943509_n.jpg\"><img loading=\"lazy\" class=\"aligncenter size-thumbnail wp-image-30122\" src=\"https:\/\/static-blogs.diariosur.es\/wp-content\/uploads\/sites\/12\/2021\/06\/193954780_10222636052268941_1354368097572943509_n-150x150.jpg\" alt=\"\" width=\"150\" height=\"150\" \/><\/a><\/p>\n<p>Muy buenos d\u00edas sudorosos, amigos de la meteo. Ya tenemos el levante en la costa malague\u00f1a, la temperatura del agua del mar 18 grados, nubes bajas y una humedad que ronda el 88% a las nueve de la ma\u00f1ana.<\/p>\n<p>Os cuento que tengo un problema de <strong>alergia en la piel<\/strong> cuando hay mucha humedad y sudo, por eso prefiero un terral suave y no sudar.<\/p>\n<p>Se cumplieron ayer las previsiones y el levante entro m\u00e1s o menos a la hora prevista y acompa\u00f1ado de una minigalerna, que dejo una racha de 61\/km\/ por hora en la Estaci\u00f3n del Puerto de la aemet.<\/p>\n<p>Os paso la gr\u00e1fica de viento del puerto y la de temperaturas de las tres estaciones que tiene la aemet en M\u00e1laga, fijaros como baja la temperatura doce grados en poco tiempo.<\/p>\n<p>Fuente aemet.<\/p>\n<p>&nbsp;<\/p>\n<p><a href=\"https:\/\/static-blogs.diariosur.es\/wp-content\/uploads\/sites\/12\/2021\/07\/vi.jpg\"><img loading=\"lazy\" class=\"aligncenter size-full wp-image-30563\" src=\"https:\/\/static-blogs.diariosur.es\/wp-content\/uploads\/sites\/12\/2021\/07\/vi.jpg\" alt=\"\" width=\"1110\" height=\"491\" srcset=\"https:\/\/static-blogs.diariosur.es\/wp-content\/uploads\/sites\/12\/2021\/07\/vi.jpg 1110w, https:\/\/static-blogs.diariosur.es\/wp-content\/uploads\/sites\/12\/2021\/07\/vi-640x283.jpg 640w, https:\/\/static-blogs.diariosur.es\/wp-content\/uploads\/sites\/12\/2021\/07\/vi-768x340.jpg 768w\" sizes=\"(max-width: 1110px) 100vw, 1110px\" \/><\/a><\/p>\n<p><a href=\"https:\/\/static-blogs.diariosur.es\/wp-content\/uploads\/sites\/12\/2021\/07\/t.jpg\"><img loading=\"lazy\" class=\"aligncenter size-full wp-image-30564\" src=\"https:\/\/static-blogs.diariosur.es\/wp-content\/uploads\/sites\/12\/2021\/07\/t.jpg\" alt=\"\" width=\"1065\" height=\"460\" srcset=\"https:\/\/static-blogs.diariosur.es\/wp-content\/uploads\/sites\/12\/2021\/07\/t.jpg 1065w, https:\/\/static-blogs.diariosur.es\/wp-content\/uploads\/sites\/12\/2021\/07\/t-640x276.jpg 640w, https:\/\/static-blogs.diariosur.es\/wp-content\/uploads\/sites\/12\/2021\/07\/t-768x332.jpg 768w\" sizes=\"(max-width: 1065px) 100vw, 1065px\" \/><\/a> <a href=\"https:\/\/static-blogs.diariosur.es\/wp-content\/uploads\/sites\/12\/2021\/07\/t1.jpg\"><img loading=\"lazy\" class=\"aligncenter size-full wp-image-30565\" src=\"https:\/\/static-blogs.diariosur.es\/wp-content\/uploads\/sites\/12\/2021\/07\/t1.jpg\" alt=\"\" width=\"1073\" height=\"486\" srcset=\"https:\/\/static-blogs.diariosur.es\/wp-content\/uploads\/sites\/12\/2021\/07\/t1.jpg 1073w, https:\/\/static-blogs.diariosur.es\/wp-content\/uploads\/sites\/12\/2021\/07\/t1-640x290.jpg 640w, https:\/\/static-blogs.diariosur.es\/wp-content\/uploads\/sites\/12\/2021\/07\/t1-768x348.jpg 768w\" sizes=\"(max-width: 1073px) 100vw, 1073px\" \/><\/a> <a href=\"https:\/\/static-blogs.diariosur.es\/wp-content\/uploads\/sites\/12\/2021\/07\/t3.jpg\"><img loading=\"lazy\" class=\"aligncenter size-full wp-image-30566\" src=\"https:\/\/static-blogs.diariosur.es\/wp-content\/uploads\/sites\/12\/2021\/07\/t3.jpg\" alt=\"\" width=\"1128\" height=\"496\" srcset=\"https:\/\/static-blogs.diariosur.es\/wp-content\/uploads\/sites\/12\/2021\/07\/t3.jpg 1128w, https:\/\/static-blogs.diariosur.es\/wp-content\/uploads\/sites\/12\/2021\/07\/t3-640x281.jpg 640w, https:\/\/static-blogs.diariosur.es\/wp-content\/uploads\/sites\/12\/2021\/07\/t3-768x338.jpg 768w\" sizes=\"(max-width: 1128px) 100vw, 1128px\" \/><\/a><\/p>\n<p>Muy curioso ver tambi\u00e9n como sube la humedad. Fuente aemet.<\/p>\n<p>&nbsp;<\/p>\n<p><a href=\"https:\/\/static-blogs.diariosur.es\/wp-content\/uploads\/sites\/12\/2021\/07\/h.jpg\"><img loading=\"lazy\" class=\"aligncenter size-full wp-image-30567\" src=\"https:\/\/static-blogs.diariosur.es\/wp-content\/uploads\/sites\/12\/2021\/07\/h.jpg\" alt=\"\" width=\"1066\" height=\"475\" srcset=\"https:\/\/static-blogs.diariosur.es\/wp-content\/uploads\/sites\/12\/2021\/07\/h.jpg 1066w, https:\/\/static-blogs.diariosur.es\/wp-content\/uploads\/sites\/12\/2021\/07\/h-640x285.jpg 640w, https:\/\/static-blogs.diariosur.es\/wp-content\/uploads\/sites\/12\/2021\/07\/h-768x342.jpg 768w\" sizes=\"(max-width: 1066px) 100vw, 1066px\" \/><\/a><\/p>\n<p>&nbsp;<\/p>\n<p>Ayer tuve el placer de conocer a un seguidor de mi blog que vive en Torremolinos. Charlamos de meteorolog\u00eda y aprend\u00ed un poco m\u00e1s de la meteo de Torremolinos gracias a \u00e9l.<\/p>\n<p>Da la casualidad que tampoco nos gusta la humedad y el bochorno. Amigo Francis Ternero, encantado de conocerte.<\/p>\n<p>&nbsp;<\/p>\n<p><a href=\"https:\/\/static-blogs.diariosur.es\/wp-content\/uploads\/sites\/12\/2021\/07\/221988777_10222958178001883_2782302827585890841_n.jpg\"><img loading=\"lazy\" class=\"aligncenter size-full wp-image-30568\" src=\"https:\/\/static-blogs.diariosur.es\/wp-content\/uploads\/sites\/12\/2021\/07\/221988777_10222958178001883_2782302827585890841_n.jpg\" alt=\"\" width=\"960\" height=\"540\" srcset=\"https:\/\/static-blogs.diariosur.es\/wp-content\/uploads\/sites\/12\/2021\/07\/221988777_10222958178001883_2782302827585890841_n.jpg 960w, https:\/\/static-blogs.diariosur.es\/wp-content\/uploads\/sites\/12\/2021\/07\/221988777_10222958178001883_2782302827585890841_n-640x360.jpg 640w, https:\/\/static-blogs.diariosur.es\/wp-content\/uploads\/sites\/12\/2021\/07\/221988777_10222958178001883_2782302827585890841_n-768x432.jpg 768w\" sizes=\"(max-width: 960px) 100vw, 960px\" \/><\/a><\/p>\n<p>&nbsp;<\/p>\n","protected":false},"excerpt":{"rendered":"<p>Muy buenos d\u00edas sudorosos, amigos de la meteo. Ya tenemos el levante en la costa malague\u00f1a, la temperatura del agua del mar 18 grados, nubes bajas y una humedad que ronda el 88% a las nueve de la ma\u00f1ana. Os cuento que tengo un problema de alergia en la piel cuando hay mucha humedad y [&hellip;]<\/p>\n","protected":false},"author":16,"featured_media":30568,"comment_status":"open","ping_status":"open","sticky":false,"template":"","format":"standard","meta":[],"categories":[1],"tags":[358,553,587,658,800,975],"_links":{"self":[{"href":"https:\/\/blogs.diariosur.es\/tormentas-y-rayos\/wp-json\/wp\/v2\/posts\/30562"}],"collection":[{"href":"https:\/\/blogs.diariosur.es\/tormentas-y-rayos\/wp-json\/wp\/v2\/posts"}],"about":[{"href":"https:\/\/blogs.diariosur.es\/tormentas-y-rayos\/wp-json\/wp\/v2\/types\/post"}],"author":[{"embeddable":true,"href":"https:\/\/blogs.diariosur.es\/tormentas-y-rayos\/wp-json\/wp\/v2\/users\/16"}],"replies":[{"embeddable":true,"href":"https:\/\/blogs.diariosur.es\/tormentas-y-rayos\/wp-json\/wp\/v2\/comments?post=30562"}],"version-history":[{"count":1,"href":"https:\/\/blogs.diariosur.es\/tormentas-y-rayos\/wp-json\/wp\/v2\/posts\/30562\/revisions"}],"predecessor-version":[{"id":30570,"href":"https:\/\/blogs.diariosur.es\/tormentas-y-rayos\/wp-json\/wp\/v2\/posts\/30562\/revisions\/30570"}],"wp:featuredmedia":[{"embeddable":true,"href":"https:\/\/blogs.diariosur.es\/tormentas-y-rayos\/wp-json\/wp\/v2\/media\/30568"}],"wp:attachment":[{"href":"https:\/\/blogs.diariosur.es\/tormentas-y-rayos\/wp-json\/wp\/v2\/media?parent=30562"}],"wp:term":[{"taxonomy":"category","embeddable":true,"href":"https:\/\/blogs.diariosur.es\/tormentas-y-rayos\/wp-json\/wp\/v2\/categories?post=30562"},{"taxonomy":"post_tag","embeddable":true,"href":"https:\/\/blogs.diariosur.es\/tormentas-y-rayos\/wp-json\/wp\/v2\/tags?post=30562"}],"curies":[{"name":"wp","href":"https:\/\/api.w.org\/{rel}","templated":true}]}}