{"id":30608,"date":"2021-07-31T19:13:01","date_gmt":"2021-07-31T17:13:01","guid":{"rendered":"https:\/\/blogs.diariosur.es\/tormentas-y-rayos\/?p=30608"},"modified":"2021-07-31T20:04:16","modified_gmt":"2021-07-31T18:04:16","slug":"el-tiempo-en-malaga-que-tiempo-hara-el-domingo-1-de-agosto","status":"publish","type":"post","link":"https:\/\/blogs.diariosur.es\/tormentas-y-rayos\/2021\/07\/31\/el-tiempo-en-malaga-que-tiempo-hara-el-domingo-1-de-agosto\/","title":{"rendered":"El tiempo en M\u00e1laga. \u00bfQu\u00e9 tiempo har\u00e1 el domingo 1 de agosto?"},"content":{"rendered":"<p><a href=\"https:\/\/static-blogs.diariosur.es\/wp-content\/uploads\/sites\/12\/2021\/07\/14918998_10209205702198583_610172030922997961_o-e1627275993592.jpg\"><img loading=\"lazy\" class=\"aligncenter size-thumbnail wp-image-30441\" src=\"https:\/\/static-blogs.diariosur.es\/wp-content\/uploads\/sites\/12\/2021\/07\/14918998_10209205702198583_610172030922997961_o-150x150.jpg\" alt=\"\" width=\"150\" height=\"150\" \/><\/a><\/p>\n<p>Buenas tardes, amigos de la meteo. Se cumplen las previsiones que daba para hoy s\u00e1bado, el terral suave y las rachas fuertes de poniente son protagonistas.<\/p>\n<p>La estaci\u00f3n del Aeropuerto ha registrado una m\u00e1xima de 36.4 grados, Centro meteorol\u00f3gico 35.4 y el Puerto 33.6 grados. Fuente Aemet. Estas m\u00e1ximas nada que ver con el s\u00e1bado pasado y las m\u00ednimas que se esperan ma\u00f1ana tampoco.<\/p>\n<h3>\u00bfQu\u00e9 tiempo har\u00e1 el domingo 1 de agosto?<\/h3>\n<p>La pr\u00f3xima madrugada del domingo, seguir\u00e1n las rachas fuertes de poniente y terral, la temperatura en la zona donde hoy s\u00e1bado ha soplado terral no ser\u00e1n muy altas, las m\u00ednimas rondar\u00e1n los 23 y 24 grados, en las dem\u00e1s zonas de la provincia entre 16 y 21, como es el caso de las comarcas de Antequera y Ronda.<\/p>\n<p>Por la ma\u00f1ana y sobre el mediod\u00eda las rachas de viento ir\u00e1n a menos en toda la provincia malague\u00f1a, salvo en la costa m\u00e1s occidental cercana al estrecho que seguir\u00e1n soplando\u00a0 moderadas con alg\u00fan intervalo fuerte hasta por la tarde, nada comparado con lo de hoy. Mejor d\u00eda de playa.<\/p>\n<p>Las temperaturas m\u00e1ximas bajar\u00e1n en las zonas donde hoy hemos tenido terral y se mantendr\u00e1n o bajar\u00e1n en las otras zonas de la provincia.<\/p>\n<p>Os dejo amigos, con este fot\u00f3n de mi amigo Pepe Gandia, no es un montaje.<\/p>\n<p>Que pas\u00e9is ma\u00f1ana un buen domingo.<\/p>\n<p><a href=\"https:\/\/static-blogs.diariosur.es\/wp-content\/uploads\/sites\/12\/2021\/07\/FB_IMG_1627750794368-e1627750945904.jpg\"><img loading=\"lazy\" class=\"aligncenter size-full wp-image-30610\" src=\"https:\/\/static-blogs.diariosur.es\/wp-content\/uploads\/sites\/12\/2021\/07\/FB_IMG_1627750794368-e1627750945904.jpg\" alt=\"\" width=\"800\" height=\"1124\" \/><\/a><\/p>\n<p>&nbsp;<\/p>\n<p>&nbsp;<\/p>\n<p>&nbsp;<\/p>\n<p>&nbsp;<\/p>\n","protected":false},"excerpt":{"rendered":"<p>Buenas tardes, amigos de la meteo. Se cumplen las previsiones que daba para hoy s\u00e1bado, el terral suave y las rachas fuertes de poniente son protagonistas. La estaci\u00f3n del Aeropuerto ha registrado una m\u00e1xima de 36.4 grados, Centro meteorol\u00f3gico 35.4 y el Puerto 33.6 grados. Fuente Aemet. Estas m\u00e1ximas nada que ver con el s\u00e1bado [&hellip;]<\/p>\n","protected":false},"author":16,"featured_media":30610,"comment_status":"open","ping_status":"open","sticky":false,"template":"","format":"standard","meta":[],"categories":[1],"tags":[50,100,151,1525,357,587,791,800,945,975],"_links":{"self":[{"href":"https:\/\/blogs.diariosur.es\/tormentas-y-rayos\/wp-json\/wp\/v2\/posts\/30608"}],"collection":[{"href":"https:\/\/blogs.diariosur.es\/tormentas-y-rayos\/wp-json\/wp\/v2\/posts"}],"about":[{"href":"https:\/\/blogs.diariosur.es\/tormentas-y-rayos\/wp-json\/wp\/v2\/types\/post"}],"author":[{"embeddable":true,"href":"https:\/\/blogs.diariosur.es\/tormentas-y-rayos\/wp-json\/wp\/v2\/users\/16"}],"replies":[{"embeddable":true,"href":"https:\/\/blogs.diariosur.es\/tormentas-y-rayos\/wp-json\/wp\/v2\/comments?post=30608"}],"version-history":[{"count":5,"href":"https:\/\/blogs.diariosur.es\/tormentas-y-rayos\/wp-json\/wp\/v2\/posts\/30608\/revisions"}],"predecessor-version":[{"id":30614,"href":"https:\/\/blogs.diariosur.es\/tormentas-y-rayos\/wp-json\/wp\/v2\/posts\/30608\/revisions\/30614"}],"wp:featuredmedia":[{"embeddable":true,"href":"https:\/\/blogs.diariosur.es\/tormentas-y-rayos\/wp-json\/wp\/v2\/media\/30610"}],"wp:attachment":[{"href":"https:\/\/blogs.diariosur.es\/tormentas-y-rayos\/wp-json\/wp\/v2\/media?parent=30608"}],"wp:term":[{"taxonomy":"category","embeddable":true,"href":"https:\/\/blogs.diariosur.es\/tormentas-y-rayos\/wp-json\/wp\/v2\/categories?post=30608"},{"taxonomy":"post_tag","embeddable":true,"href":"https:\/\/blogs.diariosur.es\/tormentas-y-rayos\/wp-json\/wp\/v2\/tags?post=30608"}],"curies":[{"name":"wp","href":"https:\/\/api.w.org\/{rel}","templated":true}]}}