{"id":30762,"date":"2021-08-13T17:16:24","date_gmt":"2021-08-13T15:16:24","guid":{"rendered":"https:\/\/blogs.diariosur.es\/tormentas-y-rayos\/?p=30762"},"modified":"2021-08-13T18:00:21","modified_gmt":"2021-08-13T16:00:21","slug":"el-tiempo-fin-de-semana-en-andalucia-se-activan-mas-avisos-rojos-por-altas-temperaturas","status":"publish","type":"post","link":"https:\/\/blogs.diariosur.es\/tormentas-y-rayos\/2021\/08\/13\/el-tiempo-fin-de-semana-en-andalucia-se-activan-mas-avisos-rojos-por-altas-temperaturas\/","title":{"rendered":"El tiempo fin de semana en Andaluc\u00eda. Se activan m\u00e1s avisos rojos por altas temperaturas."},"content":{"rendered":"<p><a href=\"https:\/\/static-blogs.diariosur.es\/wp-content\/uploads\/sites\/12\/2021\/06\/193954780_10222636052268941_1354368097572943509_n.jpg\"><img loading=\"lazy\" class=\"aligncenter size-thumbnail wp-image-30122\" src=\"https:\/\/static-blogs.diariosur.es\/wp-content\/uploads\/sites\/12\/2021\/06\/193954780_10222636052268941_1354368097572943509_n-150x150.jpg\" alt=\"\" width=\"150\" height=\"150\" \/><\/a><\/p>\n<p>Muy buenas tardes, amigos de la meteo. En estos momentos cuando son las cuatro de la tarde en M\u00e1laga capital, la estaci\u00f3n del Puerto de la AEMET registra la m\u00ednima del dia a las 16:00 de la tarde con <strong>23.5 grados<\/strong>, esto se debe al tar\u00f3 que en estos momentos afecta a algunos puntos de la costa malague\u00f1a. En cambio en la estaci\u00f3n del Centro Meteorol\u00f3gico registra 30.2 grados, en el Aeropuerto 27.8 grados. Seguir\u00e1 la probabilidad de tar\u00f3 ma\u00f1ana s\u00e1bado tambi\u00e9n.<\/p>\n<p>Os paso una foto de mi mujer Genoveva Lozano en la playa de la colina a las 17:30.<\/p>\n<p>&nbsp;<\/p>\n<p><a href=\"https:\/\/static-blogs.diariosur.es\/wp-content\/uploads\/sites\/12\/2021\/08\/232162853_10223060117190299_7520492583848341589_n-e1628870407229.jpg\"><img loading=\"lazy\" class=\"aligncenter size-full wp-image-30773\" src=\"https:\/\/static-blogs.diariosur.es\/wp-content\/uploads\/sites\/12\/2021\/08\/232162853_10223060117190299_7520492583848341589_n-e1628870407229.jpg\" alt=\"\" width=\"1200\" height=\"675\" \/><\/a><\/p>\n<p><strong>En otras zonas de la provincia malague\u00f1a destacar, Ronda con <span style=\"color: #ff0000;\">40.7 grados<\/span>, Antequera<span style=\"color: #ff0000;\"> 39.6 grados<\/span>, Archidona en dos estaciones <span style=\"color: #ff0000;\">41.4 grados<\/span> y <span style=\"color: #ff0000;\">42<\/span>, Alpandeire <span style=\"color: #ff0000;\">40.9 grados<\/span>, Alameda <span style=\"color: #ff0000;\">42.4 grados<\/span>, Tolox <span style=\"color: #ff0000;\">38.7 grados<\/span>, Cuevas del Becerro <span style=\"color: #ff0000;\">39.4 grados<\/span>, Fuente Piedra<span style=\"color: #ff0000;\"> 40.7<\/span>,<span style=\"color: #ff0000;\">\u00a0<span style=\"color: #000000;\">\u00c1lora<\/span>\u00a038 grados<\/span><\/strong><\/p>\n<p>Fuentes: aemet, meteoclimatic, acamet.<\/p>\n<p>Las m\u00e1ximas m\u00e1s altas de Espa\u00f1a son estas, la mayor\u00eda en Andaluc\u00eda. Fuente aemet<\/p>\n<table class=\"tabla_datosresumen tabla_responsive\" cellspacing=\"0\">\n<thead>\n<tr class=\"cabecera_niv1\">\n<th class=\"padding1px4px\" colspan=\"6\" abbr=\"T. max.\">\n<div><span style=\"color: #000000;\"><strong>Temperatura m\u00e1xima (\u00b0C)<\/strong><\/span><\/div>\n<\/th>\n<\/tr>\n<\/thead>\n<tbody>\n<tr class=\"cabecera_niv2\">\n<th class=\"padding1px4px ocultar_resp\" abbr=\"Est.\">\n<div><span style=\"color: #000000;\"><strong>Estaci\u00f3n<\/strong><\/span><\/div>\n<\/th>\n<th class=\"padding1px4px ocultar_resp\" abbr=\"Prov.\">\n<div><span style=\"color: #000000;\"><strong>Provincia<\/strong><\/span><\/div>\n<\/th>\n<th class=\"padding1px4px ocultar_resp\" abbr=\"H\">\n<div><span style=\"color: #000000;\"><strong>Hora<\/strong><\/span><\/div>\n<\/th>\n<th class=\"padding1px4px ocultar_resp\" abbr=\"T. max.\">\n<div><span style=\"color: #000000;\"><strong>\u00b0C<\/strong><\/span><\/div>\n<\/th>\n<th class=\"padding1px4px ocultar_resp\" abbr=\"Ult. Hora\">\n<div><span style=\"color: #000000;\"><strong>Datos hasta<\/strong><\/span><\/div>\n<\/th>\n<\/tr>\n<tr class=\"fila_impar\">\n<td class=\"alinear_texto_izq tabla_temperatura\"><span style=\"color: #000000;\"><strong><a class=\"enlace_web\" style=\"color: #000000;\" href=\"http:\/\/www.aemet.es\/es\/eltiempo\/observacion\/ultimosdatos?k=&amp;l=5361X&amp;w=1&amp;datos=img&amp;f=\" rel=\"external nofollow\">Montoro<\/a><\/strong><\/span><\/td>\n<td class=\"texto_normal_centrado tabla_temperatura\"><span style=\"color: #000000;\"><strong>C\u00f3rdoba<\/strong><\/span><\/td>\n<td class=\"texto_normal_centrado tabla_temperatura\"><span style=\"color: #000000;\"><strong>15:40<\/strong><\/span><\/td>\n<td class=\"texto_normal_centrado tabla_temperatura\"><span style=\"color: #000000;\"><strong>\u00a0 <span style=\"color: #ff0000;\">46.1<\/span><\/strong><\/span><\/td>\n<td class=\"texto_normal_centrado tabla_temperatura\"><span style=\"color: #000000;\"><strong>\u00a0 16:00<\/strong><\/span><\/td>\n<\/tr>\n<tr class=\"fila_par\">\n<td class=\"alinear_texto_izq tabla_temperatura\"><span style=\"color: #000000;\"><strong><a class=\"enlace_web\" style=\"color: #000000;\" href=\"http:\/\/www.aemet.es\/es\/eltiempo\/observacion\/ultimosdatos?k=&amp;l=5402&amp;w=1&amp;datos=img&amp;f=\" rel=\"external nofollow\">C\u00f3rdoba Aeropuerto<\/a><\/strong><\/span><\/td>\n<td class=\"texto_normal_centrado tabla_temperatura\"><span style=\"color: #000000;\"><strong>C\u00f3rdoba<\/strong><\/span><\/td>\n<td class=\"texto_normal_centrado tabla_temperatura\"><span style=\"color: #000000;\"><strong>17:00<\/strong><\/span><\/td>\n<td class=\"texto_normal_centrado tabla_temperatura\"><span style=\"color: #000000;\"><strong>\u00a0 <span style=\"color: #ff0000;\">45.7<\/span><\/strong><\/span><\/td>\n<td class=\"texto_normal_centrado tabla_temperatura\"><span style=\"color: #000000;\"><strong>\u00a0 17:10<\/strong><\/span><\/td>\n<\/tr>\n<tr class=\"fila_impar\">\n<td class=\"alinear_texto_izq tabla_temperatura\"><span style=\"color: #000000;\"><strong><a class=\"enlace_web\" style=\"color: #000000;\" href=\"http:\/\/www.aemet.es\/es\/eltiempo\/observacion\/ultimosdatos?k=&amp;l=5515X&amp;w=1&amp;datos=img&amp;f=\" rel=\"external nofollow\">Granada-Cartuja<\/a><\/strong><\/span><\/td>\n<td class=\"texto_normal_centrado tabla_temperatura\"><span style=\"color: #000000;\"><strong>Granada<\/strong><\/span><\/td>\n<td class=\"texto_normal_centrado tabla_temperatura\"><span style=\"color: #000000;\"><strong>15:50<\/strong><\/span><\/td>\n<td class=\"texto_normal_centrado tabla_temperatura\"><span style=\"color: #000000;\"><strong>\u00a0 <span style=\"color: #ff0000;\">45.6<\/span><\/strong><\/span><\/td>\n<td class=\"texto_normal_centrado tabla_temperatura\"><span style=\"color: #000000;\"><strong>\u00a0 16:00<\/strong><\/span><\/td>\n<\/tr>\n<tr class=\"fila_par\">\n<td class=\"alinear_texto_izq tabla_temperatura\"><span style=\"color: #000000;\"><strong><a class=\"enlace_web\" style=\"color: #000000;\" href=\"http:\/\/www.aemet.es\/es\/eltiempo\/observacion\/ultimosdatos?k=&amp;l=5582A&amp;w=1&amp;datos=img&amp;f=\" rel=\"external nofollow\">Loja<\/a><\/strong><\/span><\/td>\n<td class=\"texto_normal_centrado tabla_temperatura\"><span style=\"color: #000000;\"><strong>Granada<\/strong><\/span><\/td>\n<td class=\"texto_normal_centrado tabla_temperatura\"><span style=\"color: #000000;\"><strong>16:20<\/strong><\/span><\/td>\n<td class=\"texto_normal_centrado tabla_temperatura\"><span style=\"color: #000000;\"><strong>\u00a0 <span style=\"color: #ff0000;\">45.4<\/span><\/strong><\/span><\/td>\n<td class=\"texto_normal_centrado tabla_temperatura\"><span style=\"color: #000000;\"><strong>\u00a0 17:10<\/strong><\/span><\/td>\n<\/tr>\n<tr class=\"fila_impar\">\n<td class=\"alinear_texto_izq tabla_temperatura\"><span style=\"color: #000000;\"><strong><a class=\"enlace_web\" style=\"color: #000000;\" href=\"http:\/\/www.aemet.es\/es\/eltiempo\/observacion\/ultimosdatos?k=&amp;l=5530E&amp;w=1&amp;datos=img&amp;f=\" rel=\"external nofollow\">Granada Aeropuerto<\/a><\/strong><\/span><\/td>\n<td class=\"texto_normal_centrado tabla_temperatura\"><span style=\"color: #000000;\"><strong>Granada<\/strong><\/span><\/td>\n<td class=\"texto_normal_centrado tabla_temperatura\"><span style=\"color: #000000;\"><strong>14:50<\/strong><\/span><\/td>\n<td class=\"texto_normal_centrado tabla_temperatura\"><span style=\"color: #000000;\"><strong>\u00a0 <span style=\"color: #ff0000;\">45.3<\/span><\/strong><\/span><\/td>\n<td class=\"texto_normal_centrado tabla_temperatura\"><span style=\"color: #000000;\"><strong>\u00a0 17:10<\/strong><\/span><\/td>\n<\/tr>\n<tr class=\"fila_par\">\n<td class=\"alinear_texto_izq tabla_temperatura\"><span style=\"color: #000000;\"><strong><a class=\"enlace_web\" style=\"color: #000000;\" href=\"http:\/\/www.aemet.es\/es\/eltiempo\/observacion\/ultimosdatos?k=&amp;l=4300Y&amp;w=1&amp;datos=img&amp;f=\" rel=\"external nofollow\">Almad\u00e9n<\/a><\/strong><\/span><\/td>\n<td class=\"texto_normal_centrado tabla_temperatura\"><span style=\"color: #000000;\"><strong>Ciudad Real<\/strong><\/span><\/td>\n<td class=\"texto_normal_centrado tabla_temperatura\"><span style=\"color: #000000;\"><strong>15:30<\/strong><\/span><\/td>\n<td class=\"texto_normal_centrado tabla_temperatura\"><span style=\"color: #000000;\"><strong>\u00a0 <span style=\"color: #ff0000;\">45.0<\/span><\/strong><\/span><\/td>\n<td class=\"texto_normal_centrado tabla_temperatura\"><span style=\"color: #000000;\"><strong>\u00a0 16:00<\/strong><\/span><\/td>\n<\/tr>\n<tr class=\"fila_impar\">\n<td class=\"alinear_texto_izq tabla_temperatura\"><span style=\"color: #000000;\"><strong><a class=\"enlace_web\" style=\"color: #000000;\" href=\"http:\/\/www.aemet.es\/es\/eltiempo\/observacion\/ultimosdatos?k=&amp;l=5210X&amp;w=1&amp;datos=img&amp;f=\" rel=\"external nofollow\">Villanueva del Arzobispo<\/a><\/strong><\/span><\/td>\n<td class=\"texto_normal_centrado tabla_temperatura\"><span style=\"color: #000000;\"><strong>Ja\u00e9n<\/strong><\/span><\/td>\n<td class=\"texto_normal_centrado tabla_temperatura\"><span style=\"color: #000000;\"><strong>16:00<\/strong><\/span><\/td>\n<td class=\"texto_normal_centrado tabla_temperatura\"><span style=\"color: #000000;\"><strong>\u00a0<span style=\"color: #ff0000;\"> 44.9<\/span><\/strong><\/span><\/td>\n<td class=\"texto_normal_centrado tabla_temperatura\"><span style=\"color: #000000;\"><strong>\u00a0 16:00<\/strong><\/span><\/td>\n<\/tr>\n<tr class=\"fila_par\">\n<td class=\"alinear_texto_izq tabla_temperatura\"><span style=\"color: #000000;\"><strong><a class=\"enlace_web\" style=\"color: #000000;\" href=\"http:\/\/www.aemet.es\/es\/eltiempo\/observacion\/ultimosdatos?k=&amp;l=5624X&amp;w=1&amp;datos=img&amp;f=\" rel=\"external nofollow\">Aguilar de la Frontera<\/a><\/strong><\/span><\/td>\n<td class=\"texto_normal_centrado tabla_temperatura\"><span style=\"color: #000000;\"><strong>C\u00f3rdoba<\/strong><\/span><\/td>\n<td class=\"texto_normal_centrado tabla_temperatura\"><span style=\"color: #000000;\"><strong>15:50<\/strong><\/span><\/td>\n<td class=\"texto_normal_centrado tabla_temperatura\"><span style=\"color: #000000;\"><strong>\u00a0 <span style=\"color: #ff0000;\">44.8<\/span><\/strong><\/span><\/td>\n<td class=\"texto_normal_centrado tabla_temperatura\"><span style=\"color: #000000;\"><strong>16:00<\/strong><\/span><\/td>\n<\/tr>\n<tr class=\"fila_impar\">\n<td class=\"alinear_texto_izq tabla_temperatura\"><span style=\"color: #000000;\"><strong><a class=\"enlace_web\" style=\"color: #000000;\" href=\"http:\/\/www.aemet.es\/es\/eltiempo\/observacion\/ultimosdatos?k=&amp;l=5641X&amp;w=1&amp;datos=img&amp;f=\" rel=\"external nofollow\">\u00c9cija<\/a><\/strong><\/span><\/td>\n<td class=\"texto_normal_centrado tabla_temperatura\"><span style=\"color: #000000;\"><strong>Sevilla<\/strong><\/span><\/td>\n<td class=\"texto_normal_centrado tabla_temperatura\"><span style=\"color: #000000;\"><strong>16:30<\/strong><\/span><\/td>\n<td class=\"texto_normal_centrado tabla_temperatura\"><span style=\"color: #000000;\"><strong>\u00a0 <span style=\"color: #ff0000;\">44.8<\/span><\/strong><\/span><\/td>\n<td class=\"texto_normal_centrado tabla_temperatura\"><span style=\"color: #000000;\"><strong>\u00a0 17:10<\/strong><\/span><\/td>\n<\/tr>\n<tr class=\"fila_par\">\n<td class=\"alinear_texto_izq tabla_temperatura\"><span style=\"color: #000000;\"><strong><a class=\"enlace_web\" style=\"color: #000000;\" href=\"http:\/\/www.aemet.es\/es\/eltiempo\/observacion\/ultimosdatos?k=&amp;l=5459X&amp;w=1&amp;datos=img&amp;f=\" rel=\"external nofollow\">Espiel<\/a><\/strong><\/span><\/td>\n<td class=\"texto_normal_centrado tabla_temperatura\"><span style=\"color: #000000;\"><strong>C\u00f3rdoba<\/strong><\/span><\/td>\n<td class=\"texto_normal_centrado tabla_temperatura\"><span style=\"color: #000000;\"><strong>16:00<\/strong><\/span><\/td>\n<td class=\"texto_normal_centrado tabla_temperatura\"><span style=\"color: #000000;\"><strong>\u00a0 <span style=\"color: #ff0000;\">44.7<\/span><\/strong><\/span><\/td>\n<td class=\"texto_normal_centrado tabla_temperatura\"><span style=\"color: #000000;\"><strong>\u00a0 16:00<\/strong><\/span><\/td>\n<\/tr>\n<\/tbody>\n<\/table>\n<p>&nbsp;<\/p>\n<p>&nbsp;<\/p>\n<h3><\/h3>\n<h3><a href=\"https:\/\/static-blogs.diariosur.es\/wp-content\/uploads\/sites\/12\/2021\/05\/14396804033_f8f14bfeac_o.jpg\"><img loading=\"lazy\" class=\"aligncenter size-full wp-image-29958\" src=\"https:\/\/static-blogs.diariosur.es\/wp-content\/uploads\/sites\/12\/2021\/05\/14396804033_f8f14bfeac_o.jpg\" alt=\"\" width=\"450\" height=\"606\" srcset=\"https:\/\/static-blogs.diariosur.es\/wp-content\/uploads\/sites\/12\/2021\/05\/14396804033_f8f14bfeac_o.jpg 450w, https:\/\/static-blogs.diariosur.es\/wp-content\/uploads\/sites\/12\/2021\/05\/14396804033_f8f14bfeac_o-297x400.jpg 297w\" sizes=\"(max-width: 450px) 100vw, 450px\" \/><\/a><\/h3>\n<p>&nbsp;<\/p>\n<h3><span style=\"color: #0000ff;\"><strong>El tiempo fin de semana en Andaluc\u00eda. Se activan m\u00e1s avisos rojos por altas temperaturas.<\/strong><\/span><\/h3>\n<p>Os pongo los avisos actualizados para ma\u00f1ana s\u00e1bado y el domingo en toda Espa\u00f1a, pueden ampliarse.<\/p>\n<p>En Andaluc\u00eda cuatro provincias entran en aviso rojo este fin de semana, las otras en aviso naranja. En algunas zonas de costa no hay avisos.<\/p>\n<p>Ma\u00f1ana en algunos puntos de las provincias de Sevilla y C\u00f3rdoba pueden llegar a los 46 grados. Curiosamente el norte peninsular est\u00e1n pasando fr\u00edo.<\/p>\n<p>Os paso los mapas de avisos del s\u00e1bado y domingo.<\/p>\n<p>&nbsp;<\/p>\n<p><a href=\"https:\/\/static-blogs.diariosur.es\/wp-content\/uploads\/sites\/12\/2021\/08\/domingo.jpg\"><img loading=\"lazy\" class=\"aligncenter size-full wp-image-30766\" src=\"https:\/\/static-blogs.diariosur.es\/wp-content\/uploads\/sites\/12\/2021\/08\/domingo.jpg\" alt=\"\" width=\"688\" height=\"591\" srcset=\"https:\/\/static-blogs.diariosur.es\/wp-content\/uploads\/sites\/12\/2021\/08\/domingo.jpg 688w, https:\/\/static-blogs.diariosur.es\/wp-content\/uploads\/sites\/12\/2021\/08\/domingo-466x400.jpg 466w\" sizes=\"(max-width: 688px) 100vw, 688px\" \/><\/a> <a href=\"https:\/\/static-blogs.diariosur.es\/wp-content\/uploads\/sites\/12\/2021\/08\/sbado.jpg\"><img loading=\"lazy\" class=\"aligncenter size-full wp-image-30767\" src=\"https:\/\/static-blogs.diariosur.es\/wp-content\/uploads\/sites\/12\/2021\/08\/sbado.jpg\" alt=\"\" width=\"697\" height=\"595\" srcset=\"https:\/\/static-blogs.diariosur.es\/wp-content\/uploads\/sites\/12\/2021\/08\/sbado.jpg 697w, https:\/\/static-blogs.diariosur.es\/wp-content\/uploads\/sites\/12\/2021\/08\/sbado-469x400.jpg 469w\" sizes=\"(max-width: 697px) 100vw, 697px\" \/><\/a><\/p>\n<p>&nbsp;<\/p>\n<p>El domingo espero m\u00e1ximas muy altas en las comarcas de Antequera y Ronda, tambi\u00e9n en el Valle del Guadalhorce se esperan temperaturas de 40 y 42 grados. En la Axarqu\u00eda sobre los 35 y 38 grados. En zonas de costas el calor ser\u00e1 m\u00e1s llevadero entre comillas.<\/p>\n<p><span style=\"color: #ff0000;\"><strong>Con respecto al terral, los modelos no tienen claro si en M\u00e1laga capital entrar\u00e1 estos pr\u00f3ximos d\u00edas. La probabilidad m\u00e1s alta ser\u00eda el lunes.\u00a0<\/strong><\/span><\/p>\n<p>Nos vemos ma\u00f1ana, y espero que los modelos se aclaren con el terral.<\/p>\n<p>Os dejo con este fot\u00f3n clasico de la ola de calor. El autor mi amigo Lui G. Mar\u00edn.<\/p>\n<p>&nbsp;<\/p>\n<p><a href=\"https:\/\/static-blogs.diariosur.es\/wp-content\/uploads\/sites\/12\/2021\/06\/67569139_2329020143853909_8552455397410078720_o.jpg\"><img loading=\"lazy\" class=\"aligncenter size-full wp-image-30239\" src=\"https:\/\/static-blogs.diariosur.es\/wp-content\/uploads\/sites\/12\/2021\/06\/67569139_2329020143853909_8552455397410078720_o.jpg\" alt=\"\" width=\"1200\" height=\"800\" srcset=\"https:\/\/static-blogs.diariosur.es\/wp-content\/uploads\/sites\/12\/2021\/06\/67569139_2329020143853909_8552455397410078720_o.jpg 1200w, https:\/\/static-blogs.diariosur.es\/wp-content\/uploads\/sites\/12\/2021\/06\/67569139_2329020143853909_8552455397410078720_o-600x400.jpg 600w, https:\/\/static-blogs.diariosur.es\/wp-content\/uploads\/sites\/12\/2021\/06\/67569139_2329020143853909_8552455397410078720_o-768x512.jpg 768w\" sizes=\"(max-width: 1200px) 100vw, 1200px\" \/><\/a><\/p>\n<p>&nbsp;<\/p>\n<p>&nbsp;<\/p>\n","protected":false},"excerpt":{"rendered":"<p>Muy buenas tardes, amigos de la meteo. En estos momentos cuando son las cuatro de la tarde en M\u00e1laga capital, la estaci\u00f3n del Puerto de la AEMET registra la m\u00ednima del dia a las 16:00 de la tarde con 23.5 grados, esto se debe al tar\u00f3 que en estos momentos afecta a algunos puntos de [&hellip;]<\/p>\n","protected":false},"author":16,"featured_media":30239,"comment_status":"open","ping_status":"open","sticky":false,"template":"","format":"standard","meta":[],"categories":[1],"tags":[81,100,151,1612,375,676,732,872,962],"_links":{"self":[{"href":"https:\/\/blogs.diariosur.es\/tormentas-y-rayos\/wp-json\/wp\/v2\/posts\/30762"}],"collection":[{"href":"https:\/\/blogs.diariosur.es\/tormentas-y-rayos\/wp-json\/wp\/v2\/posts"}],"about":[{"href":"https:\/\/blogs.diariosur.es\/tormentas-y-rayos\/wp-json\/wp\/v2\/types\/post"}],"author":[{"embeddable":true,"href":"https:\/\/blogs.diariosur.es\/tormentas-y-rayos\/wp-json\/wp\/v2\/users\/16"}],"replies":[{"embeddable":true,"href":"https:\/\/blogs.diariosur.es\/tormentas-y-rayos\/wp-json\/wp\/v2\/comments?post=30762"}],"version-history":[{"count":9,"href":"https:\/\/blogs.diariosur.es\/tormentas-y-rayos\/wp-json\/wp\/v2\/posts\/30762\/revisions"}],"predecessor-version":[{"id":30774,"href":"https:\/\/blogs.diariosur.es\/tormentas-y-rayos\/wp-json\/wp\/v2\/posts\/30762\/revisions\/30774"}],"wp:featuredmedia":[{"embeddable":true,"href":"https:\/\/blogs.diariosur.es\/tormentas-y-rayos\/wp-json\/wp\/v2\/media\/30239"}],"wp:attachment":[{"href":"https:\/\/blogs.diariosur.es\/tormentas-y-rayos\/wp-json\/wp\/v2\/media?parent=30762"}],"wp:term":[{"taxonomy":"category","embeddable":true,"href":"https:\/\/blogs.diariosur.es\/tormentas-y-rayos\/wp-json\/wp\/v2\/categories?post=30762"},{"taxonomy":"post_tag","embeddable":true,"href":"https:\/\/blogs.diariosur.es\/tormentas-y-rayos\/wp-json\/wp\/v2\/tags?post=30762"}],"curies":[{"name":"wp","href":"https:\/\/api.w.org\/{rel}","templated":true}]}}