{"id":30821,"date":"2021-08-18T21:31:04","date_gmt":"2021-08-18T19:31:04","guid":{"rendered":"https:\/\/blogs.diariosur.es\/tormentas-y-rayos\/?p=30821"},"modified":"2021-08-18T21:31:04","modified_gmt":"2021-08-18T19:31:04","slug":"el-tiempo-fin-de-semana-en-malaga-tendremos-terral-la-corriente-del-golfo-al-borde-del-colapso","status":"publish","type":"post","link":"https:\/\/blogs.diariosur.es\/tormentas-y-rayos\/2021\/08\/18\/el-tiempo-fin-de-semana-en-malaga-tendremos-terral-la-corriente-del-golfo-al-borde-del-colapso\/","title":{"rendered":"El tiempo fin de semana en M\u00e1laga. \u00bfTendremos terral? La corriente del Golfo al borde del colapso"},"content":{"rendered":"<p><a href=\"https:\/\/static-blogs.diariosur.es\/wp-content\/uploads\/sites\/12\/2021\/07\/14918998_10209205702198583_610172030922997961_o-e1627275993592.jpg\"><img loading=\"lazy\" class=\"aligncenter size-thumbnail wp-image-30441\" src=\"https:\/\/static-blogs.diariosur.es\/wp-content\/uploads\/sites\/12\/2021\/07\/14918998_10209205702198583_610172030922997961_o-150x150.jpg\" alt=\"\" width=\"150\" height=\"150\" \/><\/a><\/p>\n<p>Muy buenas noches, amigos de la meteo. Acabo de llegar de la playa de la misericordia, he medido la temperatura del agua, en dos palabras, caldo del puchero, <span style=\"color: #ff0000;\"><strong>25.3 grados<\/strong><\/span>.<\/p>\n<p>Prefiero el agua m\u00e1s fr\u00eda, como mucho 20 o 21 grados. De aqui al s\u00e1bado pienso que se pondr\u00e1 a casi 27 grados. Adem\u00e1s estaba sucia, supongo que por la hora que es, eso si, medusas no he visto, ser\u00e1 porque estoy acostumbrado a ba\u00f1arme con ellas desde que era chico, me refiero a las grandes. Las peque\u00f1itas tienen m\u00e1s mala leche.<\/p>\n<p>Desde ayer la humedad me tiene de los nervios, esta pasada madrugada no pegue ojo debido al sudor, lo siento pero el aire acondicionado no me gusta, prefiero la ventana abierta y un ventilador silencioso. Y por m\u00e1s que me duche, me pongo peor.<\/p>\n<p>Ma\u00f1ana jueves y el viernes seguiremos con esta humedad tal alta, y en alg\u00fan momento del d\u00eda con nubes bajas. Tener 30 grados con una humedad del 60% son 35 o 36 grados, en Granada tienen ahora 34 grados y una humedad del 26%, la sensaci\u00f3n t\u00e9rmica es de uno o dos grados menos y sin sudar.<\/p>\n<p>Tranquilos que en unos segundos os dir\u00e9 si tendremos terral el fin de semana. Pero antes toca leer a mis amigos de cazatormentas pinchando en el enlace<\/p>\n<h3 class=\"entry-title\"><a href=\"https:\/\/www.cazatormentas.com\/corriente-golfo-borde-colapso\/\" rel=\"external nofollow\"><span style=\"color: #0000ff;\">La corriente del Golfo al borde del colapso<\/span><\/a><\/h3>\n<p>&nbsp;<\/p>\n<p><a href=\"https:\/\/static-blogs.diariosur.es\/wp-content\/uploads\/sites\/12\/2021\/08\/corriente-del-golfo.jpg\"><img loading=\"lazy\" class=\"aligncenter size-full wp-image-30824\" src=\"https:\/\/static-blogs.diariosur.es\/wp-content\/uploads\/sites\/12\/2021\/08\/corriente-del-golfo.jpg\" alt=\"\" width=\"750\" height=\"546\" srcset=\"https:\/\/static-blogs.diariosur.es\/wp-content\/uploads\/sites\/12\/2021\/08\/corriente-del-golfo.jpg 750w, https:\/\/static-blogs.diariosur.es\/wp-content\/uploads\/sites\/12\/2021\/08\/corriente-del-golfo-549x400.jpg 549w\" sizes=\"(max-width: 750px) 100vw, 750px\" \/><\/a><\/p>\n<p>&nbsp;<\/p>\n<p>Me ha dicho un pajarito, que la gran mayor\u00eda, no ha le\u00eddo, as\u00ed que, os castigo sin daros la previsi\u00f3n del fin de semana.<\/p>\n<p>Es bromaaaaaaaaa. Tranquilos que no tendremos terral, y el viento soplar\u00e1 flojo. Si podemos tener nubes bajas, acompa\u00f1adas de brumas e incluso tar\u00f3 en alta mar, pero menos probable. Y humedad un mont\u00f3n.<\/p>\n<p>Os paso las temperaturas m\u00e1ximas y m\u00ednimas que prev\u00e9 la aemet para el s\u00e1bado y el domingo.<\/p>\n<p>&nbsp;<\/p>\n<p><a href=\"https:\/\/static-blogs.diariosur.es\/wp-content\/uploads\/sites\/12\/2021\/08\/sabado.jpg\"><img loading=\"lazy\" class=\"aligncenter size-full wp-image-30825\" src=\"https:\/\/static-blogs.diariosur.es\/wp-content\/uploads\/sites\/12\/2021\/08\/sabado.jpg\" alt=\"\" width=\"701\" height=\"549\" srcset=\"https:\/\/static-blogs.diariosur.es\/wp-content\/uploads\/sites\/12\/2021\/08\/sabado.jpg 701w, https:\/\/static-blogs.diariosur.es\/wp-content\/uploads\/sites\/12\/2021\/08\/sabado-511x400.jpg 511w\" sizes=\"(max-width: 701px) 100vw, 701px\" \/><\/a><\/p>\n<p>&nbsp;<\/p>\n<p>&nbsp;<\/p>\n<p><a href=\"https:\/\/static-blogs.diariosur.es\/wp-content\/uploads\/sites\/12\/2021\/08\/domingo-2.jpg\"><img loading=\"lazy\" class=\"aligncenter size-full wp-image-30826\" src=\"https:\/\/static-blogs.diariosur.es\/wp-content\/uploads\/sites\/12\/2021\/08\/domingo-2.jpg\" alt=\"\" width=\"696\" height=\"545\" srcset=\"https:\/\/static-blogs.diariosur.es\/wp-content\/uploads\/sites\/12\/2021\/08\/domingo-2.jpg 696w, https:\/\/static-blogs.diariosur.es\/wp-content\/uploads\/sites\/12\/2021\/08\/domingo-2-511x400.jpg 511w\" sizes=\"(max-width: 696px) 100vw, 696px\" \/><\/a><\/p>\n<p>&nbsp;<\/p>\n<p>Os dejo con otro fot\u00f3n de Nany Lavado que hizo el otro d\u00eda, que hubo calima.<\/p>\n<p>&nbsp;<\/p>\n<p><a href=\"https:\/\/static-blogs.diariosur.es\/wp-content\/uploads\/sites\/12\/2021\/08\/nany.jpg\"><img loading=\"lazy\" class=\"aligncenter size-full wp-image-30827\" src=\"https:\/\/static-blogs.diariosur.es\/wp-content\/uploads\/sites\/12\/2021\/08\/nany.jpg\" alt=\"\" width=\"1200\" height=\"800\" srcset=\"https:\/\/static-blogs.diariosur.es\/wp-content\/uploads\/sites\/12\/2021\/08\/nany.jpg 1200w, https:\/\/static-blogs.diariosur.es\/wp-content\/uploads\/sites\/12\/2021\/08\/nany-600x400.jpg 600w, https:\/\/static-blogs.diariosur.es\/wp-content\/uploads\/sites\/12\/2021\/08\/nany-768x512.jpg 768w\" sizes=\"(max-width: 1200px) 100vw, 1200px\" \/><\/a><\/p>\n","protected":false},"excerpt":{"rendered":"<p>Muy buenas noches, amigos de la meteo. Acabo de llegar de la playa de la misericordia, he medido la temperatura del agua, en dos palabras, caldo del puchero, 25.3 grados. Prefiero el agua m\u00e1s fr\u00eda, como mucho 20 o 21 grados. De aqui al s\u00e1bado pienso que se pondr\u00e1 a casi 27 grados. Adem\u00e1s estaba [&hellip;]<\/p>\n","protected":false},"author":16,"featured_media":30827,"comment_status":"open","ping_status":"open","sticky":false,"template":"","format":"standard","meta":[],"categories":[1],"tags":[100,1525,358,410,494,587,800,902,945,975],"_links":{"self":[{"href":"https:\/\/blogs.diariosur.es\/tormentas-y-rayos\/wp-json\/wp\/v2\/posts\/30821"}],"collection":[{"href":"https:\/\/blogs.diariosur.es\/tormentas-y-rayos\/wp-json\/wp\/v2\/posts"}],"about":[{"href":"https:\/\/blogs.diariosur.es\/tormentas-y-rayos\/wp-json\/wp\/v2\/types\/post"}],"author":[{"embeddable":true,"href":"https:\/\/blogs.diariosur.es\/tormentas-y-rayos\/wp-json\/wp\/v2\/users\/16"}],"replies":[{"embeddable":true,"href":"https:\/\/blogs.diariosur.es\/tormentas-y-rayos\/wp-json\/wp\/v2\/comments?post=30821"}],"version-history":[{"count":5,"href":"https:\/\/blogs.diariosur.es\/tormentas-y-rayos\/wp-json\/wp\/v2\/posts\/30821\/revisions"}],"predecessor-version":[{"id":30830,"href":"https:\/\/blogs.diariosur.es\/tormentas-y-rayos\/wp-json\/wp\/v2\/posts\/30821\/revisions\/30830"}],"wp:featuredmedia":[{"embeddable":true,"href":"https:\/\/blogs.diariosur.es\/tormentas-y-rayos\/wp-json\/wp\/v2\/media\/30827"}],"wp:attachment":[{"href":"https:\/\/blogs.diariosur.es\/tormentas-y-rayos\/wp-json\/wp\/v2\/media?parent=30821"}],"wp:term":[{"taxonomy":"category","embeddable":true,"href":"https:\/\/blogs.diariosur.es\/tormentas-y-rayos\/wp-json\/wp\/v2\/categories?post=30821"},{"taxonomy":"post_tag","embeddable":true,"href":"https:\/\/blogs.diariosur.es\/tormentas-y-rayos\/wp-json\/wp\/v2\/tags?post=30821"}],"curies":[{"name":"wp","href":"https:\/\/api.w.org\/{rel}","templated":true}]}}