{"id":30868,"date":"2021-08-26T12:04:25","date_gmt":"2021-08-26T10:04:25","guid":{"rendered":"https:\/\/blogs.diariosur.es\/tormentas-y-rayos\/?p=30868"},"modified":"2021-08-28T19:55:03","modified_gmt":"2021-08-28T17:55:03","slug":"el-terral-protagonista-el-sabado-aviso-amarillo-por-altas-temperaturas-en-malaga","status":"publish","type":"post","link":"https:\/\/blogs.diariosur.es\/tormentas-y-rayos\/2021\/08\/26\/el-terral-protagonista-el-sabado-aviso-amarillo-por-altas-temperaturas-en-malaga\/","title":{"rendered":"El terral protagonista el s\u00e1bado. Aviso amarillo por altas temperaturas en M\u00e1laga."},"content":{"rendered":"<p><a href=\"https:\/\/static-blogs.diariosur.es\/wp-content\/uploads\/sites\/12\/2021\/07\/14918998_10209205702198583_610172030922997961_o-e1627275993592.jpg\"><img loading=\"lazy\" class=\"aligncenter size-thumbnail wp-image-30441\" src=\"https:\/\/static-blogs.diariosur.es\/wp-content\/uploads\/sites\/12\/2021\/07\/14918998_10209205702198583_610172030922997961_o-150x150.jpg\" alt=\"\" width=\"150\" height=\"150\" \/><\/a><\/p>\n<p>Muy buenos d\u00edas de nuevo, amigos de la meteo. Se confirma el terral para el s\u00e1bado, en las zonas habituales de la provincia malague\u00f1a.<\/p>\n<p>La aemet activa el aviso amarillo por temperaturas de 38 grados en Sol, Guadalhorce y Axarqu\u00eda. En la zona del Rinc\u00f3n de la Victoria tambi\u00e9n hay probabilidad.<\/p>\n<p>&nbsp;<\/p>\n<p>&nbsp;<\/p>\n<p><a href=\"https:\/\/static-blogs.diariosur.es\/wp-content\/uploads\/sites\/12\/2021\/06\/pastedImage.png\"><img loading=\"lazy\" class=\"aligncenter size-full wp-image-30285\" src=\"https:\/\/static-blogs.diariosur.es\/wp-content\/uploads\/sites\/12\/2021\/06\/pastedImage.png\" alt=\"\" width=\"600\" height=\"437\" srcset=\"https:\/\/static-blogs.diariosur.es\/wp-content\/uploads\/sites\/12\/2021\/06\/pastedImage.png 600w, https:\/\/static-blogs.diariosur.es\/wp-content\/uploads\/sites\/12\/2021\/06\/pastedImage-549x400.png 549w\" sizes=\"(max-width: 600px) 100vw, 600px\" \/><\/a><\/p>\n","protected":false},"excerpt":{"rendered":"<p>Muy buenos d\u00edas de nuevo, amigos de la meteo. Se confirma el terral para el s\u00e1bado, en las zonas habituales de la provincia malague\u00f1a. La aemet activa el aviso amarillo por temperaturas de 38 grados en Sol, Guadalhorce y Axarqu\u00eda. En la zona del Rinc\u00f3n de la Victoria tambi\u00e9n hay probabilidad. &nbsp; &nbsp;<\/p>\n","protected":false},"author":16,"featured_media":30313,"comment_status":"open","ping_status":"open","sticky":false,"template":"","format":"standard","meta":[],"categories":[1],"tags":[81,94,1525,357,1358,877,945,961,975],"_links":{"self":[{"href":"https:\/\/blogs.diariosur.es\/tormentas-y-rayos\/wp-json\/wp\/v2\/posts\/30868"}],"collection":[{"href":"https:\/\/blogs.diariosur.es\/tormentas-y-rayos\/wp-json\/wp\/v2\/posts"}],"about":[{"href":"https:\/\/blogs.diariosur.es\/tormentas-y-rayos\/wp-json\/wp\/v2\/types\/post"}],"author":[{"embeddable":true,"href":"https:\/\/blogs.diariosur.es\/tormentas-y-rayos\/wp-json\/wp\/v2\/users\/16"}],"replies":[{"embeddable":true,"href":"https:\/\/blogs.diariosur.es\/tormentas-y-rayos\/wp-json\/wp\/v2\/comments?post=30868"}],"version-history":[{"count":3,"href":"https:\/\/blogs.diariosur.es\/tormentas-y-rayos\/wp-json\/wp\/v2\/posts\/30868\/revisions"}],"predecessor-version":[{"id":30887,"href":"https:\/\/blogs.diariosur.es\/tormentas-y-rayos\/wp-json\/wp\/v2\/posts\/30868\/revisions\/30887"}],"wp:featuredmedia":[{"embeddable":true,"href":"https:\/\/blogs.diariosur.es\/tormentas-y-rayos\/wp-json\/wp\/v2\/media\/30313"}],"wp:attachment":[{"href":"https:\/\/blogs.diariosur.es\/tormentas-y-rayos\/wp-json\/wp\/v2\/media?parent=30868"}],"wp:term":[{"taxonomy":"category","embeddable":true,"href":"https:\/\/blogs.diariosur.es\/tormentas-y-rayos\/wp-json\/wp\/v2\/categories?post=30868"},{"taxonomy":"post_tag","embeddable":true,"href":"https:\/\/blogs.diariosur.es\/tormentas-y-rayos\/wp-json\/wp\/v2\/tags?post=30868"}],"curies":[{"name":"wp","href":"https:\/\/api.w.org\/{rel}","templated":true}]}}